{"id":13587,"date":"2023-03-07T18:20:17","date_gmt":"2023-03-07T23:20:17","guid":{"rendered":"https:\/\/contrastes.com.co\/digital\/?p=13587"},"modified":"2023-03-14T12:33:34","modified_gmt":"2023-03-14T17:33:34","slug":"hospital-materno-infantil-capacita-a-su-personal-asistencial-en-atencion-clinica-y-protocolos-en-salud-publica","status":"publish","type":"post","link":"https:\/\/contrastes.com.co\/digital\/hospital-materno-infantil-capacita-a-su-personal-asistencial-en-atencion-clinica-y-protocolos-en-salud-publica\/","title":{"rendered":"Hospital Materno Infantil capacita a su personal asistencial en atenci\u00f3n cl\u00ednica y protocolos en salud p\u00fablica"},"content":{"rendered":"<p><strong>*Hospital Materno Infantil capacita a su personal asistencial en atenci\u00f3n cl\u00ednica y protocolos en salud p\u00fablica<\/strong><\/p>\n<blockquote><p><strong>\u00abEste primer ciclo, est\u00e1 dirigido a todo el recurso humano asistencial, m\u00e9dicos, enfermeras, trabajo social, terape\u00fatas, bacteriol\u00f3gos, odont\u00f3logos, entre otros\u00bb. As\u00ed lo indic\u00f3 Luis Carlos De Le\u00f3n Bernier, M\u00e9dico Coordinador de Salud P\u00fablica del Hospital Materno Infantil de Soledad.<\/strong><\/p><\/blockquote>\n<p><img loading=\"lazy\" decoding=\"async\" class=\"alignleft  wp-image-8524\" src=\"https:\/\/contrastes.com.co\/digital\/wp-content\/uploads\/2022\/03\/l-capitular.png\" alt=\"l capitular\" width=\"74\" height=\"74\" srcset=\"https:\/\/contrastes.com.co\/digital\/wp-content\/uploads\/2022\/03\/l-capitular.png 150w, https:\/\/contrastes.com.co\/digital\/wp-content\/uploads\/2022\/03\/l-capitular-60x60.png 60w\" sizes=\"auto, (max-width: 74px) 100vw, 74px\" \/>a <strong>E.S.E. Hospital Materno Infantil de Soledad<\/strong>, ha comenzado con el primer ciclo de capacitaci\u00f3n de gu\u00edas en la atenci\u00f3n cl\u00ednica y protocolos de los eventos de salud p\u00fablica, al personal asistencial, sobre tenas relacionados con tuberculosis, dengue y otras arbovirosis, s\u00edfilis gestacional y cong\u00e9nita, infecci\u00f3n por V.I.H SiDA, en poblaci\u00f3n general y gestantes.<\/p>\n<p>El objetivo es fortalecer la adherencia de gu\u00edas en la atenci\u00f3n, para hacer diagn\u00f3sticos oportunos y manejos inmediatos y adecuados, impactando en la reducci\u00f3n de tasas de morbimortalidad por \u00e9stas patolog\u00edas.<\/p>\n<p>\u00abEste primer ciclo, est\u00e1 dirigido a todo el recurso humano asistencial, m\u00e9dicos, enfermeras, trabajo social, terape\u00fatas, bacteriol\u00f3gos, odont\u00f3logos, entre otros\u00bb. As\u00ed lo indic\u00f3 <strong>Luis Carlos De Le\u00f3n Bernier, M\u00e9dico Coordinador de Salud P\u00fablica del Hospital Materno Infantil de Soledad.<\/strong><\/p>\n<p>La metodolog\u00eda aplicada en esta capacitaci\u00f3n, est\u00e1 enfocada en la presentaci\u00f3n esquematizada de gu\u00edas y presentaci\u00f3n de casos cl\u00ednicos de la instituci\u00f3n, para fortalecer los procesos de atenci\u00f3n para beneficio de toda la poblaci\u00f3n.<\/p>\n<p>Finalmente, el <strong>subgerente Cient\u00edfico del Hospital Materno Infantil de Soledad, \u00c1lex Pel\u00e1ez De la Hoz,<\/strong> se\u00f1al\u00f3 que este tipo de capacitaciones, busca fortalecer y aplicar de mejor manera el nuevo Modelo de Atenci\u00f3n contemplado\u00a0en\u00a0la\u00a03280.<\/p>\n","protected":false},"excerpt":{"rendered":"<p>La E.S.E. Hospital Materno Infantil de Soledad, ha comenzado con el primer ciclo de capacitaci\u00f3n de gu\u00edas en la atenci\u00f3n cl\u00ednica y protocolos de los eventos de salud p\u00fablica, al personal asistencial, sobre tenas relacionados con tuberculosis, dengue y otras arbovirosis, s\u00edfilis gestacional y cong\u00e9nita, infecci\u00f3n por V.I.H SiDA, en poblaci\u00f3n general y gestantes.<\/p>\n","protected":false},"author":1,"featured_media":13588,"comment_status":"open","ping_status":"open","sticky":false,"template":"","format":"standard","meta":{"footnotes":""},"categories":[2,268,4995],"tags":[9061,698,7907,9062,9063,9064,9065,9066,9060],"class_list":["post-13587","post","type-post","status-publish","format-standard","has-post-thumbnail","hentry","category-locales","category-salud","category-television-web","tag-alex-pelaez-de-la-hoz","tag-capacitacion","tag-e-s-e-hospital-materno-infantil-de-soledad","tag-luis-carlos-de-leon-bernier","tag-medico-coordinador-de-salud-publica-del-hospital-materno-infantil-de-soledad","tag-personal-asistencial","tag-personal-asistencial-en-atencion-clinica","tag-protocolos-en-salud-publica","tag-subgerente-cientifico-del-hospital-materno-infantil-de-soledad"],"_links":{"self":[{"href":"https:\/\/contrastes.com.co\/digital\/wp-json\/wp\/v2\/posts\/13587","targetHints":{"allow":["GET"]}}],"collection":[{"href":"https:\/\/contrastes.com.co\/digital\/wp-json\/wp\/v2\/posts"}],"about":[{"href":"https:\/\/contrastes.com.co\/digital\/wp-json\/wp\/v2\/types\/post"}],"author":[{"embeddable":true,"href":"https:\/\/contrastes.com.co\/digital\/wp-json\/wp\/v2\/users\/1"}],"replies":[{"embeddable":true,"href":"https:\/\/contrastes.com.co\/digital\/wp-json\/wp\/v2\/comments?post=13587"}],"version-history":[{"count":1,"href":"https:\/\/contrastes.com.co\/digital\/wp-json\/wp\/v2\/posts\/13587\/revisions"}],"predecessor-version":[{"id":13589,"href":"https:\/\/contrastes.com.co\/digital\/wp-json\/wp\/v2\/posts\/13587\/revisions\/13589"}],"wp:featuredmedia":[{"embeddable":true,"href":"https:\/\/contrastes.com.co\/digital\/wp-json\/wp\/v2\/media\/13588"}],"wp:attachment":[{"href":"https:\/\/contrastes.com.co\/digital\/wp-json\/wp\/v2\/media?parent=13587"}],"wp:term":[{"taxonomy":"category","embeddable":true,"href":"https:\/\/contrastes.com.co\/digital\/wp-json\/wp\/v2\/categories?post=13587"},{"taxonomy":"post_tag","embeddable":true,"href":"https:\/\/contrastes.com.co\/digital\/wp-json\/wp\/v2\/tags?post=13587"}],"curies":[{"name":"wp","href":"https:\/\/api.w.org\/{rel}","templated":true}]}}