{"id":13593,"date":"2023-03-10T10:52:33","date_gmt":"2023-03-10T15:52:33","guid":{"rendered":"https:\/\/contrastes.com.co\/digital\/?p=13593"},"modified":"2023-03-14T13:04:32","modified_gmt":"2023-03-14T18:04:32","slug":"gran-jornada-de-salud-y-capacitacion-en-el-barrio-villa-merly-de-soledad","status":"publish","type":"post","link":"https:\/\/contrastes.com.co\/digital\/gran-jornada-de-salud-y-capacitacion-en-el-barrio-villa-merly-de-soledad\/","title":{"rendered":"Gran Jornada de Salud y Capacitaci\u00f3n en el barrio Villa Merly de Soledad"},"content":{"rendered":"<p><strong>*Gran Jornada de Salud y Capacitaci\u00f3n en el barrio Villa Merly de Soledad<\/strong><\/p>\n<blockquote><p><strong>La oferta institucional en Salud de la Alcald\u00eda de Soledad, consisti\u00f3 en vacunaci\u00f3n infantil, Covid-19 y de mascotas, capacitaci\u00f3n integral a la poblaci\u00f3n, limpieza y recolecci\u00f3n de inservibles, entrega de kits de aseo a adultos y escolares, fumigaci\u00f3n, as\u00ed como la entrega de toldos para minimizar el impacto y propagaci\u00f3n del dengue, entre otras soluciones.<\/strong><\/p><\/blockquote>\n<p><img loading=\"lazy\" decoding=\"async\" class=\"alignleft  wp-image-8518\" src=\"https:\/\/contrastes.com.co\/digital\/wp-content\/uploads\/2022\/03\/c-capitular.png\" alt=\"c capitular\" width=\"64\" height=\"64\" srcset=\"https:\/\/contrastes.com.co\/digital\/wp-content\/uploads\/2022\/03\/c-capitular.png 150w, https:\/\/contrastes.com.co\/digital\/wp-content\/uploads\/2022\/03\/c-capitular-60x60.png 60w\" sizes=\"auto, (max-width: 64px) 100vw, 64px\" \/>on una concurrida asistencia de los moradores del <strong>barrio Villa Merly<\/strong> y sectores aleda\u00f1os del municipio de Soledad, se desarroll\u00f3 la Jornada de Salud y capacitaci\u00f3n de la <strong>Secretaria de Salud, la Oficina de Salud P\u00fablica y el Hospital Materno Infantil de Soledad a trav\u00e9s del Plan de Intervenciones Colectivas PIC.<\/strong><\/p>\n<p>Cientos de personas se hicieron presente para acceder a la oferta institucional en Salud de la Alcald\u00eda de Soledad, recibiendo los servicios de vacunaci\u00f3n infantil, vacunaci\u00f3n Covid-19, vacunaci\u00f3n de mascotas, capacitaci\u00f3n integral a la poblaci\u00f3n, limpieza y recolecci\u00f3n de inservibles en las viviendas de este barrio, entrega de kits de aseo para los adultos y escolares para los ni\u00f1os, fumigaci\u00f3n en las inmediaciones del Arroyo Villegas, entrega de toldos para minimizar el impacto y propagaci\u00f3n del dengue, entre otras soluciones suministradas a los habitantes de este importante sector de la municipalidad.<\/p>\n<p>La <strong>Jefe de Salud P\u00fablica, Sindy Mej\u00eda D\u00edaz<\/strong>, manifest\u00f3 lo importante que resulta llegar a todos los rincones del municipio y brindar a sus habitantes soluciones de este tipo, que mejoran si duda alguna sus condiciones de vida.<\/p>\n<p>Por su parte la <strong>coordinadora del Plan de Intervenciones Colectivas PIC del Hospital Materno Infantil de Soledad, Jalicsa Arrieta<\/strong>, fue enf\u00e1tica en reiterar el compromiso que tiene la entidad de acompa\u00f1ar el desarrollo de estas actividades y se\u00f1al\u00f3 que la E.S.E. para la vigencia 2023 dentro de su Plan de Acci\u00f3n contempla, orientar a la ciudadan\u00eda con capacitaciones, l\u00fadica y entrega de herramientas did\u00e1cticas, que logren impactar de manera positiva a todos los habitantes del municipio de Soledad.<\/p>\n<p>Finalmente, la <strong>presidenta de la Nueva Junta de Acci\u00f3n Comunal del barrio Villa Merly, Ruth Rib\u00f3n<\/strong>, mostr\u00f3 su agradecimiento a la administraci\u00f3n municipal del <strong>Gran Pact\u00f3 Social por Soledad, Secretaria de Salud, Salud P\u00fablica y el Hospital Materno Infantil,<\/strong> por tener en cuenta a su sector y brindar este tipo de actividades a sus habitantes, quienes tambi\u00e9n agradecieron la realizaci\u00f3n de esta importante jornada integral\u00a0de\u00a0salud.<\/p>\n","protected":false},"excerpt":{"rendered":"<p>Con una concurrida asistencia de los moradores del barrio Villa Merly y sectores aleda\u00f1os del municipio de Soledad, se desarroll\u00f3 la Jornada de Salud y capacitaci\u00f3n de la Secretaria de Salud, la Oficina de Salud P\u00fablica y el Hospital Materno Infantil de Soledad a trav\u00e9s del Plan de Intervenciones Colectivas PIC.<\/p>\n","protected":false},"author":1,"featured_media":13594,"comment_status":"open","ping_status":"open","sticky":false,"template":"","format":"standard","meta":{"footnotes":""},"categories":[756,2,268,4995],"tags":[35,9068,9072,431,9073,4155,9069,9070,38,9056,4785,9071,1766,9055],"class_list":["post-13593","post","type-post","status-publish","format-standard","has-post-thumbnail","hentry","category-comunidad","category-locales","category-salud","category-television-web","tag-alcaldia-de-soledad","tag-barrio-villa-merly","tag-coordinadora-del-plan-de-intervenciones-colectivas-pic-del-hospital-materno-infantil-de-soledad","tag-hospital-materno-infantil-de-soledad","tag-jalicsa-arrieta","tag-jefe-de-salud-publica","tag-jornada-de-salud-y-capacitacion","tag-junta-de-accion-comunal-del-barrio-villa-merly","tag-municipio-de-soledad","tag-oficina-de-salud-publica","tag-plan-de-intervenciones-colectivas-pic","tag-ruth-ribon","tag-secretaria-de-salud","tag-sindy-mejia-diaz"],"_links":{"self":[{"href":"https:\/\/contrastes.com.co\/digital\/wp-json\/wp\/v2\/posts\/13593","targetHints":{"allow":["GET"]}}],"collection":[{"href":"https:\/\/contrastes.com.co\/digital\/wp-json\/wp\/v2\/posts"}],"about":[{"href":"https:\/\/contrastes.com.co\/digital\/wp-json\/wp\/v2\/types\/post"}],"author":[{"embeddable":true,"href":"https:\/\/contrastes.com.co\/digital\/wp-json\/wp\/v2\/users\/1"}],"replies":[{"embeddable":true,"href":"https:\/\/contrastes.com.co\/digital\/wp-json\/wp\/v2\/comments?post=13593"}],"version-history":[{"count":1,"href":"https:\/\/contrastes.com.co\/digital\/wp-json\/wp\/v2\/posts\/13593\/revisions"}],"predecessor-version":[{"id":13595,"href":"https:\/\/contrastes.com.co\/digital\/wp-json\/wp\/v2\/posts\/13593\/revisions\/13595"}],"wp:featuredmedia":[{"embeddable":true,"href":"https:\/\/contrastes.com.co\/digital\/wp-json\/wp\/v2\/media\/13594"}],"wp:attachment":[{"href":"https:\/\/contrastes.com.co\/digital\/wp-json\/wp\/v2\/media?parent=13593"}],"wp:term":[{"taxonomy":"category","embeddable":true,"href":"https:\/\/contrastes.com.co\/digital\/wp-json\/wp\/v2\/categories?post=13593"},{"taxonomy":"post_tag","embeddable":true,"href":"https:\/\/contrastes.com.co\/digital\/wp-json\/wp\/v2\/tags?post=13593"}],"curies":[{"name":"wp","href":"https:\/\/api.w.org\/{rel}","templated":true}]}}