{"id":13629,"date":"2023-03-15T20:42:25","date_gmt":"2023-03-16T01:42:25","guid":{"rendered":"https:\/\/contrastes.com.co\/digital\/?p=13629"},"modified":"2023-03-15T20:42:25","modified_gmt":"2023-03-16T01:42:25","slug":"hernan-dario-bolillo-gomez-tuvo-su-primer-entrenamiento-con-junior","status":"publish","type":"post","link":"https:\/\/contrastes.com.co\/digital\/hernan-dario-bolillo-gomez-tuvo-su-primer-entrenamiento-con-junior\/","title":{"rendered":"Hern\u00e1n Dar\u00edo &#8216;Bolillo&#8217; G\u00f3mez tuvo su primer entrenamiento con Junior"},"content":{"rendered":"<p><strong>*Hern\u00e1n Dar\u00edo &#8216;Bolillo&#8217; G\u00f3mez tuvo su primer entrenamiento con Junior<\/strong><\/p>\n<blockquote><p><strong>En el encuentro con los jugadores, el entrenador destac\u00f3 su manera de trabajar y mencion\u00f3 que est\u00e1 pensando en refuerzos para la ventana que se abrir\u00e1 en marzo<\/strong><\/p><\/blockquote>\n<p><img loading=\"lazy\" decoding=\"async\" class=\"alignleft  wp-image-8529\" src=\"https:\/\/contrastes.com.co\/digital\/wp-content\/uploads\/2022\/03\/e-capitular.png\" alt=\"e capitular\" width=\"59\" height=\"59\" srcset=\"https:\/\/contrastes.com.co\/digital\/wp-content\/uploads\/2022\/03\/e-capitular.png 150w, https:\/\/contrastes.com.co\/digital\/wp-content\/uploads\/2022\/03\/e-capitular-60x60.png 60w\" sizes=\"auto, (max-width: 59px) 100vw, 59px\" \/><strong>l entrenador, Hern\u00e1n Dar\u00edo &#8216;Bolillo&#8217; G\u00f3mez,<\/strong> se present\u00f3 con su equipo de asistentes en su primer entrenamiento con el equipo Junior. En el encuentro con los jugadores, el exfutbolista y director t\u00e9cnico colombiano destac\u00f3 su manera de trabajar y mencion\u00f3 que est\u00e1 pensando en refuerzos para la ventana que se abrir\u00e1 en marzo.<\/p>\n<p>&#8216;Bolillo&#8217; tambi\u00e9n destac\u00f3 que probablemente el equipo no cambie mucho en el pr\u00f3ximo partido contra Santa Fe, su primer rival.<\/p>\n<p>Adem\u00e1s, indic\u00f3 que los jugadores le han expresado su preocupaci\u00f3n por los malos resultados y prometi\u00f3 trabajar en mejorar el equipo. Tambi\u00e9n defendi\u00f3 su designaci\u00f3n como t\u00e9cnico de Junior y anunci\u00f3 que en esta nueva etapa apostar\u00e1 por un f\u00fatbol de elaboraci\u00f3n.<\/p>\n<p>Cabe se\u00f1alar que G\u00f3mez, de 67 a\u00f1os de edad y oriundo de Medell\u00edn, es en la actualidad el quinto entrenador con m\u00e1s partidos dirigidos en selecciones, con un total de 244 encuentros, luego de superar al alem\u00e1n Berti Vogts, quien dirigi\u00f3 en 230 oportunidades.<\/p>\n","protected":false},"excerpt":{"rendered":"<p>El entrenador Hern\u00e1n Dar\u00edo &#8216;Bolillo&#8217; G\u00f3mez se present\u00f3 con su equipo de asistentes en su primer entrenamiento con el equipo Junior. En el encuentro con los jugadores, el exfutbolista y director t\u00e9cnico colombiano destac\u00f3 su manera de trabajar y mencion\u00f3 que est\u00e1 pensando en refuerzos para la ventana que se abrir\u00e1 en marzo.<\/p>\n","protected":false},"author":1,"featured_media":13630,"comment_status":"open","ping_status":"open","sticky":false,"template":"","format":"standard","meta":{"footnotes":""},"categories":[8,5045,2,4,6],"tags":[9098,9097,9096,1215],"class_list":["post-13629","post","type-post","status-publish","format-standard","has-post-thumbnail","hentry","category-deportes","category-futbol","category-locales","category-pais","category-region","tag-director-tecnico","tag-entrenador","tag-hernan-dario-bolillo-gomez","tag-junior-de-barranquilla"],"_links":{"self":[{"href":"https:\/\/contrastes.com.co\/digital\/wp-json\/wp\/v2\/posts\/13629","targetHints":{"allow":["GET"]}}],"collection":[{"href":"https:\/\/contrastes.com.co\/digital\/wp-json\/wp\/v2\/posts"}],"about":[{"href":"https:\/\/contrastes.com.co\/digital\/wp-json\/wp\/v2\/types\/post"}],"author":[{"embeddable":true,"href":"https:\/\/contrastes.com.co\/digital\/wp-json\/wp\/v2\/users\/1"}],"replies":[{"embeddable":true,"href":"https:\/\/contrastes.com.co\/digital\/wp-json\/wp\/v2\/comments?post=13629"}],"version-history":[{"count":1,"href":"https:\/\/contrastes.com.co\/digital\/wp-json\/wp\/v2\/posts\/13629\/revisions"}],"predecessor-version":[{"id":13631,"href":"https:\/\/contrastes.com.co\/digital\/wp-json\/wp\/v2\/posts\/13629\/revisions\/13631"}],"wp:featuredmedia":[{"embeddable":true,"href":"https:\/\/contrastes.com.co\/digital\/wp-json\/wp\/v2\/media\/13630"}],"wp:attachment":[{"href":"https:\/\/contrastes.com.co\/digital\/wp-json\/wp\/v2\/media?parent=13629"}],"wp:term":[{"taxonomy":"category","embeddable":true,"href":"https:\/\/contrastes.com.co\/digital\/wp-json\/wp\/v2\/categories?post=13629"},{"taxonomy":"post_tag","embeddable":true,"href":"https:\/\/contrastes.com.co\/digital\/wp-json\/wp\/v2\/tags?post=13629"}],"curies":[{"name":"wp","href":"https:\/\/api.w.org\/{rel}","templated":true}]}}