{"id":13672,"date":"2023-03-22T16:25:12","date_gmt":"2023-03-22T21:25:12","guid":{"rendered":"https:\/\/contrastes.com.co\/digital\/?p=13672"},"modified":"2023-03-22T16:25:12","modified_gmt":"2023-03-22T21:25:12","slug":"aplazada-marcha-en-soledad","status":"publish","type":"post","link":"https:\/\/contrastes.com.co\/digital\/aplazada-marcha-en-soledad\/","title":{"rendered":"Aplazada marcha en Soledad"},"content":{"rendered":"<p><strong>*Aplazada marcha por la paz en el municipio de Soledad <\/strong><\/p>\n<blockquote><p><strong>En su lugar se realizar\u00e1 Comit\u00e9 Civil de Convivencia<\/strong><\/p><\/blockquote>\n<p><img loading=\"lazy\" decoding=\"async\" class=\"alignleft  wp-image-8683\" src=\"https:\/\/contrastes.com.co\/digital\/wp-content\/uploads\/2022\/03\/a-capitular.png\" alt=\"a capitular\" width=\"74\" height=\"74\" srcset=\"https:\/\/contrastes.com.co\/digital\/wp-content\/uploads\/2022\/03\/a-capitular.png 100w, https:\/\/contrastes.com.co\/digital\/wp-content\/uploads\/2022\/03\/a-capitular-60x60.png 60w\" sizes=\"auto, (max-width: 74px) 100vw, 74px\" \/>nte la solicitud de un importante sector de l\u00edderes comunales de Soledad, la administraci\u00f3n municipal aplaz\u00f3 la marcha pac\u00edfica convocada para ma\u00f1ana, jueves 23 de marzo con el objeto de protestar contra los actos delincuenciales acaecidos en los \u00faltimos d\u00edas en el municipio de Soledad.<\/p>\n<p>En tal sentido, el <strong>secretario de Gobierno de Soledad, Samir Serret Brango<\/strong>, indic\u00f3 que se atendi\u00f3 la propuesta de los ciudadanos y previamente se convoc\u00f3 un <strong>Comit\u00e9 Civil de Convivencia<\/strong> en donde se abordar\u00e1n temas de inter\u00e9s para la seguridad de los habitantes del municipio.<\/p>\n<p>Dicho Comit\u00e9 se desarrollar\u00e1 el viernes, 24 de marzo, a partir de las 2 de la tarde en la Escuela de Polic\u00eda Antonio Nari\u00f1o, ubicada en la avenida Circunvalar.<\/p>\n<p>&nbsp;<\/p>\n","protected":false},"excerpt":{"rendered":"<p>Ante la solicitud de un importante sector de l\u00edderes comunales de Soledad, la administraci\u00f3n municipal aplaz\u00f3 la marcha pac\u00edfica convocada para ma\u00f1ana, jueves 23 de marzo con el objeto de protestar contra los actos delincuenciales acaecidos en los \u00faltimos d\u00edas en el municipio de Soledad.<\/p>\n","protected":false},"author":1,"featured_media":13673,"comment_status":"open","ping_status":"open","sticky":false,"template":"","format":"standard","meta":{"footnotes":""},"categories":[2],"tags":[35,9131,7135,38,3927,6056],"class_list":["post-13672","post","type-post","status-publish","format-standard","has-post-thumbnail","hentry","category-locales","tag-alcaldia-de-soledad","tag-comite-civil-de-convivencia","tag-marcha-pacifica","tag-municipio-de-soledad","tag-samit-serret-brango","tag-secretario-de-gobierno-de-la-alcaldia-de-soledad"],"_links":{"self":[{"href":"https:\/\/contrastes.com.co\/digital\/wp-json\/wp\/v2\/posts\/13672","targetHints":{"allow":["GET"]}}],"collection":[{"href":"https:\/\/contrastes.com.co\/digital\/wp-json\/wp\/v2\/posts"}],"about":[{"href":"https:\/\/contrastes.com.co\/digital\/wp-json\/wp\/v2\/types\/post"}],"author":[{"embeddable":true,"href":"https:\/\/contrastes.com.co\/digital\/wp-json\/wp\/v2\/users\/1"}],"replies":[{"embeddable":true,"href":"https:\/\/contrastes.com.co\/digital\/wp-json\/wp\/v2\/comments?post=13672"}],"version-history":[{"count":1,"href":"https:\/\/contrastes.com.co\/digital\/wp-json\/wp\/v2\/posts\/13672\/revisions"}],"predecessor-version":[{"id":13674,"href":"https:\/\/contrastes.com.co\/digital\/wp-json\/wp\/v2\/posts\/13672\/revisions\/13674"}],"wp:featuredmedia":[{"embeddable":true,"href":"https:\/\/contrastes.com.co\/digital\/wp-json\/wp\/v2\/media\/13673"}],"wp:attachment":[{"href":"https:\/\/contrastes.com.co\/digital\/wp-json\/wp\/v2\/media?parent=13672"}],"wp:term":[{"taxonomy":"category","embeddable":true,"href":"https:\/\/contrastes.com.co\/digital\/wp-json\/wp\/v2\/categories?post=13672"},{"taxonomy":"post_tag","embeddable":true,"href":"https:\/\/contrastes.com.co\/digital\/wp-json\/wp\/v2\/tags?post=13672"}],"curies":[{"name":"wp","href":"https:\/\/api.w.org\/{rel}","templated":true}]}}