{"id":13691,"date":"2023-03-22T18:12:26","date_gmt":"2023-03-22T23:12:26","guid":{"rendered":"https:\/\/contrastes.com.co\/digital\/?p=13691"},"modified":"2023-03-22T18:13:35","modified_gmt":"2023-03-22T23:13:35","slug":"los-finalistas-de-la-convocatoria-de-exposicion-de-fotografia-vidaaa-de-triple-a","status":"publish","type":"post","link":"https:\/\/contrastes.com.co\/digital\/los-finalistas-de-la-convocatoria-de-exposicion-de-fotografia-vidaaa-de-triple-a\/","title":{"rendered":"Los finalistas de la convocatoria de exposici\u00f3n de fotograf\u00eda VIDAAA de Triple A"},"content":{"rendered":"<p><strong>*Los finalistas de la convocatoria de exposici\u00f3n de fotograf\u00eda VIDAAA de Triple A <\/strong><\/p>\n<blockquote><p><strong>Las fotograf\u00edas finalistas ser\u00e1n expuestas a partir de ma\u00f1ana 22 de marzo en la galer\u00eda del Centro Comercial Buenavista hasta el 31 de marzo<\/strong><\/p><\/blockquote>\n<p><img loading=\"lazy\" decoding=\"async\" class=\"alignleft wp-image-8529\" src=\"https:\/\/contrastes.com.co\/digital\/wp-content\/uploads\/2022\/03\/e-capitular.png\" alt=\"e capitular\" width=\"73\" height=\"73\" srcset=\"https:\/\/contrastes.com.co\/digital\/wp-content\/uploads\/2022\/03\/e-capitular.png 150w, https:\/\/contrastes.com.co\/digital\/wp-content\/uploads\/2022\/03\/e-capitular-60x60.png 60w\" sizes=\"auto, (max-width: 73px) 100vw, 73px\" \/><strong>stos son los finalistas de la convocatoria de exposici\u00f3n de fotograf\u00eda VIDAAA de Triple A en el marco de la celebraci\u00f3n del D\u00eda Mundial del Agua<\/strong>. La convocatoria cont\u00f3 con la participaci\u00f3n de m\u00e1s de 100 fot\u00f3grafos en las categor\u00edas profesional y aficionado, quienes retrataron a trav\u00e9s de la c\u00e1mara im\u00e1genes relacionadas con la tem\u00e1tica del agua, su cuidado, la vida y el medio ambiente.<\/p>\n<p>En total se escogieron 10 finalistas, 5 por cada categor\u00eda, los cuales fueron seleccionados teniendo en cuenta la creatividad de las im\u00e1genes y los elementos en estas que reflejar\u00e1n la vida. Las fotograf\u00edas finalistas ser\u00e1n expuestas a partir de ma\u00f1ana 22 de marzo en la galer\u00eda del Centro Comercial Buenavista hasta el 31 de marzo, fecha en la cual ser\u00e1n seleccionados los ganadores de ambas categor\u00edas por un jurado de expertos compuesto por Alix Castro, directora de la Fundaci\u00f3n Triple A y Alex Riquett, profesor de fotograf\u00eda y artista. Los ganadores recibir\u00e1n un reconocimiento y un computador port\u00e1til por parte de la empresa.<\/p>\n<p><img loading=\"lazy\" decoding=\"async\" class=\"size-full wp-image-13693 aligncenter\" src=\"https:\/\/contrastes.com.co\/digital\/wp-content\/uploads\/2023\/03\/fotoganadora1AAA.jpg\" alt=\"ganadoraAAA123\" width=\"1200\" height=\"783\" srcset=\"https:\/\/contrastes.com.co\/digital\/wp-content\/uploads\/2023\/03\/fotoganadora1AAA.jpg 1200w, https:\/\/contrastes.com.co\/digital\/wp-content\/uploads\/2023\/03\/fotoganadora1AAA-300x196.jpg 300w, https:\/\/contrastes.com.co\/digital\/wp-content\/uploads\/2023\/03\/fotoganadora1AAA-1024x668.jpg 1024w, https:\/\/contrastes.com.co\/digital\/wp-content\/uploads\/2023\/03\/fotoganadora1AAA-768x501.jpg 768w\" sizes=\"auto, (max-width: 1200px) 100vw, 1200px\" \/><\/p>\n<h3>Estos son los finalistas por cada categor\u00eda:<\/h3>\n<p><strong>Aficionados:<\/strong> Dairis Mar\u00eda Camargo Sierra, Armando Rafael Bayuelo Galeano, Aldemar Villar<br \/>\nBarrios, Viviana Mancera Carvajal y Edgar Andr\u00e9s Morales Cantillo.<\/p>\n<p><strong>Profesionales:<\/strong> Jos\u00e9 Santiago Blanco Dur\u00e1n, Daniel Thomas Gom\u00e9z, Deivis Ismael Bonilla Carre\u00f1o, Gabriel Enrique S\u00e1nchez Puentes y Orlando Enrique Amador Rosales.<\/p>\n<p>Celebrar el agua es celebrar la vida, por medio de estas fotograf\u00edas la empresa busca resaltar la importancia de este recurso en nuestro d\u00eda a d\u00eda. Triple A agradece a todos los a los artistas que participaron de esta convocatoria y que por medio de su lente inmortalizaron momentos en los que el agua cobra vida y nos brinda bienestar.<\/p>\n","protected":false},"excerpt":{"rendered":"<p>Estos son los finalistas de la convocatoria de exposici\u00f3n de fotograf\u00eda VIDAAA de Triple A en el marco de la celebraci\u00f3n del D\u00eda Mundial del Agua. La convocatoria cont\u00f3 con la participaci\u00f3n de m\u00e1s de 100 fot\u00f3grafos en las categor\u00edas profesional y aficionado, quienes retrataron a trav\u00e9s de la c\u00e1mara im\u00e1genes relacionadas con la tem\u00e1tica del agua, su cuidado, la vida y el medio ambiente.<\/p>\n","protected":false},"author":1,"featured_media":13692,"comment_status":"open","ping_status":"open","sticky":false,"template":"","format":"standard","meta":{"footnotes":""},"categories":[2823,2707,2,6,2065],"tags":[9138,933,2298,9137,1832],"class_list":["post-13691","post","type-post","status-publish","format-standard","has-post-thumbnail","hentry","category-convocatorias","category-exposiciones","category-locales","category-region","category-servicios-publicos","tag-celebracion-del-dia-mundial-del-agua","tag-convocatoria","tag-exposicion","tag-fotografia-vidaaa","tag-triple-a"],"_links":{"self":[{"href":"https:\/\/contrastes.com.co\/digital\/wp-json\/wp\/v2\/posts\/13691","targetHints":{"allow":["GET"]}}],"collection":[{"href":"https:\/\/contrastes.com.co\/digital\/wp-json\/wp\/v2\/posts"}],"about":[{"href":"https:\/\/contrastes.com.co\/digital\/wp-json\/wp\/v2\/types\/post"}],"author":[{"embeddable":true,"href":"https:\/\/contrastes.com.co\/digital\/wp-json\/wp\/v2\/users\/1"}],"replies":[{"embeddable":true,"href":"https:\/\/contrastes.com.co\/digital\/wp-json\/wp\/v2\/comments?post=13691"}],"version-history":[{"count":1,"href":"https:\/\/contrastes.com.co\/digital\/wp-json\/wp\/v2\/posts\/13691\/revisions"}],"predecessor-version":[{"id":13694,"href":"https:\/\/contrastes.com.co\/digital\/wp-json\/wp\/v2\/posts\/13691\/revisions\/13694"}],"wp:featuredmedia":[{"embeddable":true,"href":"https:\/\/contrastes.com.co\/digital\/wp-json\/wp\/v2\/media\/13692"}],"wp:attachment":[{"href":"https:\/\/contrastes.com.co\/digital\/wp-json\/wp\/v2\/media?parent=13691"}],"wp:term":[{"taxonomy":"category","embeddable":true,"href":"https:\/\/contrastes.com.co\/digital\/wp-json\/wp\/v2\/categories?post=13691"},{"taxonomy":"post_tag","embeddable":true,"href":"https:\/\/contrastes.com.co\/digital\/wp-json\/wp\/v2\/tags?post=13691"}],"curies":[{"name":"wp","href":"https:\/\/api.w.org\/{rel}","templated":true}]}}