{"id":13858,"date":"2023-04-13T11:52:42","date_gmt":"2023-04-13T16:52:42","guid":{"rendered":"https:\/\/contrastes.com.co\/digital\/?p=13858"},"modified":"2023-04-13T11:52:42","modified_gmt":"2023-04-13T16:52:42","slug":"alcaldia-de-soledad-acompana-a-jovenes-del-programa-toderos","status":"publish","type":"post","link":"https:\/\/contrastes.com.co\/digital\/alcaldia-de-soledad-acompana-a-jovenes-del-programa-toderos\/","title":{"rendered":"Alcald\u00eda de Soledad acompa\u00f1a a j\u00f3venes del programa Toderos"},"content":{"rendered":"<p><strong>*Alcald\u00eda de Soledad acompa\u00f1a a j\u00f3venes del programa Toderos<\/strong><\/p>\n<blockquote><p><strong>\u201cEste tipo de programas, que benefician enormemente a los j\u00f3venes de la municipalidad, hacen parte de los compromisos adquiridos por la Alcald\u00eda de Soledad a trav\u00e9s de la secretaria de Gobierno, en coordinaci\u00f3n con la Alta Consejer\u00eda para la Convivencia de la Gobernaci\u00f3n del Atl\u00e1ntico\u201d.<\/strong><\/p><\/blockquote>\n<p><img loading=\"lazy\" decoding=\"async\" class=\"alignleft  wp-image-8524\" src=\"https:\/\/contrastes.com.co\/digital\/wp-content\/uploads\/2022\/03\/l-capitular.png\" alt=\"l capitular\" width=\"57\" height=\"57\" srcset=\"https:\/\/contrastes.com.co\/digital\/wp-content\/uploads\/2022\/03\/l-capitular.png 150w, https:\/\/contrastes.com.co\/digital\/wp-content\/uploads\/2022\/03\/l-capitular-60x60.png 60w\" sizes=\"auto, (max-width: 57px) 100vw, 57px\" \/>a <strong>alcald\u00eda de Soledad<\/strong> brind\u00f3 total apoyo y acompa\u00f1amiento a los j\u00f3venes solede\u00f1os que participan en el <strong>programa Toderos<\/strong>; una iniciativa lanzada este mi\u00e9rcoles por la <strong>Gobernaci\u00f3n del Atl\u00e1ntico<\/strong> y cuya finalidad es la de capacitar, durante este a\u00f1o 2023, al menos a 155 j\u00f3venes de Barranquilla, Soledad y Malambo, cuyas edades oscilan entre los 18 y los 28 a\u00f1os.<\/p>\n<p>Los j\u00f3venes recibir\u00e1n una completa formaci\u00f3n en oficios tales como metalister\u00eda, pinturas y acabados, \u00e1reas en las cuales podr\u00e1n iniciar emprendimientos, al tiempo que fortalecer\u00e1n sus competencias laborales, desarrollando de esta manera un sostenible proyecto de vida.<\/p>\n<p>Adem\u00e1s, los j\u00f3venes beneficiados recibir\u00e1n charlas orientadoras acerca de la formaci\u00f3n del ser, encaminadas a mejorar su desarrollo emocional, social y personal mediante una metodolog\u00eda din\u00e1mica y l\u00fadica, plena de t\u00e9cnicas innovadoras.<\/p>\n<p>Cabe se\u00f1alar que en el evento de lanzamiento del Programa \u201cToderos\u201d participaron muchos de los j\u00f3venes que lo conforman como poblaci\u00f3n objeto, y dentro de ellos resalt\u00f3 la presencia oficial de la Alcald\u00eda de Soledad que, a trav\u00e9s de la secretaria de Gobierno, fue la \u00fanica entidad territorial en brindarle acompa\u00f1amiento a los j\u00f3venes del Departamento que fueron seleccionados para participar en este programa, en especial a los del municipio de Soledad.<\/p>\n<p>\u00abA trav\u00e9s de gestiones se pudo coordinar con la empresa privada la consecuci\u00f3n de transporte a los j\u00f3venes del municipio de Soledad, de manera que pudi\u00e9semos llevarlos al evento desarrollado en las instalaciones de la Gobernaci\u00f3n del Atl\u00e1ntico y traerlos de vuelta. Gracias a la empresa<strong> Alianza Sodis y Transmecar<\/strong> por el apoyo\u00bb, precis\u00f3 el <strong>secretario de Gobierno de Soledad, Samir Serret Branco.<\/strong><\/p>\n<p>El funcionario subray\u00f3 adem\u00e1s que \u201ceste tipo de programas, que benefician enormemente a los j\u00f3venes de la municipalidad, hacen parte de los compromisos adquiridos por la Alcald\u00eda de Soledad a trav\u00e9s de la secretaria de Gobierno, en coordinaci\u00f3n con la <strong>Alta Consejer\u00eda para la Convivencia de la Gobernaci\u00f3n del Atl\u00e1ntico<\/strong>\u201d.<\/p>\n","protected":false},"excerpt":{"rendered":"<p>La alcald\u00eda de Soledad brind\u00f3 total apoyo y acompa\u00f1amiento a los j\u00f3venes solede\u00f1os que participan en el programa Toderos; una iniciativa lanzada este mi\u00e9rcoles por la Gobernaci\u00f3n del Atl\u00e1ntico y cuya finalidad es la de capacitar, durante este a\u00f1o 2023, al menos a 155 j\u00f3venes de Barranquilla, Soledad y Malambo, cuyas edades oscilan entre los 18 y los 28 a\u00f1os.<\/p>\n","protected":false},"author":1,"featured_media":13859,"comment_status":"open","ping_status":"open","sticky":false,"template":"","format":"standard","meta":{"footnotes":""},"categories":[3834,1004,2],"tags":[35,9260,9263,30,9262,9261,989,5500],"class_list":["post-13858","post","type-post","status-publish","format-standard","has-post-thumbnail","hentry","category-cursos-y-capacitaciones","category-juventud","category-locales","tag-alcaldia-de-soledad","tag-alianza-sodis","tag-alta-consejeria-para-la-convivencia","tag-gobernacion-del-atlantico","tag-programa-toderos","tag-samir-serret-branco","tag-secretario-de-gobierno-de-soledad","tag-transmecar"],"_links":{"self":[{"href":"https:\/\/contrastes.com.co\/digital\/wp-json\/wp\/v2\/posts\/13858","targetHints":{"allow":["GET"]}}],"collection":[{"href":"https:\/\/contrastes.com.co\/digital\/wp-json\/wp\/v2\/posts"}],"about":[{"href":"https:\/\/contrastes.com.co\/digital\/wp-json\/wp\/v2\/types\/post"}],"author":[{"embeddable":true,"href":"https:\/\/contrastes.com.co\/digital\/wp-json\/wp\/v2\/users\/1"}],"replies":[{"embeddable":true,"href":"https:\/\/contrastes.com.co\/digital\/wp-json\/wp\/v2\/comments?post=13858"}],"version-history":[{"count":1,"href":"https:\/\/contrastes.com.co\/digital\/wp-json\/wp\/v2\/posts\/13858\/revisions"}],"predecessor-version":[{"id":13860,"href":"https:\/\/contrastes.com.co\/digital\/wp-json\/wp\/v2\/posts\/13858\/revisions\/13860"}],"wp:featuredmedia":[{"embeddable":true,"href":"https:\/\/contrastes.com.co\/digital\/wp-json\/wp\/v2\/media\/13859"}],"wp:attachment":[{"href":"https:\/\/contrastes.com.co\/digital\/wp-json\/wp\/v2\/media?parent=13858"}],"wp:term":[{"taxonomy":"category","embeddable":true,"href":"https:\/\/contrastes.com.co\/digital\/wp-json\/wp\/v2\/categories?post=13858"},{"taxonomy":"post_tag","embeddable":true,"href":"https:\/\/contrastes.com.co\/digital\/wp-json\/wp\/v2\/tags?post=13858"}],"curies":[{"name":"wp","href":"https:\/\/api.w.org\/{rel}","templated":true}]}}