{"id":13884,"date":"2023-04-19T13:17:24","date_gmt":"2023-04-19T18:17:24","guid":{"rendered":"https:\/\/contrastes.com.co\/digital\/?p=13884"},"modified":"2023-04-20T16:01:19","modified_gmt":"2023-04-20T21:01:19","slug":"soledad-se-vincula-a-la-segunda-jornada-nacional-de-vacunacion-del-2023","status":"publish","type":"post","link":"https:\/\/contrastes.com.co\/digital\/soledad-se-vincula-a-la-segunda-jornada-nacional-de-vacunacion-del-2023\/","title":{"rendered":"Soledad se vincula a la segunda Jornada Nacional de Vacunaci\u00f3n del 2023"},"content":{"rendered":"<p><strong>*Soledad se vincula a la segunda Jornada Nacional de Vacunaci\u00f3n del 2023<\/strong><\/p>\n<blockquote><p><strong>Este s\u00e1bado, 22 de abril se desarrollar\u00e1 la segunda Jornada Nacional de Vacunaci\u00f3n y el personal de Salud de la Alcald\u00eda de Soledad se vincular\u00e1 a este gran compromiso.<\/strong><\/p><\/blockquote>\n<p><img loading=\"lazy\" decoding=\"async\" class=\"alignleft size-full wp-image-8683\" src=\"https:\/\/contrastes.com.co\/digital\/wp-content\/uploads\/2022\/03\/a-capitular.png\" alt=\"a capitular\" width=\"100\" height=\"100\" srcset=\"https:\/\/contrastes.com.co\/digital\/wp-content\/uploads\/2022\/03\/a-capitular.png 100w, https:\/\/contrastes.com.co\/digital\/wp-content\/uploads\/2022\/03\/a-capitular-60x60.png 60w\" sizes=\"auto, (max-width: 100px) 100vw, 100px\" \/>\u00a0esta jornada, cuyo lema es <strong>\u201cVacunarse salva vidas\u201d,<\/strong> podr\u00e1n acceder menores de 5 a\u00f1os, quienes recibir\u00e1n las vacunas iniciando, continuando o terminando esquema para inmunizarlos contra: polio, pentavalente, neumococo, triple viral, hepatitis A, varicela, fiebre amarilla y DPT. De igual forma, las mujeres embarazadas podr\u00e1n vacunarse contra el Covid 19 y DPT acelular. Y las ni\u00f1as entre los 9 y 17 a\u00f1os contra el VPH.<\/p>\n<p>Un total de 18 puntos de la red p\u00fablica y privada estar\u00e1n habilitados entre las 8:00 de la ma\u00f1ana y las 4:00 de la tarde, donde se proyecta aplicar 2.126 dosis, enfatizando en ni\u00f1os menores de un a\u00f1o a cinco.<\/p>\n<p>En la jornada tambi\u00e9n se inmunizar\u00e1 contra el Covid-19 a la poblaci\u00f3n de 3 a\u00f1os en adelante, iniciando, continuando y terminando esquemas contra el Covid-19.<\/p>\n<p>El <strong>alcalde de Soledad, Rodolfo Ucr\u00f3s Rosale<\/strong>s, record\u00f3 la importancia de las vacunas. \u201cContinuamos llegando con la Secretar\u00eda de Salud a todos los barrios para concientizar a padres de familias, responsable de ni\u00f1os y mujeres embarazadas a acudir de forma masiva para aplicarse los biol\u00f3gicos. Queremos en esta segunda Jornada Nacional de Vacunaci\u00f3n del a\u00f1o prevenir enfermedades en nuestra poblaci\u00f3n. Invitamos a todos a participar\u201d, expres\u00f3 el mandatario.<\/p>\n<p>La apertura de la actividad ser\u00e1 a las 8:00 de la ma\u00f1ana, en la transversal 2D9 calle 54B y 55, barrio La Candelaria primera etapa. Simult\u00e1neamente se habilitar\u00e1n los centros de salud del Hospital Materno Infantil de Soledad; cl\u00ednicas de la Polic\u00eda, Adela de Char y Los Almendros; Sanitas calle 30, Sura calle 30, Nueva EPS del C.C Plaza del Sol, Viva 1A Moras, Salud Total del Centro Comercial Carnaval y calle 30, y la IPS P\u00e9rez Radi\u00f3logo asociados de la calle 18 con carrera 26.<\/p>\n","protected":false},"excerpt":{"rendered":"<p>A esta jornada, cuyo lema es \u201cVacunarse salva vidas\u201d, podr\u00e1n acceder menores de 5 a\u00f1os, quienes recibir\u00e1n las vacunas iniciando, continuando o terminando esquema para inmunizarlos contra: polio, pentavalente, neumococo, triple viral, hepatitis A, varicela, fiebre amarilla y DPT. De igual forma, las mujeres embarazadas podr\u00e1n vacunarse contra el Covid 19 y DPT acelular. Y las ni\u00f1as entre los 9 y 17 a\u00f1os contra el VPH.<\/p>\n","protected":false},"author":1,"featured_media":13900,"comment_status":"open","ping_status":"open","sticky":false,"template":"","format":"standard","meta":{"footnotes":""},"categories":[2,268,2861],"tags":[9282,131,9283,9281],"class_list":["post-13884","post","type-post","status-publish","format-standard","has-post-thumbnail","hentry","category-locales","category-salud","category-vacunacion","tag-vacunarse-salva-vidas","tag-alcalde-de-soledad","tag-jornada-nacional-de-vacunacion-del-2023","tag-rodolfo-ucros-rosale"],"_links":{"self":[{"href":"https:\/\/contrastes.com.co\/digital\/wp-json\/wp\/v2\/posts\/13884","targetHints":{"allow":["GET"]}}],"collection":[{"href":"https:\/\/contrastes.com.co\/digital\/wp-json\/wp\/v2\/posts"}],"about":[{"href":"https:\/\/contrastes.com.co\/digital\/wp-json\/wp\/v2\/types\/post"}],"author":[{"embeddable":true,"href":"https:\/\/contrastes.com.co\/digital\/wp-json\/wp\/v2\/users\/1"}],"replies":[{"embeddable":true,"href":"https:\/\/contrastes.com.co\/digital\/wp-json\/wp\/v2\/comments?post=13884"}],"version-history":[{"count":1,"href":"https:\/\/contrastes.com.co\/digital\/wp-json\/wp\/v2\/posts\/13884\/revisions"}],"predecessor-version":[{"id":13886,"href":"https:\/\/contrastes.com.co\/digital\/wp-json\/wp\/v2\/posts\/13884\/revisions\/13886"}],"wp:featuredmedia":[{"embeddable":true,"href":"https:\/\/contrastes.com.co\/digital\/wp-json\/wp\/v2\/media\/13900"}],"wp:attachment":[{"href":"https:\/\/contrastes.com.co\/digital\/wp-json\/wp\/v2\/media?parent=13884"}],"wp:term":[{"taxonomy":"category","embeddable":true,"href":"https:\/\/contrastes.com.co\/digital\/wp-json\/wp\/v2\/categories?post=13884"},{"taxonomy":"post_tag","embeddable":true,"href":"https:\/\/contrastes.com.co\/digital\/wp-json\/wp\/v2\/tags?post=13884"}],"curies":[{"name":"wp","href":"https:\/\/api.w.org\/{rel}","templated":true}]}}