{"id":13896,"date":"2023-04-19T20:46:49","date_gmt":"2023-04-20T01:46:49","guid":{"rendered":"https:\/\/contrastes.com.co\/digital\/?p=13896"},"modified":"2023-04-20T15:59:21","modified_gmt":"2023-04-20T20:59:21","slug":"soledad-firma-por-la-capacidad-de-servicio-y-experiencia-de-la-medico-alcira-sandoval","status":"publish","type":"post","link":"https:\/\/contrastes.com.co\/digital\/soledad-firma-por-la-capacidad-de-servicio-y-experiencia-de-la-medico-alcira-sandoval\/","title":{"rendered":"Soledad firma por la capacidad de servicio y experiencia de la m\u00e9dico Alcira Sandoval"},"content":{"rendered":"<p><strong>*Soledad firma por la capacidad de servicio y experiencia de la m\u00e9dico Alcira Sandoval<\/strong><\/p>\n<blockquote><p><strong>El Grupo Significativo de Ciudadanos Estamos con Alcira, debidamente inscritos ante el Consejo Nacional Electoral adelanta el proceso de recolecci\u00f3n de firmas para avalar mediante este mecanismo democr\u00e1tico la candidatura de la M\u00e9dico, ex Concejal y l\u00edder social de Soledad, Alcira Sandoval al primer cargo de elecci\u00f3n popular,<\/strong><\/p><\/blockquote>\n<p><img loading=\"lazy\" decoding=\"async\" class=\"alignleft  wp-image-8529\" src=\"https:\/\/contrastes.com.co\/digital\/wp-content\/uploads\/2022\/03\/e-capitular.png\" alt=\"e capitular\" width=\"78\" height=\"78\" srcset=\"https:\/\/contrastes.com.co\/digital\/wp-content\/uploads\/2022\/03\/e-capitular.png 150w, https:\/\/contrastes.com.co\/digital\/wp-content\/uploads\/2022\/03\/e-capitular-60x60.png 60w\" sizes=\"auto, (max-width: 78px) 100vw, 78px\" \/>l <strong>Grupo Significativo de Ciudadanos Estamos con Alcira<\/strong> recibe con complacencia y mayor entrega a la causa, el creciente movimiento de recolecci\u00f3n de firmas que adelantamos desde el mes de febrero en el municipio de Soledad con base en la experiencia, capacidad de servicio social y de preparaci\u00f3n profesional y administrativa de nuestra l\u00edder, la <strong>M\u00e9dico Alcira Sandoval.<\/strong><\/p>\n<p>Para el <strong>GSC Estamos con Alcira<\/strong>, cada firma representa el respaldo, la confianza y esperanza de una comunidad que vive con el anhelo colectivo de crecer como ciudad y que cada ciudadano que firma, comparte nuestro criterio que Alcira Sandoval Iba\u00f1\u00e9z tiene la capacidad, vocaci\u00f3n de servicio y amor por nuestra tierra, justamente lo que necesitamos para consolidar nuestro terru\u00f1o como una ciudad segura y de oportunidades.<\/p>\n<p><img loading=\"lazy\" decoding=\"async\" class=\"size-full wp-image-13898 alignnone\" src=\"https:\/\/contrastes.com.co\/digital\/wp-content\/uploads\/2023\/04\/alciraprincipal2.jpg\" alt=\"alciraprincipal2\" width=\"1200\" height=\"783\" srcset=\"https:\/\/contrastes.com.co\/digital\/wp-content\/uploads\/2023\/04\/alciraprincipal2.jpg 1200w, https:\/\/contrastes.com.co\/digital\/wp-content\/uploads\/2023\/04\/alciraprincipal2-300x196.jpg 300w, https:\/\/contrastes.com.co\/digital\/wp-content\/uploads\/2023\/04\/alciraprincipal2-1024x668.jpg 1024w, https:\/\/contrastes.com.co\/digital\/wp-content\/uploads\/2023\/04\/alciraprincipal2-768x501.jpg 768w\" sizes=\"auto, (max-width: 1200px) 100vw, 1200px\" \/><\/p>\n<p>Nuestros recorridos, est\u00e1n logrando que los solede\u00f1os se empoderen del plan de movilidad ciudadana que estamos adelantando y sepa que, con su firma, para llevar a Alcira Sandoval como candidata para ser alcaldesa de Soledad, podremos lograr esa meta.<\/p>\n<p>Vale resaltar que el <strong>Grupo Significativo de Ciudadanos Estamos con Alcira, debidamente inscritos ante el Consejo Nacional Electoral<\/strong> adelanta el proceso de recolecci\u00f3n de firmas para avalar mediante este mecanismo democr\u00e1tico la candidatura de la M\u00e9dico, ex Concejal y l\u00edder social de Soledad, Alcira Sandoval al primer cargo de elecci\u00f3n popular, luego del an\u00e1lisis de su excelente hoja y de los magn\u00edficos resultados sociales que ha generado para la comunidad de Soledad a la que ha servido durante casi dos d\u00e9cadas.<\/p>\n","protected":false},"excerpt":{"rendered":"<p>El Grupo Significativo de Ciudadanos Estamos con Alcira recibe con complacencia y mayor entrega a la causa, el creciente movimiento de recolecci\u00f3n de firmas que adelantamos desde el mes de febrero en el municipio de Soledad con base en la experiencia, capacidad de servicio social y de preparaci\u00f3n profesional y administrativa de nuestra l\u00edder, la M\u00e9dico Alcira Sandoval.<\/p>\n","protected":false},"author":1,"featured_media":13897,"comment_status":"open","ping_status":"open","sticky":false,"template":"","format":"standard","meta":{"footnotes":""},"categories":[756,2,5],"tags":[8636,8582,9289,38,8580],"class_list":["post-13896","post","type-post","status-publish","format-standard","has-post-thumbnail","hentry","category-comunidad","category-locales","category-politica","tag-elecciones-2023","tag-grupo-significativo-de-ciudadanos-estamos-con-alcira","tag-medico-alcira-sandoval","tag-municipio-de-soledad","tag-recoleccion-de-firmas"],"_links":{"self":[{"href":"https:\/\/contrastes.com.co\/digital\/wp-json\/wp\/v2\/posts\/13896","targetHints":{"allow":["GET"]}}],"collection":[{"href":"https:\/\/contrastes.com.co\/digital\/wp-json\/wp\/v2\/posts"}],"about":[{"href":"https:\/\/contrastes.com.co\/digital\/wp-json\/wp\/v2\/types\/post"}],"author":[{"embeddable":true,"href":"https:\/\/contrastes.com.co\/digital\/wp-json\/wp\/v2\/users\/1"}],"replies":[{"embeddable":true,"href":"https:\/\/contrastes.com.co\/digital\/wp-json\/wp\/v2\/comments?post=13896"}],"version-history":[{"count":1,"href":"https:\/\/contrastes.com.co\/digital\/wp-json\/wp\/v2\/posts\/13896\/revisions"}],"predecessor-version":[{"id":13899,"href":"https:\/\/contrastes.com.co\/digital\/wp-json\/wp\/v2\/posts\/13896\/revisions\/13899"}],"wp:featuredmedia":[{"embeddable":true,"href":"https:\/\/contrastes.com.co\/digital\/wp-json\/wp\/v2\/media\/13897"}],"wp:attachment":[{"href":"https:\/\/contrastes.com.co\/digital\/wp-json\/wp\/v2\/media?parent=13896"}],"wp:term":[{"taxonomy":"category","embeddable":true,"href":"https:\/\/contrastes.com.co\/digital\/wp-json\/wp\/v2\/categories?post=13896"},{"taxonomy":"post_tag","embeddable":true,"href":"https:\/\/contrastes.com.co\/digital\/wp-json\/wp\/v2\/tags?post=13896"}],"curies":[{"name":"wp","href":"https:\/\/api.w.org\/{rel}","templated":true}]}}