{"id":13907,"date":"2023-04-22T10:48:44","date_gmt":"2023-04-22T15:48:44","guid":{"rendered":"https:\/\/contrastes.com.co\/digital\/?p=13907"},"modified":"2023-04-24T11:22:08","modified_gmt":"2023-04-24T16:22:08","slug":"conversaciones-ciudadanas-desarrollo-colectivo-de-la-ciudad-por-juan-altamar-santodomingo","status":"publish","type":"post","link":"https:\/\/contrastes.com.co\/digital\/conversaciones-ciudadanas-desarrollo-colectivo-de-la-ciudad-por-juan-altamar-santodomingo\/","title":{"rendered":"Conversaciones Ciudadanas: Desarrollo Colectivo de la Ciudad \/ Por Juan Altamar Santodomingo"},"content":{"rendered":"<p><strong>*Conversaciones Ciudadanas: Desarrollo Colectivo de la Ciudad<\/strong><\/p>\n<blockquote><p><strong>Las funciones de un municipio son: prestar los servicios p\u00fablicos asignados por la ley; construir las obras que demande el progreso local; ordenar el desarrollo de su territorio, promover la participaci\u00f3n comunitaria, el mejoramiento social y cultural. Esas funciones, de acuerdo con la Ley de Ordenamiento Territorial, se cumplen y ampl\u00edan a la luz de los principios de descentralizaci\u00f3n, concurrencia, complementariedad y subsidiariedad con los niveles superiores territoriales, o sea, \u00e1reas metropolitanas, departamentos, Naci\u00f3n&#8230;<\/strong><\/p><\/blockquote>\n<p><strong><img loading=\"lazy\" decoding=\"async\" class=\"alignleft  wp-image-9583\" src=\"https:\/\/contrastes.com.co\/digital\/wp-content\/uploads\/2022\/05\/juan-altamar.png\" alt=\"juan altamar\" width=\"120\" height=\"127\" \/><\/strong><\/p>\n<p>&nbsp;<\/p>\n<p>&nbsp;<\/p>\n<p><strong>Por Juan Altamar Santodomingo<\/strong><\/p>\n<p>&nbsp;<\/p>\n<p><img loading=\"lazy\" decoding=\"async\" class=\"alignleft  wp-image-8524\" src=\"https:\/\/contrastes.com.co\/digital\/wp-content\/uploads\/2022\/03\/l-capitular.png\" alt=\"l capitular\" width=\"69\" height=\"69\" srcset=\"https:\/\/contrastes.com.co\/digital\/wp-content\/uploads\/2022\/03\/l-capitular.png 150w, https:\/\/contrastes.com.co\/digital\/wp-content\/uploads\/2022\/03\/l-capitular-60x60.png 60w\" sizes=\"auto, (max-width: 69px) 100vw, 69px\" \/>as conversaciones ciudadanas de \u00e9stos d\u00edas giran sobre temas nacionales y locales. Los primeros con \u00e9nfasis ideol\u00f3gica y acuerdos para conseguir aprobaciones a las reformas del sistema de salud, pensional, laboral. Mientras que en los municipios la cosa gira sobre: quienes aspiran a las alcald\u00edas, quien les respalda, si tienen cuestionamientos o est\u00e1n preparados, que proponen, en fin; y a partir de ah\u00ed surgen opiniones, controversias, discusiones, algunas con altura, otras balad\u00edes, pero validas porque es el ejercicio democr\u00e1tico de opini\u00f3n.<\/p>\n<p>Los actores comunitarios, gremiales y c\u00edvicos opinan que las propuestas, programas y proyectos deben ser construidos colectivamente, como lo indica la ley. Y los aspirantes lo que deben tener es formaci\u00f3n acad\u00e9mica, experiencia para formular y ejecutar con \u00e9xito, y claridad pol\u00edtica, para poder interpretar a la comunidad generando confianza, que se logra a partir de las virtudes personales, palpables en la capacidad de escuchar, el prestigio personal, el buen comportamiento social, generoso al compartir conocimiento, y sin ego\u00edsmo al exponer sus saberes, para que inclusive, sus posibles competidores los mejoren y apropien.<\/p>\n<p>El municipio es la entidad fundamental de la divisi\u00f3n pol\u00edtico administrativa del Estado. Sus funciones son: prestar los servicios p\u00fablicos asignados por la ley; construir las obras que demande el progreso local; ordenar el desarrollo de su territorio, promover la participaci\u00f3n comunitaria, el mejoramiento social y cultural. Esas funciones de acuerdo con la Ley de Ordenamiento Territorial se cumplen y ampl\u00edan a la luz de los principios de descentralizaci\u00f3n, concurrencia, complementariedad y subsidiariedad con los niveles superiores territoriales, o sea, \u00e1reas metropolitanas, departamentos, Naci\u00f3n.<\/p>\n<p>En la pr\u00e1ctica, los municipios deben: a) Formular y adoptar los planes de ordenamiento del territorio; b) Reglamentar de manera espec\u00edfica los usos del suelo, en las \u00e1reas urbanas, de expansi\u00f3n y rurales, de acuerdo con las leyes y c) Optimizar los usos de las tierras disponibles y coordinar los planes sectoriales, en armon\u00eda con las pol\u00edticas nacionales y los planes departamentales y metropolitanos.<\/p>\n<p>Para el caso del municipio de Soledad cuyo Plan de Ordenamiento Territorial (POT) debi\u00f3 ser aprobado hace dos d\u00e9cadas debe ser el principal compromiso que aspirante alguno asuma, porque a partir de ah\u00ed se puede contar con la caracterizaci\u00f3n, precisar potenciales y construir con la gente la hoja de ruta municipal, participativa, incluyente, cuidadora y moderna. Claro que quienes habiendo tenido en sus manos la obligaci\u00f3n de hacer realidad ese deber y no lo hicieron, son incumplidores y el ciudadano lo sabe.<\/p>\n<hr \/>\n<hr \/>\n<h3>Juan Altamar Santodomingo: Soledad, la sexta ciudad de Colombia en poblaci\u00f3n<\/h3>\n<p><iframe loading=\"lazy\" title=\"Soledad: La sexta ciudad de Colombia en poblaci\u00f3n\" width=\"640\" height=\"360\" src=\"https:\/\/www.youtube.com\/embed\/eOfP2f7YVGA?feature=oembed\" frameborder=\"0\" allow=\"accelerometer; autoplay; clipboard-write; encrypted-media; gyroscope; picture-in-picture; web-share\" referrerpolicy=\"strict-origin-when-cross-origin\" allowfullscreen><\/iframe><\/p>\n<p><em>Una Conversaci\u00f3n Ciudadana sostuvo Juan Altamar Santodomingo en el programa El Termometro con Julio Cesar Enrique Toro que se transmite a trav\u00e9s de la se\u00f1al de CTV Barranquilla<\/em><\/p>\n<hr \/>\n<hr \/>\n<p>&nbsp;<\/p>\n","protected":false},"excerpt":{"rendered":"<p>Las conversaciones ciudadanas de \u00e9stos d\u00edas giran sobre temas nacionales y locales. Los primeros con \u00e9nfasis ideol\u00f3gica y acuerdos para conseguir aprobaciones a las reformas del sistema de salud, pensional, laboral. Mientras que en los municipios la cosa gira sobre: quienes aspiran a las alcald\u00edas, quien les respalda, si tienen cuestionamientos o est\u00e1n preparados, que proponen, en fin; y a partir de ah\u00ed surgen opiniones, controversias, discusiones, algunas con altura, otras balad\u00edes, pero validas porque es el ejercicio democr\u00e1tico de opini\u00f3n.<\/p>\n","protected":false},"author":1,"featured_media":13908,"comment_status":"open","ping_status":"open","sticky":false,"template":"","format":"standard","meta":{"footnotes":""},"categories":[85,2378,2,235,6,4995],"tags":[9297,8075,9296,5946,38],"class_list":["post-13907","post","type-post","status-publish","format-standard","has-post-thumbnail","hentry","category-analisis","category-columnistas","category-locales","category-opinion","category-region","category-television-web","tag-anaisis","tag-conversaciones-ciudadanas","tag-desarrollo-colectivo-de-la-ciudad","tag-juan-altamar-santodomingo","tag-municipio-de-soledad"],"_links":{"self":[{"href":"https:\/\/contrastes.com.co\/digital\/wp-json\/wp\/v2\/posts\/13907","targetHints":{"allow":["GET"]}}],"collection":[{"href":"https:\/\/contrastes.com.co\/digital\/wp-json\/wp\/v2\/posts"}],"about":[{"href":"https:\/\/contrastes.com.co\/digital\/wp-json\/wp\/v2\/types\/post"}],"author":[{"embeddable":true,"href":"https:\/\/contrastes.com.co\/digital\/wp-json\/wp\/v2\/users\/1"}],"replies":[{"embeddable":true,"href":"https:\/\/contrastes.com.co\/digital\/wp-json\/wp\/v2\/comments?post=13907"}],"version-history":[{"count":1,"href":"https:\/\/contrastes.com.co\/digital\/wp-json\/wp\/v2\/posts\/13907\/revisions"}],"predecessor-version":[{"id":13909,"href":"https:\/\/contrastes.com.co\/digital\/wp-json\/wp\/v2\/posts\/13907\/revisions\/13909"}],"wp:featuredmedia":[{"embeddable":true,"href":"https:\/\/contrastes.com.co\/digital\/wp-json\/wp\/v2\/media\/13908"}],"wp:attachment":[{"href":"https:\/\/contrastes.com.co\/digital\/wp-json\/wp\/v2\/media?parent=13907"}],"wp:term":[{"taxonomy":"category","embeddable":true,"href":"https:\/\/contrastes.com.co\/digital\/wp-json\/wp\/v2\/categories?post=13907"},{"taxonomy":"post_tag","embeddable":true,"href":"https:\/\/contrastes.com.co\/digital\/wp-json\/wp\/v2\/tags?post=13907"}],"curies":[{"name":"wp","href":"https:\/\/api.w.org\/{rel}","templated":true}]}}