{"id":13913,"date":"2023-04-22T11:42:51","date_gmt":"2023-04-22T16:42:51","guid":{"rendered":"https:\/\/contrastes.com.co\/digital\/?p=13913"},"modified":"2023-04-24T12:16:27","modified_gmt":"2023-04-24T17:16:27","slug":"13913-2","status":"publish","type":"post","link":"https:\/\/contrastes.com.co\/digital\/13913-2\/","title":{"rendered":"La editorial Sin Papel y Sin Tinta, est\u00e1 presente en el FILBo 2023"},"content":{"rendered":"<p><strong>*La editorial Sin Papel y Sin Tinta, est\u00e1 presente en el FILBo 2023<\/strong><\/p>\n<blockquote><p><strong>El pr\u00f3ximo lunes 24 de abril, a las 2:00 p. m; tendr\u00e1n un panel en el sal\u00f3n Jos\u00e9 Mar\u00eda Vargas Vila, en el auditorio principal de Corferias en Bogot\u00e1, en el marco de la trig\u00e9sima quinta versi\u00f3n de la Feria Internacional del Libro de Bogot\u00e1, que este a\u00f1o regresa por segunda vez con el pa\u00eds invitado M\u00e9xico, naci\u00f3n que durante muchos a\u00f1os abri\u00f3 sus puertas y les brind\u00f3 el \u00e9xito a las autoras Carmen Mirabal y Doris David.<\/strong><\/p><\/blockquote>\n<p><strong>Por: \u00c1ngela Meliza Cervante Pab\u00f3n <\/strong><br \/>\n<strong>@tele_cartagenainternacional<\/strong><\/p>\n<p><img loading=\"lazy\" decoding=\"async\" class=\"wp-image-13914 alignleft\" src=\"https:\/\/contrastes.com.co\/digital\/wp-content\/uploads\/2023\/04\/carmen-mirabal.jpg\" alt=\"carmen mirabal\" width=\"113\" height=\"178\" srcset=\"https:\/\/contrastes.com.co\/digital\/wp-content\/uploads\/2023\/04\/carmen-mirabal.jpg 344w, https:\/\/contrastes.com.co\/digital\/wp-content\/uploads\/2023\/04\/carmen-mirabal-191x300.jpg 191w\" sizes=\"auto, (max-width: 113px) 100vw, 113px\" \/><\/p>\n<p><img loading=\"lazy\" decoding=\"async\" class=\"alignleft  wp-image-8524\" src=\"https:\/\/contrastes.com.co\/digital\/wp-content\/uploads\/2022\/03\/l-capitular.png\" alt=\"l capitular\" width=\"68\" height=\"68\" srcset=\"https:\/\/contrastes.com.co\/digital\/wp-content\/uploads\/2022\/03\/l-capitular.png 150w, https:\/\/contrastes.com.co\/digital\/wp-content\/uploads\/2022\/03\/l-capitular-60x60.png 60w\" sizes=\"auto, (max-width: 68px) 100vw, 68px\" \/>a <strong>escritora portorrique\u00f1a Carmen Mirabal,<\/strong> directora de la editorial <img loading=\"lazy\" decoding=\"async\" class=\" wp-image-13915 alignright\" src=\"https:\/\/contrastes.com.co\/digital\/wp-content\/uploads\/2023\/04\/doris-david.png\" alt=\"dorisdavid\" width=\"166\" height=\"241\" srcset=\"https:\/\/contrastes.com.co\/digital\/wp-content\/uploads\/2023\/04\/doris-david.png 209w, https:\/\/contrastes.com.co\/digital\/wp-content\/uploads\/2023\/04\/doris-david-207x300.png 207w\" sizes=\"auto, (max-width: 166px) 100vw, 166px\" \/> independiente\u00a0<a href=\"http:\/\/www.sinpapelysintinta.com\">www.sinpapelysintinta.com<\/a> present\u00f3 sus obras <strong>Scammer<\/strong>, una segunda edici\u00f3n de <strong>la estafa cibern\u00e9tica usada en las relaciones por Internet<\/strong> y <strong>La Mentira del Sue\u00f1o Americano<\/strong>, tercera edici\u00f3n con historias reales y crueles sobre la migraci\u00f3n ilegal a los Estados Unidos.<\/p>\n<p>Igualmente la primera y \u00fanica vedette de Colombia, <strong>Doris David<\/strong> nos present\u00f3 sus t\u00edtulos <strong>Inc\u00f3gnita Oscuridad y Rejas<\/strong> y <strong>La C\u00e1rcel, Mercado de Conciencias Cruzadas<\/strong>, relatos biogr\u00e1ficos de su violaci\u00f3n a los cinco a\u00f1os de edad, su paso injusto por la c\u00e1rcel, y su triunfo como vedette en los principales escenarios del mundo.<\/p>\n<p>&nbsp;<\/p>\n<hr \/>\n<h3><strong>Carmen Mirabal y Doris David con el equipo de Bogot\u00e1 Nocturna dirigido por Efra\u00edn Marino<\/strong><\/h3>\n<p><iframe loading=\"lazy\" title=\"BNTV - #FILBO2023 - C\u00c1RMEN MIRABAL Y DORIS DAVID LANZAN SUS OBRAS #SCAMMER Y #NOCHEDELOBOS\" width=\"640\" height=\"360\" src=\"https:\/\/www.youtube.com\/embed\/WOakGWAD44w?feature=oembed\" frameborder=\"0\" allow=\"accelerometer; autoplay; clipboard-write; encrypted-media; gyroscope; picture-in-picture; web-share\" referrerpolicy=\"strict-origin-when-cross-origin\" allowfullscreen><\/iframe><\/p>\n<hr \/>\n<p>El pr\u00f3ximo<strong> lunes 24 de abril, a las 2:00 p. m<\/strong>; tendr\u00e1n un panel en el <strong>sal\u00f3n Jos\u00e9 Mar\u00eda Vargas Vila<\/strong>, en el <strong>auditorio principal de Corferias en Bogot\u00e1<\/strong>, en el marco de la trig\u00e9sima <strong>quinta versi\u00f3n de la Feria Internacional del Libro de Bogot\u00e1,<\/strong> que este a\u00f1o regresa por segunda vez con el pa\u00eds invitado M\u00e9xico, naci\u00f3n que durante muchos a\u00f1os abri\u00f3 sus puertas y les brind\u00f3 el \u00e9xito a las autoras <strong>Carmen Mirabal y Doris David<\/strong>.<\/p>\n","protected":false},"excerpt":{"rendered":"<p>La escritora portorrique\u00f1a Carmen Mirabal, directora de la editorial<br \/>\nindependiente\u00a0www.sinpapelysintinta.com present\u00f3 sus obras Scammer, una segunda edici\u00f3n de la estafa cibern\u00e9tica usada en las relaciones por Internet y La Mentira del Sue\u00f1o Americano, tercera edici\u00f3n con historias reales y crueles sobre la migraci\u00f3n ilegal a los Estados Unidos.<\/p>\n","protected":false},"author":1,"featured_media":13917,"comment_status":"open","ping_status":"open","sticky":false,"template":"","format":"standard","meta":{"footnotes":""},"categories":[520,2148,2707,5407,4,113,4995],"tags":[9304,9300,9301,9305,9306,9307,9302,9303],"class_list":["post-13913","post","type-post","status-publish","format-standard","has-post-thumbnail","hentry","category-entrevista","category-eventos","category-exposiciones","category-libros","category-pais","category-personajes","category-television-web","tag-bogota-nocturna","tag-carmen-mirabal","tag-doris-david","tag-editorial-sin-papel-y-sin-tinta","tag-efrain-marino","tag-escritoras","tag-feria-internacional-del-libro-de-bogota","tag-filbo2023"],"_links":{"self":[{"href":"https:\/\/contrastes.com.co\/digital\/wp-json\/wp\/v2\/posts\/13913","targetHints":{"allow":["GET"]}}],"collection":[{"href":"https:\/\/contrastes.com.co\/digital\/wp-json\/wp\/v2\/posts"}],"about":[{"href":"https:\/\/contrastes.com.co\/digital\/wp-json\/wp\/v2\/types\/post"}],"author":[{"embeddable":true,"href":"https:\/\/contrastes.com.co\/digital\/wp-json\/wp\/v2\/users\/1"}],"replies":[{"embeddable":true,"href":"https:\/\/contrastes.com.co\/digital\/wp-json\/wp\/v2\/comments?post=13913"}],"version-history":[{"count":3,"href":"https:\/\/contrastes.com.co\/digital\/wp-json\/wp\/v2\/posts\/13913\/revisions"}],"predecessor-version":[{"id":13919,"href":"https:\/\/contrastes.com.co\/digital\/wp-json\/wp\/v2\/posts\/13913\/revisions\/13919"}],"wp:featuredmedia":[{"embeddable":true,"href":"https:\/\/contrastes.com.co\/digital\/wp-json\/wp\/v2\/media\/13917"}],"wp:attachment":[{"href":"https:\/\/contrastes.com.co\/digital\/wp-json\/wp\/v2\/media?parent=13913"}],"wp:term":[{"taxonomy":"category","embeddable":true,"href":"https:\/\/contrastes.com.co\/digital\/wp-json\/wp\/v2\/categories?post=13913"},{"taxonomy":"post_tag","embeddable":true,"href":"https:\/\/contrastes.com.co\/digital\/wp-json\/wp\/v2\/tags?post=13913"}],"curies":[{"name":"wp","href":"https:\/\/api.w.org\/{rel}","templated":true}]}}