{"id":14105,"date":"2023-05-17T16:56:08","date_gmt":"2023-05-17T21:56:08","guid":{"rendered":"https:\/\/contrastes.com.co\/digital\/?p=14105"},"modified":"2023-05-17T19:23:20","modified_gmt":"2023-05-18T00:23:20","slug":"plan-de-desarrollo-de-la-alcaldia-de-soledad-alcanzo-un-94-98-de-cumplimiento-durante-el-2022","status":"publish","type":"post","link":"https:\/\/contrastes.com.co\/digital\/plan-de-desarrollo-de-la-alcaldia-de-soledad-alcanzo-un-94-98-de-cumplimiento-durante-el-2022\/","title":{"rendered":"Plan de Desarrollo de la Alcald\u00eda de Soledad alcanz\u00f3 un 94.98 % de cumplimiento durante el 2022"},"content":{"rendered":"<p><strong>*Plan de Desarrollo de la Alcald\u00eda de Soledad alcanz\u00f3 un 94.98 % de cumplimiento durante el 2022<\/strong><\/p>\n<blockquote><p><strong>\u201cLa Rendici\u00f3n P\u00fablica de Cuentas es de car\u00e1cter obligatorio, y consiste en la realizaci\u00f3n y entrega de un informe detallado de la gesti\u00f3n de una administraci\u00f3n que busque transparencia, eficiencia y eficacia\u201d: Rodolfo Ucr\u00f3s Rosales.<\/strong><\/p><\/blockquote>\n<p><img loading=\"lazy\" decoding=\"async\" class=\"alignleft wp-image-8657\" src=\"https:\/\/contrastes.com.co\/digital\/wp-content\/uploads\/2022\/03\/u-capitular.png\" alt=\"u capitular\" width=\"85\" height=\"85\" srcset=\"https:\/\/contrastes.com.co\/digital\/wp-content\/uploads\/2022\/03\/u-capitular.png 100w, https:\/\/contrastes.com.co\/digital\/wp-content\/uploads\/2022\/03\/u-capitular-60x60.png 60w\" sizes=\"auto, (max-width: 85px) 100vw, 85px\" \/>n porcentaje de cumplimiento del 94.98% alcanz\u00f3 la Alcald\u00eda de Soledad en el cumplimiento del <strong>Plan de Desarrollo <\/strong>durante la vigencia 2022. As\u00ed lo expres\u00f3 el<strong> alcalde Rodolfo Ucr\u00f3s Rosales<\/strong> durante el evento de <strong>Rendici\u00f3n de Cuentas 2022 \u2018Logros del Pacto\u2019,<\/strong> realizada este mi\u00e9rcoles en medio de un di\u00e1logo con los secretarios de despacho y directores de entes descentralizados.<\/p>\n<p>Ucr\u00f3s Rosales explic\u00f3 que, de las 345 metas relacionadas en el <strong>Plan de Desarrollo Gran Pacto Social por Soledad<\/strong>, 259 se programaron para el 2022, y de \u00e9stas 246 fueron ejecutadas.<\/p>\n<p><img loading=\"lazy\" decoding=\"async\" class=\"size-full wp-image-14107 aligncenter\" src=\"https:\/\/contrastes.com.co\/digital\/wp-content\/uploads\/2023\/05\/rendicioncuentassol23.jpg\" alt=\"rendicioncuentassol232\" width=\"1200\" height=\"783\" srcset=\"https:\/\/contrastes.com.co\/digital\/wp-content\/uploads\/2023\/05\/rendicioncuentassol23.jpg 1200w, https:\/\/contrastes.com.co\/digital\/wp-content\/uploads\/2023\/05\/rendicioncuentassol23-300x196.jpg 300w, https:\/\/contrastes.com.co\/digital\/wp-content\/uploads\/2023\/05\/rendicioncuentassol23-1024x668.jpg 1024w, https:\/\/contrastes.com.co\/digital\/wp-content\/uploads\/2023\/05\/rendicioncuentassol23-768x501.jpg 768w\" sizes=\"auto, (max-width: 1200px) 100vw, 1200px\" \/><\/p>\n<p>\u201cLa <strong>Rendici\u00f3n P\u00fablica de Cuentas<\/strong> es de car\u00e1cter obligatorio, y consiste en la realizaci\u00f3n y entrega de un informe detallado de la gesti\u00f3n de una administraci\u00f3n que busque transparencia, eficiencia y eficacia\u201d, indic\u00f3 el mandatario.<\/p>\n<p>El dirigente mencion\u00f3 algunos avances importantes que ha tenido el ente territorial en materia de educaci\u00f3n, como mejoras en instituciones educativas, entrega de la primera fase de<strong> la sede Uniatl\u00e1ntico y la puesta en marcha del nodo Sena, en al barrio Normand\u00eda, derivado de una alianza con la Gobernaci\u00f3n del Atl\u00e1ntico<\/strong>.<\/p>\n<p>Con respecto a la salud, hizo referencia al<strong> Programa Ampliado de Inmunizaci\u00f3n (PAI) en el que se desarrollaron las Jornadas de Vacunaci\u00f3n definidas por el Ministerio de Salud y Protecci\u00f3n Social<\/strong>; el control y seguimiento a las Instituciones Prestadoras de Servicio, IPS, con respecto a la vacunaci\u00f3n contra el Covid-19; fumigaci\u00f3n; control qu\u00edmico intradomiciliario contra el dengue, y los programas encaminados a la Salud Mental a nivel individual, familiar y comunitario.<\/p>\n<p><iframe loading=\"lazy\" style=\"border: none; overflow: hidden;\" src=\"https:\/\/www.facebook.com\/plugins\/post.php?href=https%3A%2F%2Fweb.facebook.com%2Fsoledadalcaldia%2Fposts%2Fpfbid031wY89ienZWR1KM9Mj3hPEbiDqFQ2zTik5iMHVMPBS9F2W4Ta2dALEKUGfcisfMiBl&amp;show_text=true&amp;width=500\" width=\"500\" height=\"729\" frameborder=\"0\" scrolling=\"no\" allowfullscreen=\"allowfullscreen\"><\/iframe><\/p>\n<p>\u201cEn la gesti\u00f3n liderada por la <strong>Secretar\u00eda de Obras P\u00fablicas,<\/strong> los importantes avances en obras de pavimentaci\u00f3n ejecutadas mediante los <strong>proyectos Red Vial, Malla Vial y \u2018Pacto por mi Barrio\u2019,<\/strong> que a la fecha suman m\u00e1s de 12 mil metros lineales de v\u00edas pavimentadas. A nivel rural, se mejor\u00f3 el acceso al sector de Cabica y 405 metros lineales de v\u00eda sobre la carrera 14 entre las calles 11A y 18\u201d, dijo el alcalde.<\/p>\n<p>En el sector de vivienda, manifest\u00f3 que se ha tenido un progreso significativo con el <strong>programa \u2018Casa Digna, Vida Digna\u2019, subsidiado por el Minvivienda<\/strong>. As\u00ed mismo, las<strong> m\u00e1s de 5 mil escrituras p\u00fablicas entregadas de manera oficial en los barrios: Ciudad Caribe III, Ferrocarril, Moras Occidente, 20 de Julio, Villa Sol, Ciudad Caribe IV, Nueva Esperanza, Los Cedros, Cuchilla de Los \u00c1ngeles, Villa Mar\u00eda Selene, Inurbe, Ciudadela Metropolitana, Centenario, Las Margaritas, Salamanca, Urbanizaci\u00f3n El R\u00edo, Urbanizaci\u00f3n Las Moras y La Ilusi\u00f3n.<\/strong><\/p>\n<p>\u201cOtro programa que ha generado mucha satisfacci\u00f3n entre la ciudadan\u00eda es sin duda el de <strong>Normalizaci\u00f3n Urban\u00edstica<\/strong>. Por medio de esta iniciativa, 16 barrios fueron normalizados urban\u00edsticamente en la vigencia 2022: <strong>Altos de La Metropolitana, Los Loteros, Villa Santa, Villa Valentina, Villa Katanga 2, Villa Lozano, Villa Merly, Renacer, Villa Monik, Villa Estefany, Villa del Rey, Vi\u00f1as del Rey, 23 de Noviembre, Portal de Las Moras, Villa Zambrano y Bello Horizonte<\/strong>\u201d, se\u00f1al\u00f3 el mandatario.<\/p>\n<p>El l\u00edder del Pacto Social se refiri\u00f3, adem\u00e1s, a temas de cultura, sostenibilidad ambiental; la implementaci\u00f3n de la pol\u00edtica p\u00fablica <strong>\u201cEl Pacto Social por los Ni\u00f1os, Ni\u00f1as y Adolescentes De Soledad 2020 \u2013 2033\u201d<\/strong>, aprobada por el <strong>Concejo Municipal.<\/strong> Igualmente, la cobertura de Familias en Acci\u00f3n, atenci\u00f3n a adultos mayores, el apoyo en la Gesti\u00f3n del Riesgo de Desastres y proyectos importantes para apalancar los diferentes emprendimientos.<\/p>\n<p>La comunidad tuvo la oportunidad de participar en la actividad, a trav\u00e9s de preguntas y sugerencias, mismas que fueron respondidas de manera oportuna por los l\u00edderes de cada dependencia.<\/p>\n<p>El evento fue transmitido en vivo por las redes sociales de la administraci\u00f3n y se desarroll\u00f3 tambi\u00e9n de manera presencial en el<strong> auditorio de la Instituci\u00f3n Educativa Polit\u00e9cnico de Soledad,<\/strong> donde hicieron presencia <strong>miembros del Concejo Municipal; representantes de la Contralor\u00eda y Procuradur\u00eda; jefes de dependencias, funcionarios de la Alcald\u00eda, medios de comunicaci\u00f3n y comunidad en general.<\/strong><\/p>\n","protected":false},"excerpt":{"rendered":"<p>Un porcentaje de cumplimiento del 94.98% alcanz\u00f3 la Alcald\u00eda de Soledad en el cumplimiento del Plan de Desarrollo durante la vigencia 2022. As\u00ed lo expres\u00f3 el alcalde Rodolfo Ucr\u00f3s Rosales durante el evento de Rendici\u00f3n de Cuentas 2022 \u2018Logros del Pacto\u2019, realizada este mi\u00e9rcoles en medio de un di\u00e1logo con los secretarios de despacho y directores de entes descentralizados.<\/p>\n","protected":false},"author":1,"featured_media":14106,"comment_status":"open","ping_status":"open","sticky":false,"template":"","format":"standard","meta":{"footnotes":""},"categories":[756,4325,2,3955,3221],"tags":[9437,35,9435,9432,9434,4068,9433,9436,4959,9438,2884,3549,796],"class_list":["post-14105","post","type-post","status-publish","format-standard","has-post-thumbnail","hentry","category-comunidad","category-informe-de-gestion","category-locales","category-politicas-publicas","category-sector-publico","tag-alcalde-rodolfo-ucros-rosales","tag-alcaldia-de-soledad","tag-concejo-municipal","tag-contraloria","tag-ninas-y-adolescentes-de-soledad-2020-2033","tag-normalizacion-urbanistica","tag-pacto-social-por-los-ninos","tag-plan-de-desarrollo-gran-pacto-social","tag-procuraduria","tag-programa-ampliado-de-inmunizacion-pai","tag-programa-casa-digna","tag-secretaria-de-obras-publicas","tag-vida-digna"],"_links":{"self":[{"href":"https:\/\/contrastes.com.co\/digital\/wp-json\/wp\/v2\/posts\/14105","targetHints":{"allow":["GET"]}}],"collection":[{"href":"https:\/\/contrastes.com.co\/digital\/wp-json\/wp\/v2\/posts"}],"about":[{"href":"https:\/\/contrastes.com.co\/digital\/wp-json\/wp\/v2\/types\/post"}],"author":[{"embeddable":true,"href":"https:\/\/contrastes.com.co\/digital\/wp-json\/wp\/v2\/users\/1"}],"replies":[{"embeddable":true,"href":"https:\/\/contrastes.com.co\/digital\/wp-json\/wp\/v2\/comments?post=14105"}],"version-history":[{"count":3,"href":"https:\/\/contrastes.com.co\/digital\/wp-json\/wp\/v2\/posts\/14105\/revisions"}],"predecessor-version":[{"id":14110,"href":"https:\/\/contrastes.com.co\/digital\/wp-json\/wp\/v2\/posts\/14105\/revisions\/14110"}],"wp:featuredmedia":[{"embeddable":true,"href":"https:\/\/contrastes.com.co\/digital\/wp-json\/wp\/v2\/media\/14106"}],"wp:attachment":[{"href":"https:\/\/contrastes.com.co\/digital\/wp-json\/wp\/v2\/media?parent=14105"}],"wp:term":[{"taxonomy":"category","embeddable":true,"href":"https:\/\/contrastes.com.co\/digital\/wp-json\/wp\/v2\/categories?post=14105"},{"taxonomy":"post_tag","embeddable":true,"href":"https:\/\/contrastes.com.co\/digital\/wp-json\/wp\/v2\/tags?post=14105"}],"curies":[{"name":"wp","href":"https:\/\/api.w.org\/{rel}","templated":true}]}}