{"id":14127,"date":"2023-05-22T14:20:40","date_gmt":"2023-05-22T19:20:40","guid":{"rendered":"https:\/\/contrastes.com.co\/digital\/?p=14127"},"modified":"2023-05-23T14:26:21","modified_gmt":"2023-05-23T19:26:21","slug":"colegio-carlos-meisel-memorias-cultivadas-educacion-jamas-olvidada-orgullo-de-portar-el-carton-de-bachiller","status":"publish","type":"post","link":"https:\/\/contrastes.com.co\/digital\/colegio-carlos-meisel-memorias-cultivadas-educacion-jamas-olvidada-orgullo-de-portar-el-carton-de-bachiller\/","title":{"rendered":"Colegio Carlos Meisel: \u201cMemorias cultivadas, educaci\u00f3n jam\u00e1s olvidada orgullo de portar el cart\u00f3n de bachiller\u201d"},"content":{"rendered":"<p><strong>*Ser egresado del Colegio Carlos Meisel: \u201cMemorias cultivadas, educaci\u00f3n jam\u00e1s olvidada orgullo de portar el cart\u00f3n de bachiller\u201d<\/strong><\/p>\n<blockquote><p><strong>La instituci\u00f3n est\u00e1 llena de historias que escribi\u00f3 desde la \u00e9poca de los finales de los a\u00f1os 59, inicio de 60, continuando con la temporada de los 70 y culminaci\u00f3n del per\u00edodo de 1980, de donde surgieron acad\u00e9micamente diversas figuras que dejaron sentadas en muchas p\u00e1ginas en materia pedag\u00f3gica<\/strong><\/p><\/blockquote>\n<p><strong>Por: Wilber F\u00e1bregas Molina (promoci\u00f3n 73)<\/strong><br \/>\n<strong>(Fotos- Duvis Romero Rojas- Archivos).<\/strong><\/p>\n<p><img loading=\"lazy\" decoding=\"async\" class=\"alignleft size-full wp-image-8927\" src=\"https:\/\/contrastes.com.co\/digital\/wp-content\/uploads\/2022\/04\/comillas-capitular-2.png\" alt=\"comillas capitular 2\" width=\"100\" height=\"100\" srcset=\"https:\/\/contrastes.com.co\/digital\/wp-content\/uploads\/2022\/04\/comillas-capitular-2.png 100w, https:\/\/contrastes.com.co\/digital\/wp-content\/uploads\/2022\/04\/comillas-capitular-2-60x60.png 60w\" sizes=\"auto, (max-width: 100px) 100vw, 100px\" \/>Lo que se hereda no se hurta\u201d. Es la frase que podemos aplic<strong>ar a este proverbio de la sabidur\u00eda popular, expresada orgullosamente por un gran n\u00famero de egresados de los a\u00f1os, 60,70 al 80, como agradecimiento por ese proceso educativo, recibido de la entidad pedag\u00f3gica Carlos Meisel, la que inicialmente funcion\u00f3 como Colegio de Bachillerato y hoy Instituci\u00f3n Educativa Distrital<\/strong>, con 64 a\u00f1os de funcionamiento, siendo forjadora de generaciones del primer orden en el Distrito de Barranquilla, en donde se cumple uno de los tantos par\u00e1metros contenidos en las estrofas del primer himno que tuvo la instituci\u00f3n, de la autor\u00eda de su docente en m\u00fasica, letrado<strong> Julio Ojito Palma<\/strong> que indica:<\/p>\n<blockquote><p>\u201cMis memorias cultivar<br \/>\nPara ma\u00f1ana triunfar<br \/>\nEn mis manos llevar\u00e9<br \/>\nDe este colegio sin par<br \/>\nMi cart\u00f3n de bachiller\u201d<\/p><\/blockquote>\n<p><img loading=\"lazy\" decoding=\"async\" class=\"size-full wp-image-14129 aligncenter\" src=\"https:\/\/contrastes.com.co\/digital\/wp-content\/uploads\/2023\/05\/wilberrectora.jpg\" alt=\"wilberrectora\" width=\"1200\" height=\"666\" srcset=\"https:\/\/contrastes.com.co\/digital\/wp-content\/uploads\/2023\/05\/wilberrectora.jpg 1200w, https:\/\/contrastes.com.co\/digital\/wp-content\/uploads\/2023\/05\/wilberrectora-300x167.jpg 300w, https:\/\/contrastes.com.co\/digital\/wp-content\/uploads\/2023\/05\/wilberrectora-1024x568.jpg 1024w, https:\/\/contrastes.com.co\/digital\/wp-content\/uploads\/2023\/05\/wilberrectora-768x426.jpg 768w\" sizes=\"auto, (max-width: 1200px) 100vw, 1200px\" \/><\/p>\n<p>La instituci\u00f3n est\u00e1 llena de historias que escribi\u00f3 desde la \u00e9poca de los finales de los a\u00f1os 59, inicio de 60, continuando con la temporada de los 70 y culminaci\u00f3n del per\u00edodo de 1980, de donde surgieron acad\u00e9micamente diversas figuras que dejaron sentadas en muchas p\u00e1ginas en materia pedag\u00f3gica, especialmente al tener en su direcci\u00f3n a la<strong> licenciada Judith Castro Vengoechea<\/strong>, destacada por su profesionalismo, arrojo, sabidur\u00eda y dedicaci\u00f3n, quien adem\u00e1s fue nieta del General del ej\u00e9rcito Heriberto Antonio Vengoechea Munive, Jefe de la Plaza y creador de la primera Batalla de Flores en Barranquilla realizada en 1903, para celebrar el fin de la Guerra de los Mil D\u00edas y porque en su sangre corri\u00f3 la tenacidad de una gladiadora. Esta dama marc\u00f3 en la instituci\u00f3n una etapa de valor y coraje y como profesora y directora se entreg\u00f3 en alma y vida a ella donde culmin\u00f3 su labor como rectora, tras subsanar muchos inconvenientes, logr\u00e1ndola posicionar con brillantez, dado a que tuvo un equipo de profesionales altruistas de la educaci\u00f3n, que unieron sus fuerzas para ganar la gloria.<\/p>\n<p>En verdad son memorias cultivadas, educaci\u00f3n jam\u00e1s olvidada, con un orgullo de portar el cart\u00f3n de bachiller; as\u00ed record\u00e9 cuando de la mano de mi t\u00eda Alicia Molina, asist\u00ed al Paseo Bol\u00edvar a observar el desfile del 20 de Julio. Las instituciones educativas con sus estudiantes orondos marchaban y de una de ellas me gust\u00f3 el uniforme del <strong>Colegio de Bachillerato<\/strong> y le dije a mi madrina: Carlos Meisel el plantel donde yo quiero estudiar y el sue\u00f1o se me cumpli\u00f3.<\/p>\n<p>El <strong>Carlos Meisel<\/strong> en su primera etapa ten\u00eda como lema institucional: \u201cHonradez y saber, cualidades del alumno meiselista\u201d lo que lo caracteriz\u00f3 como el establecimiento que form\u00f3 a muchos profesionales de hoy, cuyas promociones lo recuerdan como un colegio ejemplar, que super\u00f3 una serie de inconvenientes, especialmente por el entorno de la ubicaci\u00f3n donde siempre ha estado, una problem\u00e1tica social, que con el correr de los a\u00f1os se demostr\u00f3 lo contrario de lo que de \u00e9l se dec\u00eda y ello se debi\u00f3 gracias a los valores formativos impuestos y transmitidos de sus educadores hacia los educandos, quienes los manejaron con excelentes principios y en una sana convivencia, estando ellos prestos a contribuir a su desarrollo social, con realizaciones de eventos culturales, que lo dieron a conocer regional y nacionalmente.<\/p>\n<h3>Prevaleci\u00f3 el respeto<\/h3>\n<p><img loading=\"lazy\" decoding=\"async\" class=\"size-full wp-image-14131 aligncenter\" src=\"https:\/\/contrastes.com.co\/digital\/wp-content\/uploads\/2023\/05\/cm7.jpg\" alt=\"visionmeisel\" width=\"1080\" height=\"663\" srcset=\"https:\/\/contrastes.com.co\/digital\/wp-content\/uploads\/2023\/05\/cm7.jpg 1080w, https:\/\/contrastes.com.co\/digital\/wp-content\/uploads\/2023\/05\/cm7-300x184.jpg 300w, https:\/\/contrastes.com.co\/digital\/wp-content\/uploads\/2023\/05\/cm7-1024x629.jpg 1024w, https:\/\/contrastes.com.co\/digital\/wp-content\/uploads\/2023\/05\/cm7-768x471.jpg 768w\" sizes=\"auto, (max-width: 1080px) 100vw, 1080px\" \/><\/p>\n<p>Las antiguas promociones de estudiantes lo recuerdan como la entidad donde el respeto mutuo prevaleci\u00f3, existiendo una conectividad del educando hacia el educador o forjador y viceversa; generaciones estas que no contaban con la moderna tecnolog\u00eda de la que se goza hoy y que lo m\u00e1s importante que llevaban consigo todos era la ambici\u00f3n de formarse como personas de bien, superaci\u00f3n de alcanzar las metas propuestas venciendo, para ello las barreras que podr\u00edan obstaculizar su ansioso trasegar del tiempo.<\/p>\n<p>Recordar las clases bien programadas en cada uno de los salones del plantel, las travesuras de mozalbetes, que en m\u00e1s de una ocasi\u00f3n hizo salir de quicio a esos veteranos educadores, que inculcaron una ense\u00f1anza verdadera, con acci\u00f3n participativa y la reciprocidad entre alumnos y docentes.<\/p>\n<p>La formaci\u00f3n se desarrollaba en un marco de acatamiento, una ense\u00f1anza inigualable debido al deseo de superaci\u00f3n de cada estudiante, con lineamientos esenciales, guiados por cada uno de los profesionales que formaban parte del equipo de profesores, logrando cumplirles a sus aprendices para llegar a las metas trazadas.<\/p>\n<h3>Sus promociones de egresados<\/h3>\n<p><img loading=\"lazy\" decoding=\"async\" class=\"size-full wp-image-14130 aligncenter\" src=\"https:\/\/contrastes.com.co\/digital\/wp-content\/uploads\/2023\/05\/egresados.gif\" alt=\"egresadosvrios\" width=\"1000\" height=\"614\" \/><\/p>\n<p><strong>Son muchos los estudiantes que este plantel ha tenido en su recorrido hist\u00f3rico<\/strong>, destac\u00e1ndose en diversas actividades educativas y sociales, entre ellos el periodista Carlos Castillo Monterrosa, asesinado en el cumplimiento de su deber hace varios a\u00f1os, Antonio Varela Ardila, Pedro Heilbrown Escarraga, Alfredo Castro Haydar, Walter Arrieta, Julio Larios, Alfredo Naar, Florentino Flores, Wilber F\u00e1bregas Molina, Eunice Naar, Dalys G\u00f3mez, C\u00e1stulo Carbonell, Fernando Torres, Jorge y Rafael Insignares, Jairo Padilla Pereira, Ricardo Jos\u00e9 Romero, Orlando Mej\u00eda, Virgilio Dur\u00e0n, Wilder Molina, Benilda Pe\u00f1aloza, Jaime Berdugo, Adalberto Colon, Alfonso Muriel, Jos\u00e9 Fern\u00e1ndez Solano, Alfredo Benavides Antonio Rojano, Carlos Arturo Amaris \u00c1vila, Carlos Antonio Amaris Alean, Carlos Pinz\u00f3n, Edgardo Pombo De la Hoz, El\u00edas Pinedo, Napole\u00f3n Sossa, Elias Sanjuan, Genaro Aguilera, Huber Enrique Daza, Jairo Tuesca Mart\u00ednez, Jorge Castillo, Jorge Negrete, Luis Pi\u00f1eres, Manuel Giraldo Molina, Hernando Reales, Luis Javier Cruz, Miguel Zuleta, Osvaldo Navarro, Omar Marenco, \u00c1lvaro Recio, Ricardo Castilla, Roberto Saavedra, Diana Rojano, Rodulfo Alfredo Sandoval, Zoila Mar\u00eda Pe\u00f1a, Cielo Coronado.<\/p>\n<p><img loading=\"lazy\" decoding=\"async\" class=\"size-full wp-image-14133 aligncenter\" src=\"https:\/\/contrastes.com.co\/digital\/wp-content\/uploads\/2023\/05\/cm5.jpg\" alt=\"egresadoscm23\" width=\"1080\" height=\"663\" srcset=\"https:\/\/contrastes.com.co\/digital\/wp-content\/uploads\/2023\/05\/cm5.jpg 1080w, https:\/\/contrastes.com.co\/digital\/wp-content\/uploads\/2023\/05\/cm5-300x184.jpg 300w, https:\/\/contrastes.com.co\/digital\/wp-content\/uploads\/2023\/05\/cm5-1024x629.jpg 1024w, https:\/\/contrastes.com.co\/digital\/wp-content\/uploads\/2023\/05\/cm5-768x471.jpg 768w\" sizes=\"auto, (max-width: 1080px) 100vw, 1080px\" \/><\/p>\n<p>Arturo Garc\u00eda, Rafael Coronado, Nurys Solano, Antonio Bayona, Pedro Vides, Edgardo Yepes, Jorge Arturo Ram\u00edrez, Manuel Vargas Cruz, Nicolasa C\u00e1rdenas Padilla, Teresa Dunan, Luis Rodr\u00edguez, Jaime Estrada, Cosme Llanos, Nancy P\u00e1ez, Jos\u00e9 Pernett, C\u00e1ndida Pi\u00f1a, Carmen Flores, H\u00e9ctor David Sanjuan, Robinson M\u00e1rquez, Falcao Zarate, Charles Figueroa, Adalgiza Ortega, Luis Guillermo Castillo Blanco, Osmandy Sep\u00falveda, An\u00edbal Zarur, Delcy C\u00e1rdenas, Melitza Quintero, Alfonso Guerrero Quintero, Nery Castro, Ricardo Mej\u00eda, Flor L\u00f3pez, Omaira Ruiz, Flor Barrios, Ana Fern\u00e1ndez, Lucia Guerra, Maritza Sierra, Betzy Cabarcas, Pedro Duran, Diana Hern\u00e1ndez, Federico Santodomingo, entre otros.<\/p>\n<h3>50 a\u00f1os de la promoci\u00f3n 73<\/h3>\n<p><img loading=\"lazy\" decoding=\"async\" class=\"size-full wp-image-14132 aligncenter\" src=\"https:\/\/contrastes.com.co\/digital\/wp-content\/uploads\/2023\/05\/cm6.jpg\" alt=\"egresados73\" width=\"1080\" height=\"663\" srcset=\"https:\/\/contrastes.com.co\/digital\/wp-content\/uploads\/2023\/05\/cm6.jpg 1080w, https:\/\/contrastes.com.co\/digital\/wp-content\/uploads\/2023\/05\/cm6-300x184.jpg 300w, https:\/\/contrastes.com.co\/digital\/wp-content\/uploads\/2023\/05\/cm6-1024x629.jpg 1024w, https:\/\/contrastes.com.co\/digital\/wp-content\/uploads\/2023\/05\/cm6-768x471.jpg 768w\" sizes=\"auto, (max-width: 1080px) 100vw, 1080px\" \/><\/p>\n<p>Este a\u00f1o los egresados de la promoci\u00f3n 73, conmemoran 50 a\u00f1os de haberse graduado como bachilleres en el plantel y para ello adelantan reuniones preparativas con el fin de llevar a cabo una ceremonia especial, la que contar\u00e1 de manera exclusiva con los estudiantes que alcanzaron a recibir en ese a\u00f1o el t\u00edtulo, de la mano de la noble mujer; Judith Castro Vengoechea, quien desde la gloria estar\u00e1 acompa\u00f1ando a los que se vienen dando a la tarea de reunir el mayor n\u00famero posible de egresados; promoci\u00f3n 73. De 133 que alcanzaron ese logro han fallecido 19 compa\u00f1eros.<\/p>\n<p>Los organizadores del evento hacen un llamado a aquellas personas de dicha promoci\u00f3n que culminaron, para que se ponga en contacto con cualquiera de sus \u201ccompa\u00f1eros de pupitres\u201d.<\/p>\n<p>La ceremonia est\u00e1 fijada para el 18 del mes de noviembre y la misma se dar\u00e1 a conocer oportunamente acorde con los preparativos del grupo que ha tenido esa iniciativa. A la misma ser\u00e1n invitados especiales los docentes que a\u00fan sobreviven y se le rendir\u00e1 un homenaje p\u00f3stumo a profesores y estudiantes que emprendieron el camino de la eternidad.<\/p>\n<h3>Marco legal de la instituci\u00f3n<\/h3>\n<p>Con el correr del tiempo la instituci\u00f3n que conmemora sus 64 a\u00f1os de fundaci\u00f3n y bajo el direccionamiento de otros rectores y docentes, entre los que se encuentran muchos egresados del propio plantel, ha continuado con su misi\u00f3n de forjadores de las nuevas generaciones, con positivos avances desarroll\u00e1ndose cambios por parte de los \u00faltimos gobiernos del <strong>Distrito de Barranquilla<\/strong> y en un marco legal constitucional, pasando al recuerdo de colegio de bachillerato para continuar teniendo una nueva fase Institucional.<\/p>\n<p><strong>Mediante Resoluci\u00f3n N\u00b0 001368, de 30 de noviembre de 2004, expedida por la Alcald\u00eda Distrital de Barranquilla, se concede licencia de funcionamiento y se autoriza el cambio de nombre del Colegio Oficial de Bachillerato. Carlos Meisel, por Instituci\u00f3n Educativa Distrital Carlos Meisel,<\/strong> cuya perspectiva era obtener ascenso en la calidad educativa.<\/p>\n<p>Este avance sigui\u00f3 por medio de una categorizaci\u00f3n curricular adecuada, con la innovaci\u00f3n pedag\u00f3gica del uso de las TIC, avance de programas con profundizaci\u00f3n en humanidades y de formaci\u00f3n en valores, en niveles de educaci\u00f3n primaria, b\u00e1sica y media, como un proceso para el desarrollo de sus estudiantes con la configuraci\u00f3n de alcanzar un alto nivel competitivo en el marco de una sociedad participativa, justa, pluralista, solidaria y autogestionaria, bajo la orientaci\u00f3n de sus docentes, en aras de convertirla en una entidad cuya viabilidad estuviera en materia de educaci\u00f3n vinculada en la b\u00fasqueda de soluci\u00f3n a las necesidades de la comunidad, no solo de su entorno, sino de los distintos sectores que acudan hasta sus instalaciones para un mejor porvenir, tal como nos lo socializaron sus educadores.<\/p>\n<h3>Acercamiento con la instituci\u00f3n<\/h3>\n<p>Con el prop\u00f3sito de seguir de cerca este proceso educativo de la ahora<strong> Instituci\u00f3n Educativa Distrital Carlos Meisel, las diferentes promociones y en especial la de la d\u00e9cada de los 60, 70 a 80<\/strong>, permanecen en comunicaci\u00f3n con el gobierno escolar del plantel, haciendo intercambios de idea y para tal fin, el equipo de trabajo conformado por rectores y profesores ven con positivismo el inter\u00e9s presentado por los egresados, para llevar a cabo una cercana convivencia y poder socializar de una u otra manera las proyecciones que se adelantan.<\/p>\n<p>El actual rector Pedro Marriaga ha invitado a los miembros de la promociones de egresados meiselistas que lo deseen, a que participen en este proceso comunicativo y de acciones, dentro del gobierno escolar en raz\u00f3n en que ellos tienen derecho a ser part\u00edcipes como sus representantes en ese organismo en el Consejo Directivo, siendo \u00e9l quien lo preside y tiene a su cargo la responsabilidad de las 4 \u00e1reas de gesti\u00f3n en todas las sedes que integran la misma y est\u00e1 conformado por un miembro de los docentes de las jornadas: ma\u00f1ana y tarde, uno de los padres de familia, otro del sector productivo y el personero estudiantil.<\/p>\n<h3>Sedes y Jornadas<\/h3>\n<p>La<strong> Instituci\u00f3n Educativa Distrital Carlos Meisel,<\/strong> <strong>cuenta con tres sedes, la N\u00b0 1, localizada en la calle 73 con carrera 24 en las Jornadas Diurna y nocturna, la Sede 2: Ubicada en la Calle 74 carrera 24c<\/strong>, que ofrece los Niveles de Preescolar y b\u00e1sica primaria en la Jornada diurna, la Sede 3: Ubicada en la Carrera 24 Calle 76 ofrece los Niveles de Preescolar y b\u00e1sica primaria en la Jornada diurna.<\/p>\n<p>En la actualidad el centro educativo utiliza como lema: \u201cCon amor, dialogo y tolerancia\u201d, lo cual se aplica a la tarea que tienen sus directivos de que exista un amor hacia la instituci\u00f3n, prevalezca una buena convivencia y se permita hasta ciertos l\u00edmites la pasividad entre el gobierno escolar existente para lograr una sana convivencia.<\/p>\n<p>Existe un gran inter\u00e9s entre la parte administrativa para que los vecinos del sector cuiden sus sedes denunciando cualquier irregularidad a fin de ponerlas en conocimiento de las autoridades para que se puedan realizar las jornadas acad\u00e9micas en el marco de un buen ambiente de paz y armon\u00eda.<\/p>\n<p>Con 64 a\u00f1os de fundado el Colegio de Bachillerato Carlos Meisel, hoy institucionalizado como entidad educativa distrital, las promociones de esos a\u00f1os, los veteranos, lo continuar\u00e1n recordando con su primer himno y sus lemas que implementaron una marca de respeto, familiaridad, convivencia y compa\u00f1erismo que muchas instituciones anhelar\u00edan tener con honradez y saber implementado como la identificaci\u00f3n del alumno meiselista\u201d<\/p>\n<p>Ese antiguo colegio de bachillerato Carlos Meisel, vive y seguir\u00e1 viviendo en el recuerdo de sus antiguos alumnos, con alegr\u00eda, entusiasmo, con amor, algo que ha dejado huellas en nuestras vidas. hoy profesionales y\/o personas de bien que agradecen sus ense\u00f1anzas y sus direccionamientos y como no aflorar esos momentos felices, esos tiempos idos, que no se recobran, que nos vienen a la mente, porque form\u00f3 parte de las experiencias juveniles que agrup\u00e1ndolas se convirtieron en pasi\u00f3n y que con ese entusiasmo caribe\u00f1o seguir\u00e1n recordando a Freddy Molina el compositor del vallenato.<\/p>\n<blockquote><p>\u201cNo volver\u00e1n los tiempos de la cometa,<br \/>\nCuando yo ni\u00f1o, brisas ped\u00eda a san Lorenzo<br \/>\nMariposa en la Malena, revoletean son recuerdos<br \/>\nY el profesor que me pega por llegar tarde al colegio.<\/p><\/blockquote>\n<h3>LEA: <a href=\"https:\/\/contrastes.com.co\/digital\/colegio-carlos-meisel-64-anos-de-pasion-por-wilber-fabregas-molina\/\">Colegio Carlos Meisel: \u00a164 a\u00f1os de pasi\u00f3n! \/ Por Wilber F\u00e1bregas Molina (Primera Parte)<\/a><\/h3>\n","protected":false},"excerpt":{"rendered":"<p>\u201cLo que se hereda no se hurta\u201d. Es la frase que podemos aplicar a este proverbio de la sabidur\u00eda popular, expresada orgullosamente por un gran n\u00famero de egresados de los a\u00f1os, 60,70 al 80, como agradecimiento por ese proceso educativo, recibido de la entidad pedag\u00f3gica Carlos Meisel, la que inicialmente funcion\u00f3 como Colegio de Bachillerato y hoy Instituci\u00f3n Educativa Distrital, con 64 a\u00f1os de funcionamiento, siendo forjadora de generaciones del primer orden en el Distrito de Barranquilla, en donde se cumple uno de los tantos par\u00e1metros contenidos en las estrofas del primer himno que tuvo la instituci\u00f3n, de la autor\u00eda de su docente en m\u00fasica, letrado Julio Ojito Palma que indica:<\/p>\n","protected":false},"author":1,"featured_media":14128,"comment_status":"open","ping_status":"open","sticky":false,"template":"","format":"standard","meta":{"footnotes":""},"categories":[8849,163,782,6],"tags":[9449,9453,224,9418,9450,9452,9451,9417],"class_list":["post-14127","post","type-post","status-publish","format-standard","has-post-thumbnail","hentry","category-cronicas","category-educacion","category-historia","category-region","tag-carlos-meisel","tag-colegio-de-bachillerato","tag-distrito-de-barranquilla","tag-duvis-romero-rojas","tag-institucion-educativa-distrital-carlos-meisel","tag-pedro-marriaga","tag-promocion-del-73","tag-wilber-fabregas-molina"],"_links":{"self":[{"href":"https:\/\/contrastes.com.co\/digital\/wp-json\/wp\/v2\/posts\/14127","targetHints":{"allow":["GET"]}}],"collection":[{"href":"https:\/\/contrastes.com.co\/digital\/wp-json\/wp\/v2\/posts"}],"about":[{"href":"https:\/\/contrastes.com.co\/digital\/wp-json\/wp\/v2\/types\/post"}],"author":[{"embeddable":true,"href":"https:\/\/contrastes.com.co\/digital\/wp-json\/wp\/v2\/users\/1"}],"replies":[{"embeddable":true,"href":"https:\/\/contrastes.com.co\/digital\/wp-json\/wp\/v2\/comments?post=14127"}],"version-history":[{"count":3,"href":"https:\/\/contrastes.com.co\/digital\/wp-json\/wp\/v2\/posts\/14127\/revisions"}],"predecessor-version":[{"id":14136,"href":"https:\/\/contrastes.com.co\/digital\/wp-json\/wp\/v2\/posts\/14127\/revisions\/14136"}],"wp:featuredmedia":[{"embeddable":true,"href":"https:\/\/contrastes.com.co\/digital\/wp-json\/wp\/v2\/media\/14128"}],"wp:attachment":[{"href":"https:\/\/contrastes.com.co\/digital\/wp-json\/wp\/v2\/media?parent=14127"}],"wp:term":[{"taxonomy":"category","embeddable":true,"href":"https:\/\/contrastes.com.co\/digital\/wp-json\/wp\/v2\/categories?post=14127"},{"taxonomy":"post_tag","embeddable":true,"href":"https:\/\/contrastes.com.co\/digital\/wp-json\/wp\/v2\/tags?post=14127"}],"curies":[{"name":"wp","href":"https:\/\/api.w.org\/{rel}","templated":true}]}}