{"id":14149,"date":"2023-05-22T13:07:29","date_gmt":"2023-05-22T18:07:29","guid":{"rendered":"https:\/\/contrastes.com.co\/digital\/?p=14149"},"modified":"2023-05-24T13:23:43","modified_gmt":"2023-05-24T18:23:43","slug":"la-soledena-sharid-fayad-nueva-campeona-panamericana-y-latinoamericana-junior","status":"publish","type":"post","link":"https:\/\/contrastes.com.co\/digital\/la-soledena-sharid-fayad-nueva-campeona-panamericana-y-latinoamericana-junior\/","title":{"rendered":"La solede\u00f1a Sharid Fayad, nueva campeona panamericana y latinoamericana junior"},"content":{"rendered":"<p><strong>*La solede\u00f1a Sharid Fayad, nueva campeona panamericana y latinoamericana junior<\/strong><\/p>\n<blockquote><p><strong>La atleta solede\u00f1a fue la mejor carta de Colombia para la m\u00e1s reciente la Copa Latina de BMX y el Campeonato Panamericano de este fin de semana en Ecuador.<\/strong><\/p><\/blockquote>\n<p><img loading=\"lazy\" decoding=\"async\" class=\"alignleft  wp-image-8524\" src=\"https:\/\/contrastes.com.co\/digital\/wp-content\/uploads\/2022\/03\/l-capitular.png\" alt=\"l capitular\" width=\"66\" height=\"66\" srcset=\"https:\/\/contrastes.com.co\/digital\/wp-content\/uploads\/2022\/03\/l-capitular.png 150w, https:\/\/contrastes.com.co\/digital\/wp-content\/uploads\/2022\/03\/l-capitular-60x60.png 60w\" sizes=\"auto, (max-width: 66px) 100vw, 66px\" \/>a corredora solede\u00f1a Sharid Fayad, dio pasos importantes en su objetivo de clasificar a los pr\u00f3ximos Juegos Ol\u00edmpicos de Par\u00eds 2024 al colgarse la medalla de oro, en la categor\u00eda junior, de la sexta ronda de la Copa Latina de BMX, que se disput\u00f3 este fin de semana en Riobamba, Ecuador.<\/p>\n<p><iframe loading=\"lazy\" title=\"Sharid Fayad es campeona panamericana Junior de BMX\" width=\"640\" height=\"360\" src=\"https:\/\/www.youtube.com\/embed\/9Xwru87u23w?feature=oembed\" frameborder=\"0\" allow=\"accelerometer; autoplay; clipboard-write; encrypted-media; gyroscope; picture-in-picture; web-share\" referrerpolicy=\"strict-origin-when-cross-origin\" allowfullscreen><\/iframe><\/p>\n<p>La joven atlanticense fue la l\u00edder de una delegaci\u00f3n colombiana que se acredit\u00f3 un total de diez medallas dentro de esta competencia. Cuatro corredores alcanzaron la presea dorada, mientras que las medallas de plata y bronce se completaron con tres para cada una.<\/p>\n<p>Fayad hizo parte de los oros en junior junto con Juan Jos\u00e9 Vel\u00e1squez. Manuela Mart\u00ednez rein\u00f3 en la categor\u00eda sub-23 y Diego Arboleda se llev\u00f3 la \u00e9lite.<\/p>\n<p>Colombia tambi\u00e9n dio se\u00f1as de claro dominio en el Campeonato Panamericano de BMX que se celebr\u00f3 tambi\u00e9n en Ecuador, este fin de semana. All\u00ed Sharid Fayad volvi\u00f3 a montarse a lo m\u00e1s alto del trono en la categor\u00eda junior.<\/p>\n<p><iframe loading=\"lazy\" title=\"Sharid Fayad pedaleando por un sue\u00f1o\" width=\"640\" height=\"360\" src=\"https:\/\/www.youtube.com\/embed\/2e9QyXh80v0?feature=oembed\" frameborder=\"0\" allow=\"accelerometer; autoplay; clipboard-write; encrypted-media; gyroscope; picture-in-picture; web-share\" referrerpolicy=\"strict-origin-when-cross-origin\" allowfullscreen><\/iframe><\/p>\n<p>Fueron nueve medallas en total para el territorio nacional en esta competencia. Oros para Fayad y Manuela Mart\u00ednez, este en la categor\u00eda sub-23, y platas para Mariana Agudelo (junior) y Carlos Ram\u00edrez (\u00e9lite).<\/p>\n<p>Los bronces fueron completados por Santiago Santa, Valentina Mu\u00f1oz, ambos en sub-23, y Santiago Su\u00e1rez (\u00e9lite).<\/p>\n<p>\u201cEstoy muy feliz. Este es mi cuarto a\u00f1o consecutivo siendo campeona panamericana, segundo a\u00f1o consecutivo en la categor\u00eda junior. Feliz de haber sido primera en todas las mangas, de poder llevar el nombre de Colombia en alto y agradecida con todas las personas que me apoyan\u201d, declar\u00f3 Sharid Fayad cuando se terminaron las justas.<\/p>\n<p>&nbsp;<\/p>\n<p>&nbsp;<\/p>\n<p>&nbsp;<\/p>\n","protected":false},"excerpt":{"rendered":"<p>La corredora solede\u00f1a Sharid Fayad, dio pasos importantes en su objetivo de clasificar a los pr\u00f3ximos Juegos Ol\u00edmpicos de Par\u00eds 2024 al colgarse la medalla de oro, en la categor\u00eda junior, de la sexta ronda de la Copa Latina de BMX, que se disput\u00f3 este fin de semana en Riobamba, Ecuador.<\/p>\n","protected":false},"author":1,"featured_media":14150,"comment_status":"open","ping_status":"open","sticky":false,"template":"","format":"standard","meta":{"footnotes":""},"categories":[8,2,11,4,4995],"tags":[9459,9460,9461,3814],"class_list":["post-14149","post","type-post","status-publish","format-standard","has-post-thumbnail","hentry","category-deportes","category-locales","category-mundo","category-pais","category-television-web","tag-bmx","tag-campeona-panamericana","tag-corredora-soledena","tag-sharid-fayad"],"_links":{"self":[{"href":"https:\/\/contrastes.com.co\/digital\/wp-json\/wp\/v2\/posts\/14149","targetHints":{"allow":["GET"]}}],"collection":[{"href":"https:\/\/contrastes.com.co\/digital\/wp-json\/wp\/v2\/posts"}],"about":[{"href":"https:\/\/contrastes.com.co\/digital\/wp-json\/wp\/v2\/types\/post"}],"author":[{"embeddable":true,"href":"https:\/\/contrastes.com.co\/digital\/wp-json\/wp\/v2\/users\/1"}],"replies":[{"embeddable":true,"href":"https:\/\/contrastes.com.co\/digital\/wp-json\/wp\/v2\/comments?post=14149"}],"version-history":[{"count":1,"href":"https:\/\/contrastes.com.co\/digital\/wp-json\/wp\/v2\/posts\/14149\/revisions"}],"predecessor-version":[{"id":14151,"href":"https:\/\/contrastes.com.co\/digital\/wp-json\/wp\/v2\/posts\/14149\/revisions\/14151"}],"wp:featuredmedia":[{"embeddable":true,"href":"https:\/\/contrastes.com.co\/digital\/wp-json\/wp\/v2\/media\/14150"}],"wp:attachment":[{"href":"https:\/\/contrastes.com.co\/digital\/wp-json\/wp\/v2\/media?parent=14149"}],"wp:term":[{"taxonomy":"category","embeddable":true,"href":"https:\/\/contrastes.com.co\/digital\/wp-json\/wp\/v2\/categories?post=14149"},{"taxonomy":"post_tag","embeddable":true,"href":"https:\/\/contrastes.com.co\/digital\/wp-json\/wp\/v2\/tags?post=14149"}],"curies":[{"name":"wp","href":"https:\/\/api.w.org\/{rel}","templated":true}]}}