{"id":14169,"date":"2023-05-26T14:54:27","date_gmt":"2023-05-26T19:54:27","guid":{"rendered":"https:\/\/contrastes.com.co\/digital\/?p=14169"},"modified":"2023-05-26T14:57:49","modified_gmt":"2023-05-26T19:57:49","slug":"regimen-de-putin-atenta-contra-la-libertad-de-prensa-en-colombia","status":"publish","type":"post","link":"https:\/\/contrastes.com.co\/digital\/regimen-de-putin-atenta-contra-la-libertad-de-prensa-en-colombia\/","title":{"rendered":"R\u00e9gimen de Putin atenta contra la libertad de prensa en Colombia"},"content":{"rendered":"<p><strong>R\u00e9gimen de Putin atenta contra la libertad de prensa en Colombia: embajada de Rusia en Bogot\u00e1 calific\u00f3 de \u201cextremista\u201d e \u201cincitador del terrorismo\u201d a cadena radial<\/strong><\/p>\n<blockquote><p><strong>El Gobierno nacional, periodistas, asociaciones de medios y varios miembros del Congreso de la Rep\u00fablica le exigieron a la representaci\u00f3n diplom\u00e1tica de Vladimir Putin en Colombia respetar la libertad de expresi\u00f3n en el pa\u00eds<\/strong><\/p><\/blockquote>\n<p><em><strong><a href=\"https:\/\/www.infobae.com\/colombia\/2023\/05\/26\/regimen-de-putin-atenta-conta-la-libertad-de-prensa-en-colombia-embajada-de-rusia-en-bogota-califico-de-extremista-e-incitador-del-terrorismo-a-cadena-radial\/\">Infobae.com<\/a><\/strong><\/em><\/p>\n<p><img loading=\"lazy\" decoding=\"async\" class=\"alignleft wp-image-8529\" src=\"https:\/\/contrastes.com.co\/digital\/wp-content\/uploads\/2022\/03\/e-capitular.png\" alt=\"e capitular\" width=\"66\" height=\"66\" srcset=\"https:\/\/contrastes.com.co\/digital\/wp-content\/uploads\/2022\/03\/e-capitular.png 150w, https:\/\/contrastes.com.co\/digital\/wp-content\/uploads\/2022\/03\/e-capitular-60x60.png 60w\" sizes=\"auto, (max-width: 66px) 100vw, 66px\" \/><strong>l gobierno de Gustavo Petro, congresistas, periodistas y otros personalidades en el pa\u00eds rechazaron con vehemencia que la Embajada de Rusia en Colombia atentara contra la libertad de prensa al sindicar de \u201cextremista\u201d a la emisora W Radio<\/strong> por un informe que publicaron sobre el modelo pol\u00edtico de ese pa\u00eds euroasi\u00e1tico.<\/p>\n<p><iframe loading=\"lazy\" title=\"Peligra la libertad de prensa: Julio S\u00e1nchez Cristo tras pronunciamiento de Rusia contra W\" width=\"640\" height=\"360\" src=\"https:\/\/www.youtube.com\/embed\/PyxHGpq-9q4?feature=oembed\" frameborder=\"0\" allow=\"accelerometer; autoplay; clipboard-write; encrypted-media; gyroscope; picture-in-picture; web-share\" referrerpolicy=\"strict-origin-when-cross-origin\" allowfullscreen><\/iframe><\/p>\n<p>A trav\u00e9s de un comunicado, considerado violento por analistas, la oficina que representa los intereses rusos en Colombia manifest\u00f3 su \u201cprofunda indignaci\u00f3n\u201d por el art\u00edculo que la frecuencial radial public\u00f3 recientemente en el que auguraban que el \u201cr\u00e9gimen de Mosc\u00fa\u201d finalizar\u00eda tras la guerra con Ucrania, que empez\u00f3 en marzo del 2022.<\/p>\n<p>En la misiva la oficina diplom\u00e1tica de Putin le advirti\u00f3 al medio colombiano que deb\u00edan asumir <strong>\u201cla total responsabilidad por el contenido que publique y por conceder su tribuna a personas extremistas\u201d, r<\/strong>efiri\u00e9ndose a Ilya Ponomarev, exdiputado del parlamento de Rusia, quien convers\u00f3 con esa emisora y lanz\u00f3 dardos al modelo pol\u00edtico de su pa\u00eds natal.<\/p>\n<p><strong>La embajada rusa calific\u00f3 al excongresista de \u201cagente extranjero y buscado por la justicia, extremista y que se jacta de atentados terroristas\u201d<\/strong> en ese pa\u00eds. Adem\u00e1s, aseguraron que <strong>Ponomarev habr\u00eda sido responsable de \u201cvarios muertos y heridos entre poblaci\u00f3n civil\u201d, se\u00f1alaron los diplom\u00e1ticos de Rusia.<\/strong><\/p>\n<p>Incluso, le solicitaron expresamente al medio colombiano que condenaran \u201cactivamente las ideas extremistas que promueve el material de esa odiosa \u00edndole\u201d. Finalizaron el comunicado cuestionando el periodismo nacional:<\/p>\n<blockquote><p><strong>\u201cHay que trazar una l\u00ednea muy clara entre la libertad de opini\u00f3n y el coqueteo con la ideolog\u00eda de terrorismo\u201d, se\u00f1al\u00f3.<\/strong><\/p><\/blockquote>\n<figure id=\"attachment_14170\" aria-describedby=\"caption-attachment-14170\" style=\"width: 768px\" class=\"wp-caption alignnone\"><img loading=\"lazy\" decoding=\"async\" class=\"wp-image-14170 size-full\" src=\"https:\/\/contrastes.com.co\/digital\/wp-content\/uploads\/2023\/05\/BJWY5SCQCRHVTBGPIKHSQOUYVA.jpg\" alt=\"rusamisiva23\" width=\"768\" height=\"1365\" srcset=\"https:\/\/contrastes.com.co\/digital\/wp-content\/uploads\/2023\/05\/BJWY5SCQCRHVTBGPIKHSQOUYVA.jpg 768w, https:\/\/contrastes.com.co\/digital\/wp-content\/uploads\/2023\/05\/BJWY5SCQCRHVTBGPIKHSQOUYVA-169x300.jpg 169w, https:\/\/contrastes.com.co\/digital\/wp-content\/uploads\/2023\/05\/BJWY5SCQCRHVTBGPIKHSQOUYVA-576x1024.jpg 576w\" sizes=\"auto, (max-width: 768px) 100vw, 768px\" \/><figcaption id=\"caption-attachment-14170\" class=\"wp-caption-text\">Embajada rusa en Colombia desata pol\u00e9mica por sindicar de \u00abextremista\u00bb a la W Radio: Canciller\u00eda, periodistas y pol\u00edticos reaccionaron.<\/figcaption><\/figure>\n<h3>Las reacciones no dieron espera<\/h3>\n<p>La <strong>Canciller\u00eda de Colombia, dirigida por \u00c1lvaro Leyva Dur\u00e1n, <\/strong>reiter\u00f3 que en la naci\u00f3n <strong>\u201cdefienden la libertad de expresi\u00f3n\u201d tal y como estipula la Carta Magna colombiana<\/strong> y por eso reiteraron que no aceptan la \u201ccensura\u201d que promov\u00edan desde la Embajada Rusa en el pa\u00eds cafetero.<\/p>\n<p>\u201cSumado a este marco constitucional del Estado colombiano, que el Gobierno nacional respeta y defiende, se realizan esfuerzos desde diferentes escenarios para que esta libertad, garant\u00eda de la democracia, se fortalezca cada d\u00eda m\u00e1s\u201d, se\u00f1al\u00f3 el Ministerio de Relaciones Exteriores en un comunicado, donde reiteraron su vehemente \u201crechazo\u201d a la censura promovida por los diplom\u00e1ticos del pa\u00eds m\u00e1s grande del mundo.<\/p>\n<blockquote><p><strong>\u201cEl Gobierno nacional rechaza la censura a los medios de comunicaci\u00f3n, en tanto socava los cimientos de una sociedad democr\u00e1tica, libre, informada y participativa\u201d, concluy\u00f3 la Canciller\u00eda.<\/strong><\/p><\/blockquote>\n<figure id=\"attachment_14171\" aria-describedby=\"caption-attachment-14171\" style=\"width: 768px\" class=\"wp-caption alignnone\"><img loading=\"lazy\" decoding=\"async\" class=\"wp-image-14171 size-full\" src=\"https:\/\/contrastes.com.co\/digital\/wp-content\/uploads\/2023\/05\/5I7QHCRB3JE6FCB6G26XMKIZUM.jpg\" alt=\"respuestagobrus23\" width=\"768\" height=\"1024\" srcset=\"https:\/\/contrastes.com.co\/digital\/wp-content\/uploads\/2023\/05\/5I7QHCRB3JE6FCB6G26XMKIZUM.jpg 768w, https:\/\/contrastes.com.co\/digital\/wp-content\/uploads\/2023\/05\/5I7QHCRB3JE6FCB6G26XMKIZUM-225x300.jpg 225w\" sizes=\"auto, (max-width: 768px) 100vw, 768px\" \/><figcaption id=\"caption-attachment-14171\" class=\"wp-caption-text\">Embajada rusa en Colombia desata pol\u00e9mica por sindicar de \u00abextremista\u00bb a la W Radio: Canciller\u00eda, periodistas y pol\u00edticos reaccionaron.<\/figcaption><\/figure>\n<p>As\u00ed mismo, diferentes voces de protesta se elevaron contra el gobierno de Vladimir Putin al intentar, seg\u00fan dijeron en redes sociales, callar a la W Radio, cuyo director, el reconocido periodista Julio S\u00e1nchez Cristo, advirti\u00f3 en su cuenta de Twitter que \u201cest\u00e1 en peligro la libertad de prensa\u201d.<\/p>\n<blockquote><p><strong>\u201cAyer un comunicado mundial contra WRadio con expresiones inaceptables criticando a nuestro equipo internacional que est\u00e1 en la guerra, Rusia confirm\u00f3 que poco o nada respeta la libre opini\u00f3n. Sus voceros siguen invitados a nuestra emisi\u00f3n\u201d, asever\u00f3 el locutor.<\/strong><\/p><\/blockquote>\n<p><a href=\"https:\/\/twitter.com\/jsanchezcristo\/status\/1662028625179287552\">https:\/\/twitter.com\/jsanchezcristo\/status\/1662028625179287552<\/a><\/p>\n<p>Incluso, la empresa Prisa Media, propietaria del medio colombiano, tambi\u00e9n mostr\u00f3 su \u201crechazo a los t\u00e9rminos del comunicado de Rusia en Colombia contra W Radio\u201d y le recordaron al gobierno de Putin que \u201cel ejercicio del periodismo est\u00e1 orientado por los principios \u00e9ticos del oficio y no por los intereses de las partes del conflicto\u201d.<\/p>\n<p>Congresistas colombianos, de todas las orillas pol\u00edticas, tambi\u00e9n condenaron el pronunciamiento de la embajada rusia y le pidieron al Gobierno Petro, as\u00ed como a la Fundaci\u00f3n para la Libertad de Prensa (FLIP), tomar cartas en el asunto cuanto antes.<\/p>\n<blockquote><p><strong>\u201cRechazo contundente a la censura y al ataque a un medio de comunicaci\u00f3n. El gobierno nacional debe fijar su posici\u00f3n sobre este comunicado de la embajada Rusa\u201d, dijo el senador Ciro Ram\u00edrez, del Centro Democr\u00e1tico.<\/strong><\/p>\n<p><strong>\u201cEste comunicado tan abusivo como delirante. La libertad de prensa se respeta y ning\u00fan pa\u00eds extranjero puede atribuirse el atrevimiento de decirle a los medios colombianos a qui\u00e9n entrevistar o no. La FLIO debe reaccionar inmediatamente\u201d, se\u00f1al\u00f3 la representante Catherine Juvinao, de la Alianza Verde.<\/strong><\/p>\n<p><strong>\u201cEsto es pura y f\u00edsica censura. Muy grave que la Embajada Rusa en Colombia pretenda controlar a qui\u00e9nes s\u00ed y a qui\u00e9nes no puede entrevistar una emisora, eso es un irrespeto total a la libertad de prensa. Mi solidaridad con W Radio\u201d, sentenci\u00f3 el senador David Luna, de Cambio Radical.<\/strong><\/p><\/blockquote>\n<p>Como estos, m\u00faltiples comentarios han inundado las redes sociales con exigencias de respetar el ejercicio libre del periodismo en Colombia.<\/p>\n<p><em><strong><a href=\"https:\/\/www.infobae.com\/colombia\/2023\/05\/26\/regimen-de-putin-atenta-conta-la-libertad-de-prensa-en-colombia-embajada-de-rusia-en-bogota-califico-de-extremista-e-incitador-del-terrorismo-a-cadena-radial\/\">M\u00e1s en Infobae.com<\/a><\/strong><\/em><\/p>\n","protected":false},"excerpt":{"rendered":"<p>El gobierno de Gustavo Petro, congresistas, periodistas y otros personalidades en el pa\u00eds rechazaron con vehemencia que la Embajada de Rusia en Colombia atentara contra la libertad de prensa al sindicar de \u201cextremista\u201d a la emisora W Radio por un informe que publicaron sobre el modelo pol\u00edtico de ese pa\u00eds euroasi\u00e1tico.<\/p>\n","protected":false},"author":1,"featured_media":14173,"comment_status":"open","ping_status":"open","sticky":false,"template":"","format":"standard","meta":{"footnotes":""},"categories":[11,235,4,5,1247,4995],"tags":[9487,9485,9486,1975],"class_list":["post-14169","post","type-post","status-publish","format-standard","has-post-thumbnail","hentry","category-mundo","category-opinion","category-pais","category-politica","category-sucesos","category-television-web","tag-embajada-rusa","tag-libertad-de-prensa-en-colombia","tag-regimen-de-putin","tag-w-radio"],"_links":{"self":[{"href":"https:\/\/contrastes.com.co\/digital\/wp-json\/wp\/v2\/posts\/14169","targetHints":{"allow":["GET"]}}],"collection":[{"href":"https:\/\/contrastes.com.co\/digital\/wp-json\/wp\/v2\/posts"}],"about":[{"href":"https:\/\/contrastes.com.co\/digital\/wp-json\/wp\/v2\/types\/post"}],"author":[{"embeddable":true,"href":"https:\/\/contrastes.com.co\/digital\/wp-json\/wp\/v2\/users\/1"}],"replies":[{"embeddable":true,"href":"https:\/\/contrastes.com.co\/digital\/wp-json\/wp\/v2\/comments?post=14169"}],"version-history":[{"count":3,"href":"https:\/\/contrastes.com.co\/digital\/wp-json\/wp\/v2\/posts\/14169\/revisions"}],"predecessor-version":[{"id":14176,"href":"https:\/\/contrastes.com.co\/digital\/wp-json\/wp\/v2\/posts\/14169\/revisions\/14176"}],"wp:featuredmedia":[{"embeddable":true,"href":"https:\/\/contrastes.com.co\/digital\/wp-json\/wp\/v2\/media\/14173"}],"wp:attachment":[{"href":"https:\/\/contrastes.com.co\/digital\/wp-json\/wp\/v2\/media?parent=14169"}],"wp:term":[{"taxonomy":"category","embeddable":true,"href":"https:\/\/contrastes.com.co\/digital\/wp-json\/wp\/v2\/categories?post=14169"},{"taxonomy":"post_tag","embeddable":true,"href":"https:\/\/contrastes.com.co\/digital\/wp-json\/wp\/v2\/tags?post=14169"}],"curies":[{"name":"wp","href":"https:\/\/api.w.org\/{rel}","templated":true}]}}