{"id":14179,"date":"2023-05-26T15:17:58","date_gmt":"2023-05-26T20:17:58","guid":{"rendered":"https:\/\/contrastes.com.co\/digital\/?p=14179"},"modified":"2023-05-26T15:17:58","modified_gmt":"2023-05-26T20:17:58","slug":"ya-pasamos-las-69-mil-firmas-grupo-significativo-de-ciudadanos-estamos-con-alcira","status":"publish","type":"post","link":"https:\/\/contrastes.com.co\/digital\/ya-pasamos-las-69-mil-firmas-grupo-significativo-de-ciudadanos-estamos-con-alcira\/","title":{"rendered":"\u00a1Ya pasamos las 69 mil firmas!: Grupo Significativo de Ciudadanos Estamos con Alcira"},"content":{"rendered":"<p><strong>*\u00a1Ya pasamos las 69 mil firmas!: Grupo Significativo de Ciudadanos Estamos con Alcira<\/strong><\/p>\n<blockquote><p><strong>GSC Estamos con Alcira agradece las 69.984 firmas alcanzadas en Soledad y con una Firmatour reafirmamos que Estamos Por M\u00e1s Firmas!<\/strong><\/p><\/blockquote>\n<p><img loading=\"lazy\" decoding=\"async\" class=\"alignleft  wp-image-8529\" src=\"https:\/\/contrastes.com.co\/digital\/wp-content\/uploads\/2022\/03\/e-capitular.png\" alt=\"e capitular\" width=\"74\" height=\"74\" srcset=\"https:\/\/contrastes.com.co\/digital\/wp-content\/uploads\/2022\/03\/e-capitular.png 150w, https:\/\/contrastes.com.co\/digital\/wp-content\/uploads\/2022\/03\/e-capitular-60x60.png 60w\" sizes=\"auto, (max-width: 74px) 100vw, 74px\" \/><strong>l Grupo Significativo de Ciudadanos Estamos con Alcira,<\/strong> logr\u00f3 hasta la fecha,<strong> 69.984 firmas de las 50 mil que oficialmente requiere el Consejo Nacional Electoral<\/strong> para <strong>oficializar la candidatura a la Alcald\u00eda de Soledad de la doctora Alcira Sandoval Ib\u00e1\u00f1ez<\/strong>, la M\u00e9dico del pueblo y anuncia que seguir\u00e1 con el proceso de recolecci\u00f3n de firmas hasta cuando la Ley lo permite.<\/p>\n<div style=\"width: 368px;\" class=\"wp-video\"><!--[if lt IE 9]><script>document.createElement('video');<\/script><![endif]-->\n<video class=\"wp-video-shortcode\" id=\"video-14179-1\" width=\"368\" height=\"656\" preload=\"metadata\" controls=\"controls\"><source type=\"video\/mp4\" src=\"https:\/\/contrastes.com.co\/digital\/wp-content\/uploads\/2023\/05\/WhatsApp-Video-2023-05-26-at-1.59.37-PM.mp4?_=1\" \/><a href=\"https:\/\/contrastes.com.co\/digital\/wp-content\/uploads\/2023\/05\/WhatsApp-Video-2023-05-26-at-1.59.37-PM.mp4\">https:\/\/contrastes.com.co\/digital\/wp-content\/uploads\/2023\/05\/WhatsApp-Video-2023-05-26-at-1.59.37-PM.mp4<\/a><\/video><\/div>\n<p>\u00abLa actividad es para agradecer juntos nuestras primeras 69.984 firmas, producto del esfuerzo y compromiso de activistas y amigos que, d\u00eda a d\u00eda, durante los \u00faltimos tres meses, han recorrido los barrios de Soledad buscando el apoyo de la ciudadan\u00eda para respaldar la aspiraci\u00f3n democr\u00e1tica que nos impulsa para aspirar al primer cargo municipal, tan pronto quede inscrita como candidata\u201d expres\u00f3 la l\u00edder Alcira Sandoval Ib\u00e1\u00f1ez.<\/p>\n<p>El evento de agradecimiento a los 69.984 ciudadanos que han firmado por la iniciativa del GSC ser\u00e1 una firmatour, actividad cicl\u00edstica que har\u00e1n los activistas del grupo , desde las 3.00 de la tarde de este domingo 28 de Mayo, saliendo desde la entrada de la urbanizaci\u00f3n Sol Real hasta la Plaza Principal del municipio.<\/p>\n<p>Al terminar la<strong> biciruta o firmatour de agradecimiento<\/strong>, los integrantes del Grupo Significativo de Ciudadanos Estamos con Alcira anunciar\u00e1n el inicio de la segunda fase de la tarea democr\u00e1tica que busca alcanzar un n\u00famero mayor a las 100 mil firmas que permitan lograr su prop\u00f3sito de inscribir a la m\u00e9dico Sandoval Ib\u00e1\u00f1ez como candidata para ser la pr\u00f3xima alcaldesa de los solede\u00f1os.<\/p>\n","protected":false},"excerpt":{"rendered":"<p>El Grupo Significativo de Ciudadanos Estamos con Alcira, logr\u00f3 hasta la fecha, 69.984 firmas de las 50 mil que oficialmente requiere el Consejo Nacional Electoral para oficializar la candidatura a la Alcald\u00eda de Soledad de la doctora Alcira Sandoval Ib\u00e1\u00f1ez, la M\u00e9dico del pueblo y anuncia que seguir\u00e1 con el proceso de recolecci\u00f3n de firmas hasta cuando la Ley lo permite.<\/p>\n","protected":false},"author":1,"featured_media":14181,"comment_status":"open","ping_status":"open","sticky":false,"template":"","format":"standard","meta":{"footnotes":""},"categories":[756,8725,2,4995],"tags":[2017,9488,8728,8582,9489],"class_list":["post-14179","post","type-post","status-publish","format-standard","has-post-thumbnail","hentry","category-comunidad","category-elecciones-regionales-2023","category-locales","category-television-web","tag-alcira-sandoval","tag-biciruta-o-firmatour-de-agradecimiento","tag-consejo-nacional-electoral","tag-grupo-significativo-de-ciudadanos-estamos-con-alcira","tag-oficializar-la-candidatura-a-la-alcaldia-de-soledad"],"_links":{"self":[{"href":"https:\/\/contrastes.com.co\/digital\/wp-json\/wp\/v2\/posts\/14179","targetHints":{"allow":["GET"]}}],"collection":[{"href":"https:\/\/contrastes.com.co\/digital\/wp-json\/wp\/v2\/posts"}],"about":[{"href":"https:\/\/contrastes.com.co\/digital\/wp-json\/wp\/v2\/types\/post"}],"author":[{"embeddable":true,"href":"https:\/\/contrastes.com.co\/digital\/wp-json\/wp\/v2\/users\/1"}],"replies":[{"embeddable":true,"href":"https:\/\/contrastes.com.co\/digital\/wp-json\/wp\/v2\/comments?post=14179"}],"version-history":[{"count":1,"href":"https:\/\/contrastes.com.co\/digital\/wp-json\/wp\/v2\/posts\/14179\/revisions"}],"predecessor-version":[{"id":14183,"href":"https:\/\/contrastes.com.co\/digital\/wp-json\/wp\/v2\/posts\/14179\/revisions\/14183"}],"wp:featuredmedia":[{"embeddable":true,"href":"https:\/\/contrastes.com.co\/digital\/wp-json\/wp\/v2\/media\/14181"}],"wp:attachment":[{"href":"https:\/\/contrastes.com.co\/digital\/wp-json\/wp\/v2\/media?parent=14179"}],"wp:term":[{"taxonomy":"category","embeddable":true,"href":"https:\/\/contrastes.com.co\/digital\/wp-json\/wp\/v2\/categories?post=14179"},{"taxonomy":"post_tag","embeddable":true,"href":"https:\/\/contrastes.com.co\/digital\/wp-json\/wp\/v2\/tags?post=14179"}],"curies":[{"name":"wp","href":"https:\/\/api.w.org\/{rel}","templated":true}]}}