{"id":14207,"date":"2023-05-26T13:30:11","date_gmt":"2023-05-26T18:30:11","guid":{"rendered":"https:\/\/contrastes.com.co\/digital\/?p=14207"},"modified":"2023-06-01T13:39:31","modified_gmt":"2023-06-01T18:39:31","slug":"hospital-materno-acompana-la-instalacion-del-comite-articulador-de-mujeres-victimas-de-violencia-sexual","status":"publish","type":"post","link":"https:\/\/contrastes.com.co\/digital\/hospital-materno-acompana-la-instalacion-del-comite-articulador-de-mujeres-victimas-de-violencia-sexual\/","title":{"rendered":"Hospital Materno acompa\u00f1a la instalaci\u00f3n del comit\u00e9 articulador de mujeres v\u00edctimas de violencia sexual"},"content":{"rendered":"<p><strong>*Hospital Materno acompa\u00f1a la instalaci\u00f3n del comit\u00e9 articulador de mujeres v\u00edctimas de violencia sexual<\/strong><\/p>\n<blockquote><p><strong>\u00abPara la instituci\u00f3n es de vital importancia, participar en este tipo de actividades que propenden por la dignificaci\u00f3n de las mujeres que han resultado v\u00edctimas de violencia sexual y nuestra misi\u00f3n desde el campo de la salud es garantizarle un acompa\u00f1amiento integral sobre estas materias\u00bb: Jalicssa Arrieta, coordinadora del Plan de Intervenciones Colectivas PIC.<\/strong><\/p><\/blockquote>\n<p><img loading=\"lazy\" decoding=\"async\" class=\"alignleft  wp-image-8529\" src=\"https:\/\/contrastes.com.co\/digital\/wp-content\/uploads\/2022\/03\/e-capitular.png\" alt=\"e capitular\" width=\"63\" height=\"63\" srcset=\"https:\/\/contrastes.com.co\/digital\/wp-content\/uploads\/2022\/03\/e-capitular.png 150w, https:\/\/contrastes.com.co\/digital\/wp-content\/uploads\/2022\/03\/e-capitular-60x60.png 60w\" sizes=\"auto, (max-width: 63px) 100vw, 63px\" \/>n el marco de la conmemoraci\u00f3n del <strong>D\u00eda Nacional por la Dignidad de mujeres v\u00edctimas de violencia sexual<\/strong>, la <strong>E.S.E. Hospital Materno Infantil de Soledad,<\/strong> acompa\u00f1a en el d\u00eda de hoy a partir de las 8 de la ma\u00f1ana, el desarrollo del <strong>Comit\u00e9 Mecanismo Articulador, en el Centro Regional de V\u00edctimas de la municipalidad.<\/strong><\/p>\n<p>\u00abPara la instituci\u00f3n es de vital importancia, participar en este tipo de actividades que propenden por la dignificaci\u00f3n de las mujeres que han resultado v\u00edctimas de violencia sexual y nuestra misi\u00f3n desde el campo de la salud es garantizarle un acompa\u00f1amiento integral sobre estas materias\u00bb, as\u00ed lo dio a conocer <strong>Jalicssa Arrieta, coordinadora del Plan de Intervenciones Colectivas PIC<\/strong>.<\/p>\n<p>La <strong>Hemeroteca del Centro Regional de V\u00edctimas<\/strong> con sede en Soledad, ser\u00e1 el epicentro de esta actividad que convoca a esta importante poblaci\u00f3n del municipio, que busca consolidar estrategias para la atenci\u00f3n de las mujeres v\u00edctimas de la violencia sexual.<\/p>\n","protected":false},"excerpt":{"rendered":"<p>En el marco de la conmemoraci\u00f3n del D\u00eda Nacional por la Dignidad de mujeres v\u00edctimas de violencia sexual, la E.S.E. Hospital Materno Infantil de Soledad, acompa\u00f1a en el d\u00eda de hoy a partir de las 8 de la ma\u00f1ana, el desarrollo del Comit\u00e9 Mecanismo Articulador, en el Centro Regional de V\u00edctimas de la municipalidad.<\/p>\n","protected":false},"author":1,"featured_media":14208,"comment_status":"open","ping_status":"open","sticky":false,"template":"","format":"standard","meta":{"footnotes":""},"categories":[2,973,268],"tags":[9219,9513,1313,9512,9218,38],"class_list":["post-14207","post","type-post","status-publish","format-standard","has-post-thumbnail","hentry","category-locales","category-mujer","category-salud","tag-coordinadora-del-plan-de-intervenciones-colectivas-pic","tag-dia-nacional-por-la-dignidad-de-mujeres-victimas-de-violencia-sexual","tag-ese-hospital-materno-infantil-de-soledad","tag-hemeroteca-del-centro-regional-de-victimas","tag-jalicssa-arrieta","tag-municipio-de-soledad"],"_links":{"self":[{"href":"https:\/\/contrastes.com.co\/digital\/wp-json\/wp\/v2\/posts\/14207","targetHints":{"allow":["GET"]}}],"collection":[{"href":"https:\/\/contrastes.com.co\/digital\/wp-json\/wp\/v2\/posts"}],"about":[{"href":"https:\/\/contrastes.com.co\/digital\/wp-json\/wp\/v2\/types\/post"}],"author":[{"embeddable":true,"href":"https:\/\/contrastes.com.co\/digital\/wp-json\/wp\/v2\/users\/1"}],"replies":[{"embeddable":true,"href":"https:\/\/contrastes.com.co\/digital\/wp-json\/wp\/v2\/comments?post=14207"}],"version-history":[{"count":1,"href":"https:\/\/contrastes.com.co\/digital\/wp-json\/wp\/v2\/posts\/14207\/revisions"}],"predecessor-version":[{"id":14209,"href":"https:\/\/contrastes.com.co\/digital\/wp-json\/wp\/v2\/posts\/14207\/revisions\/14209"}],"wp:featuredmedia":[{"embeddable":true,"href":"https:\/\/contrastes.com.co\/digital\/wp-json\/wp\/v2\/media\/14208"}],"wp:attachment":[{"href":"https:\/\/contrastes.com.co\/digital\/wp-json\/wp\/v2\/media?parent=14207"}],"wp:term":[{"taxonomy":"category","embeddable":true,"href":"https:\/\/contrastes.com.co\/digital\/wp-json\/wp\/v2\/categories?post=14207"},{"taxonomy":"post_tag","embeddable":true,"href":"https:\/\/contrastes.com.co\/digital\/wp-json\/wp\/v2\/tags?post=14207"}],"curies":[{"name":"wp","href":"https:\/\/api.w.org\/{rel}","templated":true}]}}