{"id":14231,"date":"2023-06-03T21:33:04","date_gmt":"2023-06-04T02:33:04","guid":{"rendered":"https:\/\/contrastes.com.co\/digital\/?p=14231"},"modified":"2023-06-03T21:36:10","modified_gmt":"2023-06-04T02:36:10","slug":"tv-detras-de-camara-el-lado-amable-de-la-camara-de-representantes","status":"publish","type":"post","link":"https:\/\/contrastes.com.co\/digital\/tv-detras-de-camara-el-lado-amable-de-la-camara-de-representantes\/","title":{"rendered":"(TV) \u00abDetr\u00e1s de C\u00e1mara\u00bb, el lado amable de la C\u00e1mara de Representantes"},"content":{"rendered":"<p><strong>*(TV) \u00abDetr\u00e1s de C\u00e1mara\u00bb, el lado amable de la C\u00e1mara de Representantes<\/strong><\/p>\n<blockquote><p><strong>Contrastes Televisi\u00f3n les trae \u00abDetr\u00e1s de C\u00e1mara\u00bb, una iniciativa audiovisual que, seguramente, se convertir\u00e1 en muy poco tiempo en uno de los espacios m\u00e1s interesantes de la nueva televisi\u00f3n colombiana. Te invitamos a dejarnos tus comentarios y a compartir este excelente producto<\/strong><\/p><\/blockquote>\n<p><img loading=\"lazy\" decoding=\"async\" class=\"alignleft size-full wp-image-8758\" src=\"https:\/\/contrastes.com.co\/digital\/wp-content\/uploads\/2022\/04\/d-capitular.png\" alt=\"\" width=\"100\" height=\"100\" srcset=\"https:\/\/contrastes.com.co\/digital\/wp-content\/uploads\/2022\/04\/d-capitular.png 100w, https:\/\/contrastes.com.co\/digital\/wp-content\/uploads\/2022\/04\/d-capitular-60x60.png 60w\" sizes=\"auto, (max-width: 100px) 100vw, 100px\" \/>irigido por <strong>Juan Buelvas<\/strong> y conducido por <strong>Jorge Leguizam\u00f3n<\/strong>,<strong> \u00abDetr\u00e1s de C\u00e1mara\u00bb<\/strong> es una propuesta fresca y muy novedosa que nos ofrece una visi\u00f3n diferente y mostr\u00e1ndonos el lado amable de la C\u00e1mara de Representantes de Colombia. Las entrevistas amenas, muy espont\u00e1neas, con tem\u00e1ticas de carne y hueso, adem\u00e1s de un lenguaje que nos llega a todos, convierten este programa en el lado amable del Congreso de la Rep\u00fablica, de quienes all\u00ed nos representan y de quienes se acercan a ella.<\/p>\n<p><iframe loading=\"lazy\" title=\"&quot;Detr\u00e1s de C\u00e1mara&quot;, el lado amable de la C\u00e1mara de Representantes\" width=\"640\" height=\"360\" src=\"https:\/\/www.youtube.com\/embed\/0-16FHxfE1Y?feature=oembed\" frameborder=\"0\" allow=\"accelerometer; autoplay; clipboard-write; encrypted-media; gyroscope; picture-in-picture; web-share\" referrerpolicy=\"strict-origin-when-cross-origin\" allowfullscreen><\/iframe><\/p>\n<p><strong>Contrastes Televisi\u00f3n<\/strong> les trae \u00abDetr\u00e1s de C\u00e1mara\u00bb, una iniciativa audiovisual que, seguramente, se convertir\u00e1 en muy poco tiempo en uno de los espacios m\u00e1s interesantes de la nueva televisi\u00f3n colombiana. Te invitamos a dejarnos tus comentarios y a compartir este excelente producto<\/p>\n","protected":false},"excerpt":{"rendered":"<p>Dirigido por Juan Buelvas y conducido por Jorge Leguizam\u00f3n, \u00abDetr\u00e1s de C\u00e1mara\u00bb es una propuesta fresca y muy novedosa que nos ofrece una visi\u00f3n diferente y mostr\u00e1ndonos el lado amable de la C\u00e1mara de Representantes de Colombia. Las entrevistas amenas, muy espont\u00e1neas, con tem\u00e1ticas de carne y hueso, adem\u00e1s de un lenguaje que nos llega a todos, convierten este programa en el lado amable del Congreso de la Rep\u00fablica, de quienes all\u00ed nos representan y de quienes se acercan a ella.<\/p>\n","protected":false},"author":1,"featured_media":14232,"comment_status":"open","ping_status":"open","sticky":false,"template":"","format":"standard","meta":{"footnotes":""},"categories":[4850,4,6,5682,4995],"tags":[9524,9525,8862,9523,9522],"class_list":["post-14231","post","type-post","status-publish","format-standard","has-post-thumbnail","hentry","category-congreso-de-la-republica","category-pais","category-region","category-reportajes","category-television-web","tag-detras-de-camara","tag-contrastes-barranquilla","tag-contrastes-television","tag-jorge-leguizamon","tag-juan-buelvas"],"_links":{"self":[{"href":"https:\/\/contrastes.com.co\/digital\/wp-json\/wp\/v2\/posts\/14231","targetHints":{"allow":["GET"]}}],"collection":[{"href":"https:\/\/contrastes.com.co\/digital\/wp-json\/wp\/v2\/posts"}],"about":[{"href":"https:\/\/contrastes.com.co\/digital\/wp-json\/wp\/v2\/types\/post"}],"author":[{"embeddable":true,"href":"https:\/\/contrastes.com.co\/digital\/wp-json\/wp\/v2\/users\/1"}],"replies":[{"embeddable":true,"href":"https:\/\/contrastes.com.co\/digital\/wp-json\/wp\/v2\/comments?post=14231"}],"version-history":[{"count":1,"href":"https:\/\/contrastes.com.co\/digital\/wp-json\/wp\/v2\/posts\/14231\/revisions"}],"predecessor-version":[{"id":14233,"href":"https:\/\/contrastes.com.co\/digital\/wp-json\/wp\/v2\/posts\/14231\/revisions\/14233"}],"wp:featuredmedia":[{"embeddable":true,"href":"https:\/\/contrastes.com.co\/digital\/wp-json\/wp\/v2\/media\/14232"}],"wp:attachment":[{"href":"https:\/\/contrastes.com.co\/digital\/wp-json\/wp\/v2\/media?parent=14231"}],"wp:term":[{"taxonomy":"category","embeddable":true,"href":"https:\/\/contrastes.com.co\/digital\/wp-json\/wp\/v2\/categories?post=14231"},{"taxonomy":"post_tag","embeddable":true,"href":"https:\/\/contrastes.com.co\/digital\/wp-json\/wp\/v2\/tags?post=14231"}],"curies":[{"name":"wp","href":"https:\/\/api.w.org\/{rel}","templated":true}]}}