{"id":14240,"date":"2023-06-06T12:46:14","date_gmt":"2023-06-06T17:46:14","guid":{"rendered":"https:\/\/contrastes.com.co\/digital\/?p=14240"},"modified":"2023-06-06T12:46:14","modified_gmt":"2023-06-06T17:46:14","slug":"colombia-declarada-en-emergencia-por-violencias-de-genero","status":"publish","type":"post","link":"https:\/\/contrastes.com.co\/digital\/colombia-declarada-en-emergencia-por-violencias-de-genero\/","title":{"rendered":"Colombia declarada en emergencia por violencias de g\u00e9nero"},"content":{"rendered":"<p><strong>*Colombia declarada en emergencia por violencias de g\u00e9nero<\/strong><\/p>\n<blockquote><p><strong>Se considera que m\u00e1s de 2 millones de mujeres y ni\u00f1as corren el riesgo de sufrir violencia de g\u00e9nero en 2022 (PIN); para 330.000 de ellos\/as, predominantemente ind\u00edgenas y afrodescendientes que viven en la regi\u00f3n del Pac\u00edfico del pa\u00eds, los niveles de riesgo de violencia de g\u00e9nero se proyectan como catastr\u00f3ficos.<\/strong><\/p><\/blockquote>\n<p><strong><img loading=\"lazy\" decoding=\"async\" class=\"alignleft  wp-image-12468\" src=\"https:\/\/contrastes.com.co\/digital\/wp-content\/uploads\/2022\/12\/articulos-ceci.png\" alt=\"cecilia articulos\" width=\"124\" height=\"124\" srcset=\"https:\/\/contrastes.com.co\/digital\/wp-content\/uploads\/2022\/12\/articulos-ceci.png 238w, https:\/\/contrastes.com.co\/digital\/wp-content\/uploads\/2022\/12\/articulos-ceci-150x150.png 150w, https:\/\/contrastes.com.co\/digital\/wp-content\/uploads\/2022\/12\/articulos-ceci-60x60.png 60w\" sizes=\"auto, (max-width: 124px) 100vw, 124px\" \/><\/strong><\/p>\n<p>&nbsp;<\/p>\n<p>&nbsp;<\/p>\n<p><strong>Por Cecilia De Alba Narv\u00e1ez (*)<\/strong><\/p>\n<p>&nbsp;<\/p>\n<p><img loading=\"lazy\" decoding=\"async\" class=\"alignleft  wp-image-8758\" src=\"https:\/\/contrastes.com.co\/digital\/wp-content\/uploads\/2022\/04\/d-capitular.png\" alt=\"\" width=\"86\" height=\"86\" srcset=\"https:\/\/contrastes.com.co\/digital\/wp-content\/uploads\/2022\/04\/d-capitular.png 100w, https:\/\/contrastes.com.co\/digital\/wp-content\/uploads\/2022\/04\/d-capitular-60x60.png 60w\" sizes=\"auto, (max-width: 86px) 100vw, 86px\" \/>esde el pasado 19 de mayo, nuestro pa\u00eds se encuentra en declaratoria de emergencia por violencias de g\u00e9nero; figura pol\u00edtica creada en el <strong>Plan Nacional de Desarrollo 2022-2026 (art 344).<\/strong> Tal vez esta sea, la novedad m\u00e1s impactante, de los muchos cambios, que nos trajo esta nueva ruta de gesti\u00f3n del gobierno del cambio, que pretende ubicar a Colombia como potencia mundial de la vida.<\/p>\n<p>Aunque el PND, descarta que esta declaratoria haga referencia a los estados de excepci\u00f3n regulados en el art\u00edculo 215 de la Constituci\u00f3n Pol\u00edtica, que se generan \u201cante las situaciones de perturbaciones graves e inminentes, del orden econ\u00f3mico, social y ecol\u00f3gico del pa\u00eds, o hechos que constituyan grave calamidad p\u00fablica\u201d:<\/p>\n<p>Particularmente considero que resultar\u00eda v\u00e1lida referenciarla como un estado excepcional, y que mayor carta de justificaci\u00f3n para este Estado de Emergencia, que el diagn\u00f3stico de la ONU: \u201cLas emergencias humanitarias en Colombia exacerban, y son exacerbadas, por una variedad de formas de violencia basada en g\u00e9nero: violencia sexual, SVC, explotaci\u00f3n sexual, a menudo relacionadas con el reclutamiento de ni\u00f1os, la VBG como una estrategia negativa de afrontamiento, as\u00ed como la violencia \u00edntima, son una realidad diaria, especialmente para ni\u00f1as, adolescentes y mujeres, pero tambi\u00e9n para hombres y ni\u00f1os.<\/p>\n<p>Se considera que m\u00e1s de 2 millones de mujeres y ni\u00f1as corren el riesgo de sufrir violencia de g\u00e9nero en 2022 (PIN); para 330.000 de ellos\/as, predominantemente ind\u00edgenas y afrodescendientes que viven en la regi\u00f3n del Pac\u00edfico del pa\u00eds, los niveles de riesgo de violencia de g\u00e9nero se proyectan como catastr\u00f3ficos. Las personas expuestas a m\u00faltiples discriminaciones \u2013 por desplazamiento, discapacidad, LGTIBQ+, etnia, etc. \u2013 enfrentan mayores riesgos de VBG. (\u201cLa situaci\u00f3n de las mujeres en Colombia\u201d, ONU, 2022)<\/p>\n<p>Indica el PND que con esta nueva pol\u00edtica se busca \u201clograr transformaciones que nos lleven a una sociedad inclusiva, libre de estereotipos y estigmas, que supera las discriminaciones de tipo econ\u00f3mico, social, religioso, cultural y pol\u00edtico, as\u00ed como las basadas en g\u00e9nero, \u00e9tnico-racial, generacionales, capacidades f\u00edsicas, de identidad y orientaci\u00f3n sexual, donde la diversidad ser\u00e1 fuente de desarrollo sostenible y no de exclusi\u00f3n\u201d (Art. 7), y entre otros cambios se ordena:<\/p>\n<ul>\n<li><strong>Creaci\u00f3n e implementaci\u00f3n del Mecanismo para la prevenci\u00f3n y Atenci\u00f3n integral de violencias y actos de discriminaci\u00f3n a poblaci\u00f3n LGBTIQ+;<\/strong><\/p>\n<\/li>\n<li>\n<p><strong>Fortalecimiento del Programa Nacional de Casas para la Autonom\u00eda de las Mujeres -CAM-<\/strong><\/p>\n<\/li>\n<\/ul>\n<p>&#8211;<strong> Programa de adjudicaci\u00f3n de tierras para mujeres rurales;<\/strong> viii) Sistema Nacional de Monitoreo de las Violencias Basadas en G\u00e9nero -VBG;<\/p>\n<p>&#8211;<strong> Fomento de oportunidades y eliminaci\u00f3n de barreras para las mujeres;<\/strong><\/p>\n<ul>\n<li><strong>Transformaci\u00f3n del Fondo Mujer Emprende, en el Fondo Para la Promoci\u00f3n dela Autonom\u00eda y el Emprendimiento de la Mujer:<\/strong> Mujer Libre y Productiva, tendr\u00e1 Un patrimonio aut\u00f3nomo constituido mediante fiducia mercantil.<\/p>\n<\/li>\n<li>\n<p><strong>Creaci\u00f3n del mecanismo para la prevenci\u00f3n y atenci\u00f3n integral de violencias y actos de discriminaci\u00f3n a poblaci\u00f3n LGBTlQ;<\/strong> bajo la orientaci\u00f3n del Ministerio de Igualdad y Equidad en articulaci\u00f3n con los Ministerios de Defensa Nacional, de Justicia y del Derecho, del Interior, Educaci\u00f3n Nacional, de Salud y Protecci\u00f3n Social, Trabajo, y Cultura, la Fiscal\u00eda General de la Naci\u00f3n, el Consejo Superior de la Judicatura. junto con la participaci\u00f3n de la Comisi\u00f3n Accidental de Diversidad Sexual del Congreso de la Rep\u00fablica, el Ministerio P\u00fablico, representantes de la academia y organizaciones sociales,<\/p>\n<\/li>\n<li>\n<p><strong>Fortalecimiento de las comisar\u00edas de familia<\/strong> para la mejora de los servicios prestados que garanticen la implementaci\u00f3n y aplicaci\u00f3n del enfoque de g\u00e9nero e interseccional, prevalencia de los derechos de las ni\u00f1as, ni\u00f1os y adolescentes y de las personas mayores, as\u00ed como la estandarizaci\u00f3n en los registros de las medidas de protecci\u00f3n, las \u00f3rdenes decretadas, el seguimiento y los incidentes de incumplimiento adelantados, las sanciones impuestas y los feminicidios;<\/p>\n<\/li>\n<\/ul>\n<p>&#8211;<strong> Creaci\u00f3n del Sistema Nacional de Justicia Familiar,<\/strong> que tendr\u00e1 como eje el fortalecimiento de las Defensor\u00edas de Familia, las Comisar\u00edas de Familia y dem\u00e1s autoridades administrativas encargadas de la protecci\u00f3n integral y restablecimiento de los derechos de la infancia, la adolescencia y las familias.<\/p>\n<ul>\n<li><strong>Creaci\u00f3n del Programa Nacional de Casas para la Dignidad de las Mujeres -CDM-<\/strong> bajo la coordinaci\u00f3n de la Consejer\u00eda Presidencial para la Equidad de la Mujer, Sena, gobernaciones y Alcald\u00edas, como mecanismo de coordinaci\u00f3n de la oferta integral que garantice a las mujeres .el acceso a programas, proyectos, servicios, acciones y medidas de la pol\u00edtica p\u00fablica . dirigidas a alcanzar condiciones laborales dignas, apoyo psicosocial, acompa\u00f1amiento Permanente.<\/p>\n<\/li>\n<li>\n<p><strong>Creaci\u00f3n del Sistema Nacional de Registro, Atenci\u00f3n, Seguimiento y Monitoreo de las Violencias Basadas en G\u00e9nero -VBG-<\/strong>, bajo el liderazgo de la Consejer\u00eda Presidencial para la Equidad de la Mujer; que centralize la informaci\u00f3n de los casos individuales, para hacer un seguimiento, elaborar alertas tempranas y estrategias de reacci\u00f3n.<\/p>\n<\/li>\n<li>\n<p><strong>Fortalecimiento del Mecanismo Articulador para el Abordaje Integral de las Violencias por Razones de Sexo y G\u00e9nero,<\/strong> que funcionan en nivel departamental y municipal-<\/p>\n<\/li>\n<li>\n<p><strong>Creaci\u00f3n de cuerpos \u00e9lite en las Fuerzas Militares y de Polic\u00eda con formaci\u00f3n en violencias basadas en g\u00e9nero<\/strong> para atender a las mujeres y prevenir las violencias. Convocatoria de Consejo de Seguridad por violencias basadas en g\u00e9nero en el territorio nacional.<\/p>\n<\/li>\n<li>\n<p><strong>Programas de capacitar con enfoque de g\u00e9nero a aquellos funcionarios de la rama judicial y dem\u00e1s entidades que tienen a su cargo la atenci\u00f3n de mujeres v\u00edctimas de violencias.<\/strong><\/p>\n<\/li>\n<\/ul>\n<p>&#8211;<strong> Priorizaci\u00f3n de presupuestos y disponer todos los medios administrativos para prevenir, atender, investigar y sancionar las violencias contra las mujeres<\/strong>, as\u00ed como para fortalecer los programas de asistencia t\u00e9cnico legal y de salud mental.<\/p>\n<ul>\n<li><strong>Instalaci\u00f3n de la Mesa Intersectorial liderada por la Consejer\u00eda Presidencial para la Equidad de las Mujeres,<\/strong> que tendr\u00e1 que reunirse al menos cuatro veces al a\u00f1o.<\/p>\n<\/li>\n<li>\n<p><strong>Dise\u00f1o y activaci\u00f3n efectiva de las rutas y protocolos de atenci\u00f3n, independientemente de la instauraci\u00f3n de la denuncia.<\/strong><\/p>\n<\/li>\n<li>\n<p><strong>Campa\u00f1a nacional de pedagog\u00eda y dise\u00f1o de estrategias de movilizaci\u00f3n social con participaci\u00f3n de todos los medios de comunicaci\u00f3n masiva.<\/strong><\/p>\n<\/li>\n<li>\n<p><strong>Creaci\u00f3n de unidades de atenci\u00f3n primaria para la salud mental de las mujeres v\u00edctimas de violencias basadas en g\u00e9nero<\/strong>.<\/p>\n<\/li>\n<\/ul>\n<p>Se requiere la emisi\u00f3n pronta de los decretos presidenciales que instrumentalicen esta nueva realidad pol\u00edtico administrativa, y esperamos que se constituyan en una verdadera atenci\u00f3n de fondo de esta problem\u00e1tica social, que desde hace d\u00e9cadas se declar\u00f3 como calamidad p\u00fablica; pero ha sido muy pobre la atenci\u00f3n brindada, lo que a\u00fan mantienen a la mitad de la poblaci\u00f3n colombiana en estado de riesgo o victima permanente.<\/p>\n<p>&nbsp;<\/p>\n<p><strong>(*) Comisaria de Familia<\/strong><\/p>\n","protected":false},"excerpt":{"rendered":"<p>Desde el pasado 19 de mayo, nuestro pa\u00eds se encuentra en declaratoria de emergencia por violencias de g\u00e9nero; figura pol\u00edtica creada en el Plan Nacional de Desarrollo 2022-2026 (art 344). Tal vez esta sea, la novedad m\u00e1s impactante, de los muchos cambios, que nos trajo esta nueva ruta de gesti\u00f3n del gobierno del cambio, que pretende ubicar a Colombia como potencia mundial de la vida.<\/p>\n","protected":false},"author":1,"featured_media":14241,"comment_status":"open","ping_status":"open","sticky":false,"template":"","format":"standard","meta":{"footnotes":""},"categories":[85,2378,2,973,235,4,6],"tags":[1415,8212,254,9526,8204],"class_list":["post-14240","post","type-post","status-publish","format-standard","has-post-thumbnail","hentry","category-analisis","category-columnistas","category-locales","category-mujer","category-opinion","category-pais","category-region","tag-analisis-y-opinion","tag-cecilia-de-alba-narvaez","tag-colombia","tag-emergencia-por-violencias-de-genero","tag-los-apuntes-de-cecilia"],"_links":{"self":[{"href":"https:\/\/contrastes.com.co\/digital\/wp-json\/wp\/v2\/posts\/14240","targetHints":{"allow":["GET"]}}],"collection":[{"href":"https:\/\/contrastes.com.co\/digital\/wp-json\/wp\/v2\/posts"}],"about":[{"href":"https:\/\/contrastes.com.co\/digital\/wp-json\/wp\/v2\/types\/post"}],"author":[{"embeddable":true,"href":"https:\/\/contrastes.com.co\/digital\/wp-json\/wp\/v2\/users\/1"}],"replies":[{"embeddable":true,"href":"https:\/\/contrastes.com.co\/digital\/wp-json\/wp\/v2\/comments?post=14240"}],"version-history":[{"count":1,"href":"https:\/\/contrastes.com.co\/digital\/wp-json\/wp\/v2\/posts\/14240\/revisions"}],"predecessor-version":[{"id":14242,"href":"https:\/\/contrastes.com.co\/digital\/wp-json\/wp\/v2\/posts\/14240\/revisions\/14242"}],"wp:featuredmedia":[{"embeddable":true,"href":"https:\/\/contrastes.com.co\/digital\/wp-json\/wp\/v2\/media\/14241"}],"wp:attachment":[{"href":"https:\/\/contrastes.com.co\/digital\/wp-json\/wp\/v2\/media?parent=14240"}],"wp:term":[{"taxonomy":"category","embeddable":true,"href":"https:\/\/contrastes.com.co\/digital\/wp-json\/wp\/v2\/categories?post=14240"},{"taxonomy":"post_tag","embeddable":true,"href":"https:\/\/contrastes.com.co\/digital\/wp-json\/wp\/v2\/tags?post=14240"}],"curies":[{"name":"wp","href":"https:\/\/api.w.org\/{rel}","templated":true}]}}