{"id":14254,"date":"2023-06-06T15:44:00","date_gmt":"2023-06-06T20:44:00","guid":{"rendered":"https:\/\/contrastes.com.co\/digital\/?p=14254"},"modified":"2023-06-06T16:08:07","modified_gmt":"2023-06-06T21:08:07","slug":"los-audios-de-benedetti-y-el-inicio-del-proceso-15-mil","status":"publish","type":"post","link":"https:\/\/contrastes.com.co\/digital\/los-audios-de-benedetti-y-el-inicio-del-proceso-15-mil\/","title":{"rendered":"Los audios de Benedetti y el inicio del proceso 15 mil"},"content":{"rendered":"<p><strong>*\u201cGustavo Petro nunca debi\u00f3 ser presidente\u201d: audios de Benedetti hicieron estallar crisis en Colombia<\/strong><\/p>\n<blockquote><p><strong>Cuestionan al exembajador de Venezuela y el dinero que habr\u00eda entrado a la campa\u00f1a de Petro. En redes sociales bautizaron el esc\u00e1ndalo como el \u2018Proceso 1.500\u2032<\/strong><\/p><\/blockquote>\n<p><strong>De<em><a href=\"https:\/\/www.infobae.com\/colombia\/2023\/06\/05\/gustavo-petro-nunca-debio-ser-presidente-audios-de-benedetti-hicieron-estallar-crisis-en-colombia\/\"> Infobae.com<\/a><\/em><\/strong><\/p>\n<p><img loading=\"lazy\" decoding=\"async\" class=\"alignleft wp-image-8524\" src=\"https:\/\/contrastes.com.co\/digital\/wp-content\/uploads\/2022\/03\/l-capitular.png\" alt=\"l capitular\" width=\"96\" height=\"96\" srcset=\"https:\/\/contrastes.com.co\/digital\/wp-content\/uploads\/2022\/03\/l-capitular.png 150w, https:\/\/contrastes.com.co\/digital\/wp-content\/uploads\/2022\/03\/l-capitular-60x60.png 60w\" sizes=\"auto, (max-width: 96px) 100vw, 96px\" \/>uego de conocerse los audios filtrados de <strong>Armando Benedetti<\/strong> en los que se refiri\u00f3 a la <strong>exjefa de gabinete Laura Sarabia<\/strong> de manera grotesca, amenazante y grosera; fueron varios quienes opinaron sobre las palabras del <strong>exembajador de Venezuela<\/strong>. Cabe destacar que ambos exfuncionarios est\u00e1n bajo <strong>investigaci\u00f3n de la Fiscal\u00eda<\/strong> por el delito de las interceptaciones ilegales contra <strong>Marelbys Meza, la exni\u00f1era<\/strong> del hijo de la funcionaria presidencial, sindicada de robar dinero de la casa de Sarabia.<\/p>\n<p>En los audios revelados por Semana se escucha que Benedetti amenaza al Gobierno con entregar detalles que puedan impactar severamente su imagen, igual que habla de posibles irregularidades en la financiaci\u00f3n de la campa\u00f1a presidencial.<\/p>\n<p>\u201cYo hice 100 reuniones (&#8230;) 15.000 millones de pesos, es m\u00e1s, si no es por m\u00ed, no ganan. Entonces, as\u00ed sea de hip\u00f3crita, uno va y recibe a la gente, pero el tratamiento que t\u00fa y el presidente me dieron ayer, marica, yo no s\u00e9, adem\u00e1s, lo que te voy a decir no es una amenaza (&#8230;) veo que esto me puede emputar, pateo hijueputa, y ah\u00ed nos caemos todos hijueputa\u201d, se\u00f1al\u00f3 Benedetti en los audios recogidos por Semana.<\/p>\n<p>Ante estas declaraciones, los comentarios de pol\u00edticos, periodistas, polit\u00f3logos y diferentes personas no se han hecho esperar a trav\u00e9s de las redes sociales, ya que muchos solicitan la renuncia del presidente Gustavo Petro y otros tantos mantienen su apoyo al jefe de Estado.<\/p>\n<h3>Voces cr\u00edticas frente a los audios filtrados de Armando Benedetti<\/h3>\n<p>Entre quienes desaprueban las declaraciones del exfuncionario, en cuanto al dinero de campa\u00f1a del actual Gobierno, se encuentra el <strong>senador Miguel Uribe Turbay.<\/strong><\/p>\n<p>Para el senador del Centro Democr\u00e1tico: \u201cGustavo Petro nunca debi\u00f3 ser presidente y su gobierno es ileg\u00edtimo\u201d. Adicional a esto, anunci\u00f3 una marcha contra el Gobierno nacional para los pr\u00f3ximos d\u00edas. \u201cConvoco a la ciudadan\u00eda a respaldar las instituciones y movilizarnos en una marcha nacional el 18 de junio\u201d.<\/p>\n<p>Uribe Turbay afirm\u00f3 en la tarde de este lunes 5 de junio que ya radic\u00f3 una denuncia penal contra el presidente de la Rep\u00fablica, Gustavo Petro, para pedirle explicaciones concretas sobre el esc\u00e1ndalo revelado por Semana.<\/p>\n<p>\u201cRadicada: Denuncia penal en contra de Gustavo Petro ante la Comisi\u00f3n de Acusaciones de la C\u00e1mara de Representantes.\u201d, trin\u00f3 Uribe Turbay en su cuenta de Twitter.<\/p>\n<p><img loading=\"lazy\" decoding=\"async\" class=\"size-full wp-image-14260 aligncenter\" src=\"https:\/\/contrastes.com.co\/digital\/wp-content\/uploads\/2023\/06\/camararep23.jpg\" alt=\"camararep23\" width=\"768\" height=\"1024\" srcset=\"https:\/\/contrastes.com.co\/digital\/wp-content\/uploads\/2023\/06\/camararep23.jpg 768w, https:\/\/contrastes.com.co\/digital\/wp-content\/uploads\/2023\/06\/camararep23-225x300.jpg 225w\" sizes=\"auto, (max-width: 768px) 100vw, 768px\" \/><\/p>\n<p>Por otro lado, estuvo la de <strong>Francisco Santos,<\/strong> que a trav\u00e9s de su cuenta de Twitter se pronunci\u00f3 en contra el exfuncionario y record\u00f3 que Benedetti no es un infiltrado de la derecha, por lo que pide que asuman la responsabilidad.<\/p>\n<p>\u201cNo venga ahora con el cuento de que este esc\u00e1ndalo es un saboteo para no dejarlo gobernar, Benedetti es de ustedes, as\u00famanlo con todo y sus audios\u201d, se\u00f1al\u00f3 Santos.<\/p>\n<blockquote class=\"twitter-tweet\" data-width=\"550\" data-dnt=\"true\">\n<p lang=\"es\" dir=\"ltr\">La verdad es como la plata (qu\u00e9 parece que en la costa hab\u00eda mucha m\u00e1s) no se puede ocultar.<\/p>\n<p>Al se\u00f1or Armando Benedetti lo pueden acusar de todo (que seguramente de todo es), pero de lo que no lo pueden acusar es de \u201cinfiltrado de la derecha\u201d.<\/p>\n<p>No venga ahora con el cuento de\u2026 <a href=\"https:\/\/t.co\/bZoMQhD9cX\">https:\/\/t.co\/bZoMQhD9cX<\/a> <a href=\"https:\/\/t.co\/0NHqv644Pt\">pic.twitter.com\/0NHqv644Pt<\/a><\/p>\n<p>&mdash; Pacho Santos (@PachoSantosC) <a href=\"https:\/\/twitter.com\/PachoSantosC\/status\/1665782880172224513?ref_src=twsrc%5Etfw\">June 5, 2023<\/a><\/p><\/blockquote>\n<p><script async src=\"https:\/\/platform.twitter.com\/widgets.js\" charset=\"utf-8\"><\/script><\/p>\n<p>Francisco Santos a trav\u00e9s de su cuenta de Twitter se pronunci\u00f3 en contra el exfuncionario y record\u00f3 que Benedetti no es un infiltrado de la derecha, por lo que pide que asuman la responsabilidad. Twitter\/@PachoSantosC.<\/p>\n<p>De igual manera, el <strong>ex candidato presidencial Federico Guti\u00e9rrez<\/strong> pidi\u00f3 la renuncia de <strong>Gustavo Petro, presidente de Colombia<\/strong>, luego de conocerse los audios filtrados, pues \u00e9l se\u00f1ala que su elecci\u00f3n fue con \u201ctrampas\u201d.<\/p>\n<p>Por otro lado, Guti\u00e9rrez asegur\u00f3 que el presidente Petro deber\u00eda renunciar luego de todos los esc\u00e1ndalos que ha afrontado y que muestran muchas irregularidades en el tiempo que lleva su Gobierno:<\/p>\n<p>\u201cAl presidente de Petro le exijo en nombre de una ciudadan\u00eda indignada que asuma la responsabilidad del desastre que ha causado y que renuncie. Colombia no resiste m\u00e1s enga\u00f1os ni m\u00e1s crisis\u201d, insisti\u00f3.<\/p>\n<blockquote class=\"twitter-tweet\" data-width=\"550\" data-dnt=\"true\">\n<p lang=\"es\" dir=\"ltr\">Presidente Petro, RENUNCIE. <br \/>Ustedes se ROBARON las elecciones. <br \/>Hicieron todas las trampas habidas y por haber. <br \/>Su gobierno es ILEG\u00cdTIMO.<\/p>\n<p>&mdash; Fico Guti\u00e9rrez (@FicoGutierrez) <a href=\"https:\/\/twitter.com\/FicoGutierrez\/status\/1665547857707905024?ref_src=twsrc%5Etfw\">June 5, 2023<\/a><\/p><\/blockquote>\n<p><script async src=\"https:\/\/platform.twitter.com\/widgets.js\" charset=\"utf-8\"><\/script><\/p>\n<p>En la misma l\u00ednea, se encontr\u00f3 la cr\u00edtica de <strong>Daniel Brice\u00f1o,<\/strong> un abogado de 31 a\u00f1os que ha dedicado su cuenta de Twitter a revelar las diferentes pol\u00e9micas y denuncias del gobierno de Petro, tuits que han puesto al jefe de Estado a dar explicaciones y le han dado combustible a la derecha.<\/p>\n<p>De esta manera, Brice\u00f1o coment\u00f3 en su red social:<\/p>\n<p>\u201cEste es uno de los actos m\u00e1s grandes de cinismo y burla con el pa\u00eds que le he visto a un presidente de la Rep\u00fablica\u201d.<\/p>\n<blockquote class=\"twitter-tweet\" data-width=\"550\" data-dnt=\"true\">\n<p lang=\"es\" dir=\"ltr\">Este es uno de los actos m\u00e1s grandes de cinismo y burla con el pa\u00eds que le he visto a un Presidente de la Rep\u00fablica. <a href=\"https:\/\/t.co\/FXpHNdDtzF\">https:\/\/t.co\/FXpHNdDtzF<\/a><\/p>\n<p>&mdash; Daniel F. Brice\u00f1o (@Danielbricen) <a href=\"https:\/\/twitter.com\/Danielbricen\/status\/1665551406500069439?ref_src=twsrc%5Etfw\">June 5, 2023<\/a><\/p><\/blockquote>\n<p><script async src=\"https:\/\/platform.twitter.com\/widgets.js\" charset=\"utf-8\"><\/script><\/p>\n<p>Pese a todos las incertidumbres e inconformismo en las revelaciones de los audios filtrados, en las interceptaciones ilegales y de los dudosos dineros de la campa\u00f1a presidencial de Petro, hay quienes apoyan al Gobierno y tienen la esperanza de que todo sea un plan para derrocar al jefe de Estado.<\/p>\n<p>De esta manera,<strong> el exsenador y el tambi\u00e9n guionista, Gustavo Bol\u00edvar, <\/strong>se pronunci\u00f3 nuevamente, pues en d\u00edas pasados \u00e9l justific\u00f3 las chuzadas, pues record\u00f3 que al jefe de Estado, as\u00ed como al <strong>ministro de Defensa, Iv\u00e1n Vel\u00e1squez,<\/strong> tambi\u00e9n los interceptaron durante los gobiernos de \u00c1lvaro Uribe e Iv\u00e1n Duque.<\/p>\n<blockquote class=\"twitter-tweet\" data-width=\"550\" data-dnt=\"true\">\n<p lang=\"es\" dir=\"ltr\">Pte Petro y minDefensa Vel\u00e1squez fueron victimas de Chuzadas y seguimientos en el Gobierno de Uribe. El Estado fue condenado por ello.<br \/>Yo tambi\u00e9n fui victima de Chuzadas en el gobierno de Duque. <br \/>Tenemos claro que esa pr\u00e1ctica que viola derechos humanos es diab\u00f3lica y que jam\u00e1s\u2026<\/p>\n<p>&mdash; Gustavo Bol\u00edvar (@GustavoBolivar) <a href=\"https:\/\/twitter.com\/GustavoBolivar\/status\/1664660760407035904?ref_src=twsrc%5Etfw\">June 2, 2023<\/a><\/p><\/blockquote>\n<p><script async src=\"https:\/\/platform.twitter.com\/widgets.js\" charset=\"utf-8\"><\/script><\/p>\n<p>\u201cPresidente Petro y minDefensa Vel\u00e1squez fueron victimas de Chuzadas y seguimientos en el Gobierno de Uribe. El Estado fue condenado por ello\u201d, asegur\u00f3 el exsenador del Pacto Hist\u00f3rico. Gustavo Bolivar<\/p>\n<p>Ahora, Bol\u00edvar se pronunci\u00f3 frente a los audios de su excolega y cit\u00f3 la entrevista de Benedetti con Vicky D\u00e1vila, en la que hablan respecto a los dineros de campa\u00f1a, que ahora, los internautas de Twitter lo llaman \u2018Proceso 1.500\u2032.<\/p>\n<blockquote class=\"twitter-tweet\" data-width=\"550\" data-dnt=\"true\">\n<p lang=\"es\" dir=\"ltr\">Aqu\u00ed las respuestas de Benedetti a Semana respecto a los 15.000 millones.<br \/>\u00c9l, un arranque de ira porque Laura se creci\u00f3 y no quer\u00eda dejarlo entrar al gobierno para no amenazar su posici\u00f3n, enloda la campa\u00f1a.<br \/>Dice: \u201cyo nunca recib\u00ed plata. Vayan all\u00e1\u201d. Los mandaba para la campa\u00f1a.\u2026 <a href=\"https:\/\/t.co\/eEGt9KKMwZ\">pic.twitter.com\/eEGt9KKMwZ<\/a><\/p>\n<p>&mdash; Gustavo Bol\u00edvar (@GustavoBolivar) <a href=\"https:\/\/twitter.com\/GustavoBolivar\/status\/1665749704104198146?ref_src=twsrc%5Etfw\">June 5, 2023<\/a><\/p><\/blockquote>\n<p><script async src=\"https:\/\/platform.twitter.com\/widgets.js\" charset=\"utf-8\"><\/script><\/p>\n<p>Gustavo Bol\u00edvar se pronunci\u00f3 frente a los audios de su excolega (Armando Benedetti) y cit\u00f3 la entrevista de Benedetti con<strong> Vicky Davila,<\/strong> en el que hablan respecto a los dineros de campa\u00f1a, que ahora, los internautas de Twitter lo consideran como el \u2018Proceso 1500\u2032. Twitter\/@GustavoBolivar.<\/p>\n<p><strong><em>M\u00e1s en <a href=\"https:\/\/www.infobae.com\/colombia\/2023\/06\/05\/gustavo-petro-nunca-debio-ser-presidente-audios-de-benedetti-hicieron-estallar-crisis-en-colombia\/\">Infobae.com<\/a><\/em><\/strong><\/p>\n","protected":false},"excerpt":{"rendered":"<p>Luego de conocerse los audios filtrados de Armando Benedetti en los que se refiri\u00f3 a la exjefa de gabinete Laura Sarabia de manera grotesca, amenazante y grosera; fueron varios quienes opinaron sobre las palabras del exembajador de Venezuela. Cabe destacar que ambos exfuncionarios est\u00e1n bajo investigaci\u00f3n de la Fiscal\u00eda por el delito de las interceptaciones ilegales contra Marelbys Meza, la exni\u00f1era del hijo de la funcionaria presidencial, sindicada de robar dinero de la casa de Sarabia.<\/p>\n","protected":false},"author":1,"featured_media":14261,"comment_status":"open","ping_status":"open","sticky":false,"template":"","format":"standard","meta":{"footnotes":""},"categories":[4,5,6],"tags":[6950,9541,9548,9546,8297,9542,8298,4867,9545,8996,9544,9547,9543,141,6241,1565,1567],"class_list":["post-14254","post","type-post","status-publish","format-standard","has-post-thumbnail","hentry","category-pais","category-politica","category-region","tag-armando-benedetti","tag-ex-candidato-presidencial-federico-gutierrez","tag-exembajador-de-venezuela","tag-exjefa-de-gabinete","tag-exsenador","tag-francisco-santos","tag-gustavo-bolivar","tag-gustavo-petro","tag-investigacion-de-la-fiscalia","tag-ivan-velasquez","tag-la-exninera","tag-laura-sarabia","tag-marelbys-meza","tag-ministro-de-defensa","tag-presidente-de-colombia","tag-revista-semana","tag-vicky-davila"],"_links":{"self":[{"href":"https:\/\/contrastes.com.co\/digital\/wp-json\/wp\/v2\/posts\/14254","targetHints":{"allow":["GET"]}}],"collection":[{"href":"https:\/\/contrastes.com.co\/digital\/wp-json\/wp\/v2\/posts"}],"about":[{"href":"https:\/\/contrastes.com.co\/digital\/wp-json\/wp\/v2\/types\/post"}],"author":[{"embeddable":true,"href":"https:\/\/contrastes.com.co\/digital\/wp-json\/wp\/v2\/users\/1"}],"replies":[{"embeddable":true,"href":"https:\/\/contrastes.com.co\/digital\/wp-json\/wp\/v2\/comments?post=14254"}],"version-history":[{"count":3,"href":"https:\/\/contrastes.com.co\/digital\/wp-json\/wp\/v2\/posts\/14254\/revisions"}],"predecessor-version":[{"id":14264,"href":"https:\/\/contrastes.com.co\/digital\/wp-json\/wp\/v2\/posts\/14254\/revisions\/14264"}],"wp:featuredmedia":[{"embeddable":true,"href":"https:\/\/contrastes.com.co\/digital\/wp-json\/wp\/v2\/media\/14261"}],"wp:attachment":[{"href":"https:\/\/contrastes.com.co\/digital\/wp-json\/wp\/v2\/media?parent=14254"}],"wp:term":[{"taxonomy":"category","embeddable":true,"href":"https:\/\/contrastes.com.co\/digital\/wp-json\/wp\/v2\/categories?post=14254"},{"taxonomy":"post_tag","embeddable":true,"href":"https:\/\/contrastes.com.co\/digital\/wp-json\/wp\/v2\/tags?post=14254"}],"curies":[{"name":"wp","href":"https:\/\/api.w.org\/{rel}","templated":true}]}}