{"id":14285,"date":"2023-06-11T19:37:43","date_gmt":"2023-06-12T00:37:43","guid":{"rendered":"https:\/\/contrastes.com.co\/digital\/?p=14285"},"modified":"2023-06-11T20:37:31","modified_gmt":"2023-06-12T01:37:31","slug":"en-vivo-detras-de-camara-no-4-el-lado-amable-de-la-camara-de-representantes-hoy-la-paz-total","status":"publish","type":"post","link":"https:\/\/contrastes.com.co\/digital\/en-vivo-detras-de-camara-no-4-el-lado-amable-de-la-camara-de-representantes-hoy-la-paz-total\/","title":{"rendered":"EN VIVO: \u201cDetr\u00e1s de C\u00e1mara\u201d (N\u00ba 4), el lado amable de la C\u00e1mara de Representantes: Hoy La Paz Total"},"content":{"rendered":"<p><strong>*EN VIVO: \u201cDetr\u00e1s de C\u00e1mara\u201d (N\u00ba 4), el lado amable de la C\u00e1mara de Representantes: Hoy La Paz Total<\/strong><\/p>\n<blockquote><p><strong>Contrastes Televisi\u00f3n les trae \u201cDetr\u00e1s de C\u00e1mara\u201d, la cuarte entrega del programa \u201cDetr\u00e1s de C\u00e1mara\u201d, la iniciativa audiovisual que se ha convertido en muy poco tiempo en uno de los espacios m\u00e1s interesantes de la nueva televisi\u00f3n colombiana. Te invitamos a dejarnos tus comentarios y a compartir este excelente producto<\/strong><\/p><\/blockquote>\n<p><img loading=\"lazy\" decoding=\"async\" class=\"alignleft size-full wp-image-8758\" src=\"https:\/\/contrastes.com.co\/digital\/wp-content\/uploads\/2022\/04\/d-capitular.png\" alt=\"\" width=\"100\" height=\"100\" srcset=\"https:\/\/contrastes.com.co\/digital\/wp-content\/uploads\/2022\/04\/d-capitular.png 100w, https:\/\/contrastes.com.co\/digital\/wp-content\/uploads\/2022\/04\/d-capitular-60x60.png 60w\" sizes=\"auto, (max-width: 100px) 100vw, 100px\" \/>irigido por <strong>Juan Buelva<\/strong>s y conducido por <strong>Jorge Leguizam\u00f3n<\/strong>, <strong>\u201cDetr\u00e1s de C\u00e1mara\u201d<\/strong> es una propuesta fresca y muy novedosa que nos ofrece una visi\u00f3n diferente y mostr\u00e1ndonos el lado amable de la C\u00e1mara de Representantes de Colombia. Las entrevistas amenas, muy espont\u00e1neas, con tem\u00e1ticas de carne y hueso, adem\u00e1s de un lenguaje que nos llega a todos, convierten este programa en el lado amable del Congreso de la Rep\u00fablica, de quienes all\u00ed nos representan y de quienes se acercan a ella.<\/p>\n<p><iframe loading=\"lazy\" style=\"border: none; overflow: hidden;\" src=\"https:\/\/www.facebook.com\/plugins\/video.php?height=314&amp;href=https%3A%2F%2Fwww.facebook.com%2Fguillo.pantoja.1%2Fvideos%2F1301803964022333%2F&amp;show_text=false&amp;width=560&amp;t=0\" width=\"560\" height=\"314\" frameborder=\"0\" scrolling=\"no\" allowfullscreen=\"allowfullscreen\"><\/iframe><\/p>\n<p><iframe loading=\"lazy\" title=\"\u201cDetr\u00e1s de C\u00e1mara\u201d (N\u00ba 4), el lado amable de la C\u00e1mara de Representantes\" width=\"640\" height=\"360\" src=\"https:\/\/www.youtube.com\/embed\/RyRkWhzGzSo?feature=oembed\" frameborder=\"0\" allow=\"accelerometer; autoplay; clipboard-write; encrypted-media; gyroscope; picture-in-picture; web-share\" referrerpolicy=\"strict-origin-when-cross-origin\" allowfullscreen><\/iframe><\/p>\n<p>Contrastes Televisi\u00f3n les trae \u201cDetr\u00e1s de C\u00e1mara\u201d, una iniciativa audiovisual que, seguramente, se convertir\u00e1 en muy poco tiempo en uno de los espacios m\u00e1s interesantes de la nueva televisi\u00f3n colombiana. Te invitamos a dejarnos tus comentarios y a compartir este excelente producto<\/p>\n","protected":false},"excerpt":{"rendered":"<p>Dirigido por Juan Buelvas y conducido por Jorge Leguizam\u00f3n, \u201cDetr\u00e1s de C\u00e1mara\u201d es una propuesta fresca y muy novedosa que nos ofrece una visi\u00f3n diferente y mostr\u00e1ndonos el lado amable de la C\u00e1mara de Representantes de Colombia. Las entrevistas amenas, muy espont\u00e1neas, con tem\u00e1ticas de carne y hueso, adem\u00e1s de un lenguaje que nos llega a todos, convierten este programa en el lado amable del Congreso de la Rep\u00fablica, de quienes all\u00ed nos representan y de quienes se acercan a ella.<\/p>\n","protected":false},"author":1,"featured_media":14286,"comment_status":"open","ping_status":"open","sticky":false,"template":"","format":"standard","meta":{"footnotes":""},"categories":[4850,4,6,4995],"tags":[9524,188,574,9567],"class_list":["post-14285","post","type-post","status-publish","format-standard","has-post-thumbnail","hentry","category-congreso-de-la-republica","category-pais","category-region","category-television-web","tag-detras-de-camara","tag-camara-de-representantes","tag-congreso-de-la-republica","tag-contrastes-tv"],"_links":{"self":[{"href":"https:\/\/contrastes.com.co\/digital\/wp-json\/wp\/v2\/posts\/14285","targetHints":{"allow":["GET"]}}],"collection":[{"href":"https:\/\/contrastes.com.co\/digital\/wp-json\/wp\/v2\/posts"}],"about":[{"href":"https:\/\/contrastes.com.co\/digital\/wp-json\/wp\/v2\/types\/post"}],"author":[{"embeddable":true,"href":"https:\/\/contrastes.com.co\/digital\/wp-json\/wp\/v2\/users\/1"}],"replies":[{"embeddable":true,"href":"https:\/\/contrastes.com.co\/digital\/wp-json\/wp\/v2\/comments?post=14285"}],"version-history":[{"count":4,"href":"https:\/\/contrastes.com.co\/digital\/wp-json\/wp\/v2\/posts\/14285\/revisions"}],"predecessor-version":[{"id":14290,"href":"https:\/\/contrastes.com.co\/digital\/wp-json\/wp\/v2\/posts\/14285\/revisions\/14290"}],"wp:featuredmedia":[{"embeddable":true,"href":"https:\/\/contrastes.com.co\/digital\/wp-json\/wp\/v2\/media\/14286"}],"wp:attachment":[{"href":"https:\/\/contrastes.com.co\/digital\/wp-json\/wp\/v2\/media?parent=14285"}],"wp:term":[{"taxonomy":"category","embeddable":true,"href":"https:\/\/contrastes.com.co\/digital\/wp-json\/wp\/v2\/categories?post=14285"},{"taxonomy":"post_tag","embeddable":true,"href":"https:\/\/contrastes.com.co\/digital\/wp-json\/wp\/v2\/tags?post=14285"}],"curies":[{"name":"wp","href":"https:\/\/api.w.org\/{rel}","templated":true}]}}