{"id":14351,"date":"2023-06-27T16:00:00","date_gmt":"2023-06-27T21:00:00","guid":{"rendered":"https:\/\/contrastes.com.co\/digital\/?p=14351"},"modified":"2023-06-27T16:00:00","modified_gmt":"2023-06-27T21:00:00","slug":"ninos-sin-colegios-y-presunta-explotacion-laboral-cruda-realidad-en-la-guajira","status":"publish","type":"post","link":"https:\/\/contrastes.com.co\/digital\/ninos-sin-colegios-y-presunta-explotacion-laboral-cruda-realidad-en-la-guajira\/","title":{"rendered":"Ni\u00f1os sin colegios y presunta explotaci\u00f3n laboral: cruda realidad en La Guajira"},"content":{"rendered":"<p><strong>*Ni\u00f1os sin colegios y presunta explotaci\u00f3n laboral: cruda realidad en La Guajira<\/strong><\/p>\n<blockquote><p><strong>Sigue La W lleg\u00f3 hasta La Guajira para conocer de primera mano las principales necesidades de las comunidades. L\u00edderes denuncian falta de atenci\u00f3n a la primera infancia y explotaci\u00f3n laboral.<\/strong><\/p><\/blockquote>\n<p><strong><em><a href=\"https:\/\/www.wradio.com.co\/2023\/06\/27\/ninos-sin-colegios-y-explotacion-laboral-cruda-realidad-en-la-guajira\/\">WRadio.com.co<\/a><\/em><\/strong><\/p>\n<p><img loading=\"lazy\" decoding=\"async\" class=\"alignleft  wp-image-8591\" src=\"https:\/\/contrastes.com.co\/digital\/wp-content\/uploads\/2022\/03\/r-capitular.png\" alt=\"r capitular\" width=\"65\" height=\"65\" srcset=\"https:\/\/contrastes.com.co\/digital\/wp-content\/uploads\/2022\/03\/r-capitular.png 100w, https:\/\/contrastes.com.co\/digital\/wp-content\/uploads\/2022\/03\/r-capitular-60x60.png 60w\" sizes=\"auto, (max-width: 65px) 100vw, 65px\" \/>ecientemente la <strong>Defensor\u00eda del Pueblo<\/strong> alert\u00f3 al <strong>Gobierno Nacional<\/strong> por la muerte de 141 ni\u00f1os por desnutrici\u00f3n en menores de 5 a\u00f1os entre el primero de enero y el 17 de junio de este 2023, esto en medio de la visita de todo el gabinete del presidente Petro a este departamento para buscar soluciones ante las problem\u00e1ticas que afronta la comunidad.<\/p>\n<p>En medio del cubrimiento especial de <em><strong>Sigue La W<\/strong><\/em> a La Guajira, l\u00edderes de la<strong> comunidad Kari Kari<\/strong> aseguraron que no hay una cobertura en atenci\u00f3n a la primera infancia de comunidades afro e ind\u00edgenas. Asimismo, se habla de una explotaci\u00f3n laboral ante la falta de oportunidades.<\/p>\n<p>En entrevista con <em><strong>Sigue La W<\/strong><\/em>, Yelitza Redondo, enfermera y l\u00edder social que hace parte de un hogar de primera infancia que acoge a 40 ni\u00f1os, resalt\u00f3 que \u201cnosotros empezamos con este proyecto porque hab\u00eda mucha necesidad, mucha hambre en la comunidad, tenemos ni\u00f1os de madres recicladoras, ni\u00f1os de madres wayuu, de mujeres que trabajan en casas de familia. A veces a los ni\u00f1os se los llevan a reciclar, entonces nosotros vimos esto y los trajimos a una Unidad de Atenci\u00f3n Comunitaria a la primera Infancia\u201d.<\/p>\n<p>Asimismo, detall\u00f3 que \u201cnosotros desde enero solicitamos una cobertura del ICBF, pero no nos han atendido, la \u00fanica fundaci\u00f3n que lleg\u00f3 fue \u2018Mi mano amiga\u2019, ellos siempre nos han ayudado, pero el ICBF siempre dice que no hay presupuesto para atender a estos ni\u00f1os, que esperamos la ampliaci\u00f3n de cobertura\u201d.<\/p>\n<p>En cuanto a las condiciones de los menores que cuidan, la l\u00edder explic\u00f3 que \u201ctenemos ni\u00f1os con enfermedades prevalentes, con brote, varicela, con mucha gripa. D\u00eda a d\u00eda nos toca visitar a los ni\u00f1os en sus casas porque tenemos bastantes ni\u00f1os enfermos. Esos ni\u00f1os son venezolanos entonces no tienen un servicio m\u00e9dico, se est\u00e1n curando con medicina tradicional\u201d.<\/p>\n<p>Sumado a esto, dijo que actualmente tiene a seis ni\u00f1os en riesgo de desnutrici\u00f3n. \u201cQueremos brindarles a los ni\u00f1os una buena alimentaci\u00f3n para que tengan una buena salud\u201d.<\/p>\n<p>Por otra parte, envi\u00f3 un mensaje al presidente Gustavo Petro, \u201cyo le dir\u00eda al presidente que ante todo necesitamos la ampliaci\u00f3n de cobertura para que todos los ni\u00f1os puedan adquirir una buena alimentaci\u00f3n por medio del Bienestar Familiar\u201d.<\/p>\n<p>Por \u00faltimo, destac\u00f3 que \u201cen La Guajira todo lo desv\u00edan (&#8230;) Bienestar Familiar aqu\u00ed siempre ha sido una ola de corrupci\u00f3n porque aqu\u00ed no se sabe qu\u00e9 se hace con la plata de los ni\u00f1os\u201d.<\/p>\n<p><strong>M\u00e1s en <em><a href=\"https:\/\/www.wradio.com.co\/2023\/06\/27\/ninos-sin-colegios-y-explotacion-laboral-cruda-realidad-en-la-guajira\/\">WRadio.com.co<\/a><\/em><\/strong><\/p>\n","protected":false},"excerpt":{"rendered":"<p>Recientemente la Defensor\u00eda del Pueblo alert\u00f3 al Gobierno Nacional por la muerte de 141 ni\u00f1os por desnutrici\u00f3n en menores de 5 a\u00f1os entre el primero de enero y el 17 de junio de este 2023, esto en medio de la visita de todo el gabinete del presidente Petro a este departamento para buscar soluciones ante las problem\u00e1ticas que afronta la comunidad.<\/p>\n","protected":false},"author":1,"featured_media":14352,"comment_status":"open","ping_status":"open","sticky":false,"template":"","format":"standard","meta":{"footnotes":""},"categories":[6,5682],"tags":[9644,3117,9643,557,2447,9642,9641],"class_list":["post-14351","post","type-post","status-publish","format-standard","has-post-thumbnail","hentry","category-region","category-reportajes","tag-comunidad-kari-kari","tag-defensoria-del-pueblo","tag-explotacion-laboral","tag-gobierno-nacional","tag-la-guajira","tag-ninos-sin-colegios","tag-sigue-la-w"],"_links":{"self":[{"href":"https:\/\/contrastes.com.co\/digital\/wp-json\/wp\/v2\/posts\/14351","targetHints":{"allow":["GET"]}}],"collection":[{"href":"https:\/\/contrastes.com.co\/digital\/wp-json\/wp\/v2\/posts"}],"about":[{"href":"https:\/\/contrastes.com.co\/digital\/wp-json\/wp\/v2\/types\/post"}],"author":[{"embeddable":true,"href":"https:\/\/contrastes.com.co\/digital\/wp-json\/wp\/v2\/users\/1"}],"replies":[{"embeddable":true,"href":"https:\/\/contrastes.com.co\/digital\/wp-json\/wp\/v2\/comments?post=14351"}],"version-history":[{"count":1,"href":"https:\/\/contrastes.com.co\/digital\/wp-json\/wp\/v2\/posts\/14351\/revisions"}],"predecessor-version":[{"id":14353,"href":"https:\/\/contrastes.com.co\/digital\/wp-json\/wp\/v2\/posts\/14351\/revisions\/14353"}],"wp:featuredmedia":[{"embeddable":true,"href":"https:\/\/contrastes.com.co\/digital\/wp-json\/wp\/v2\/media\/14352"}],"wp:attachment":[{"href":"https:\/\/contrastes.com.co\/digital\/wp-json\/wp\/v2\/media?parent=14351"}],"wp:term":[{"taxonomy":"category","embeddable":true,"href":"https:\/\/contrastes.com.co\/digital\/wp-json\/wp\/v2\/categories?post=14351"},{"taxonomy":"post_tag","embeddable":true,"href":"https:\/\/contrastes.com.co\/digital\/wp-json\/wp\/v2\/tags?post=14351"}],"curies":[{"name":"wp","href":"https:\/\/api.w.org\/{rel}","templated":true}]}}