{"id":14472,"date":"2023-07-11T12:56:57","date_gmt":"2023-07-11T17:56:57","guid":{"rendered":"https:\/\/contrastes.com.co\/digital\/?p=14472"},"modified":"2023-07-20T19:04:53","modified_gmt":"2023-07-21T00:04:53","slug":"gsc-estamos-con-alcira-estrena-pagina-web","status":"publish","type":"post","link":"https:\/\/contrastes.com.co\/digital\/gsc-estamos-con-alcira-estrena-pagina-web\/","title":{"rendered":"GSC Estamos con Alcira estrena p\u00e1gina web"},"content":{"rendered":"<p><strong>*Grupo Significativo de Ciudadanos \u00abEstamos con Alcira\u00bb, estrena p\u00e1gina web<\/strong><\/p>\n<blockquote><p><strong>Este trabajo, se enmarca dentro de la estrategia que direcciona la m\u00e9dico Alcira Sandoval Ib\u00e1\u00f1ez, que busca fortalecer los canales utilizados para la comunicaci\u00f3n integral del Grupo Significativo de Ciudadanos Estamos con Alcira.<\/strong><\/p><\/blockquote>\n<p><img loading=\"lazy\" decoding=\"async\" class=\"alignleft  wp-image-8529\" src=\"https:\/\/contrastes.com.co\/digital\/wp-content\/uploads\/2022\/03\/e-capitular.png\" alt=\"e capitular\" width=\"76\" height=\"76\" srcset=\"https:\/\/contrastes.com.co\/digital\/wp-content\/uploads\/2022\/03\/e-capitular.png 150w, https:\/\/contrastes.com.co\/digital\/wp-content\/uploads\/2022\/03\/e-capitular-60x60.png 60w\" sizes=\"auto, (max-width: 76px) 100vw, 76px\" \/><strong>l Grupo Significativo de Ciudadanos Estamos con Alcira<\/strong> presenta a la comunidad su p\u00e1gina web <strong><a href=\"https:\/\/www.estamosconalcira.com\">estamosconalcira.com<\/a><\/strong> con el objetivo de ofrecer una experiencia comunicacional de nuestras actividades socio-pol\u00edticas de una manera fluida y atractiva. En <strong><a href=\"https:\/\/www.estamosconalcira.com\">estamosconalcira.com<\/a> <\/strong>podr\u00e1n navegar por sus secciones de manera autom\u00e1tica, encontrando la informaci\u00f3n que se genera, desde nuestro<strong> prop\u00f3sito democr\u00e1tico de candidatizar a la Alcald\u00eda de Soledad a la m\u00e9dico Alcira Sandoval.<\/strong><\/p>\n<p>El dise\u00f1o de la p\u00e1gina web es funcional y din\u00e1mico y tiene conexi\u00f3n con las redes sociales de Facebook e Instagram del Grupo Significativo y de la l\u00edder socio-pol\u00edtica Alcira Sandoval y tiene como objetivo brindar una alternativa complementaria, para que la comunidad tenga informaci\u00f3n de lo que sucede diariamente con este movimiento y pueda interactuar con nuestro Grupo.<\/p>\n<p>Este trabajo, se enmarca dentro de la estrategia que direcciona la m\u00e9dico <strong>Alcira Sandoval Ib\u00e1\u00f1ez<\/strong>, que busca fortalecer los canales utilizados para la comunicaci\u00f3n integral del Grupo Significativo de Ciudadanos Estamos con Alcira.<\/p>\n<p>En <strong><a href=\"https:\/\/www.estamosconalcira.com\">estamosconalcira.com<\/a><\/strong> encontrar\u00e1n noticias, videos, fotograf\u00edas anuncios, email y chat para interacci\u00f3n que esperamos sea de mucha utilidad para la comunidad en general y para apoyo en material para los medios de comunicaci\u00f3n.<\/p>\n","protected":false},"excerpt":{"rendered":"<p>El Grupo Significativo de Ciudadanos Estamos con Alcira presenta a la comunidad su p\u00e1gina web https:\/\/www.estamosconalcira.com con el objetivo de ofrecer una experiencia comunicacional de nuestras actividades socio- pol\u00edticas de una manera fluida y atractiva. En estamosconalcira.com podr\u00e1n navegar por sus secciones de manera autom\u00e1tica, encontrando la informaci\u00f3n que se genera, desde nuestro prop\u00f3sito democr\u00e1tico de candidatizar a la Alcald\u00eda de Soledad a la m\u00e9dico Alcira Sandoval.<\/p>\n","protected":false},"author":1,"featured_media":14473,"comment_status":"open","ping_status":"open","sticky":false,"template":"","format":"standard","meta":{"footnotes":""},"categories":[8725,2,5,9,6728],"tags":[9726,9727,8957,9289,38,9725],"class_list":["post-14472","post","type-post","status-publish","format-standard","has-post-thumbnail","hentry","category-elecciones-regionales-2023","category-locales","category-politica","category-tecnologia","category-telecomunicaciones-e-internet","tag-elecciones-alcaldia-2023","tag-estamosconalcira-com","tag-gsc-estamos-con-alcira","tag-medico-alcira-sandoval","tag-municipio-de-soledad","tag-pagina-web"],"_links":{"self":[{"href":"https:\/\/contrastes.com.co\/digital\/wp-json\/wp\/v2\/posts\/14472","targetHints":{"allow":["GET"]}}],"collection":[{"href":"https:\/\/contrastes.com.co\/digital\/wp-json\/wp\/v2\/posts"}],"about":[{"href":"https:\/\/contrastes.com.co\/digital\/wp-json\/wp\/v2\/types\/post"}],"author":[{"embeddable":true,"href":"https:\/\/contrastes.com.co\/digital\/wp-json\/wp\/v2\/users\/1"}],"replies":[{"embeddable":true,"href":"https:\/\/contrastes.com.co\/digital\/wp-json\/wp\/v2\/comments?post=14472"}],"version-history":[{"count":1,"href":"https:\/\/contrastes.com.co\/digital\/wp-json\/wp\/v2\/posts\/14472\/revisions"}],"predecessor-version":[{"id":14474,"href":"https:\/\/contrastes.com.co\/digital\/wp-json\/wp\/v2\/posts\/14472\/revisions\/14474"}],"wp:featuredmedia":[{"embeddable":true,"href":"https:\/\/contrastes.com.co\/digital\/wp-json\/wp\/v2\/media\/14473"}],"wp:attachment":[{"href":"https:\/\/contrastes.com.co\/digital\/wp-json\/wp\/v2\/media?parent=14472"}],"wp:term":[{"taxonomy":"category","embeddable":true,"href":"https:\/\/contrastes.com.co\/digital\/wp-json\/wp\/v2\/categories?post=14472"},{"taxonomy":"post_tag","embeddable":true,"href":"https:\/\/contrastes.com.co\/digital\/wp-json\/wp\/v2\/tags?post=14472"}],"curies":[{"name":"wp","href":"https:\/\/api.w.org\/{rel}","templated":true}]}}