{"id":14475,"date":"2023-07-12T19:06:04","date_gmt":"2023-07-13T00:06:04","guid":{"rendered":"https:\/\/contrastes.com.co\/digital\/?p=14475"},"modified":"2023-07-21T15:20:19","modified_gmt":"2023-07-21T20:20:19","slug":"la-medico-alcira-sandoval-recibe-apoyo-de-diputado-del-partido-conservador-federico-ucros-fernandez","status":"publish","type":"post","link":"https:\/\/contrastes.com.co\/digital\/la-medico-alcira-sandoval-recibe-apoyo-de-diputado-del-partido-conservador-federico-ucros-fernandez\/","title":{"rendered":"La m\u00e9dico Alcira Sandoval recibe apoyo de Diputado del partido Conservador Federico Ucr\u00f3s Fern\u00e1ndez"},"content":{"rendered":"<p><strong>*La m\u00e9dico Alcira Sandoval recibe apoyo de Diputado del partido Conservador Federico Ucr\u00f3s Fern\u00e1ndez<\/strong><\/p>\n<blockquote><p><strong>\u201cAlcira es una combinaci\u00f3n de lo que la gente de Soledad quiere para que sea su gobernante\u201d; Federico Ucr\u00f3s Fern\u00e1ndez.<\/strong><\/p><\/blockquote>\n<p><img loading=\"lazy\" decoding=\"async\" class=\"alignleft wp-image-8529\" src=\"https:\/\/contrastes.com.co\/digital\/wp-content\/uploads\/2022\/03\/e-capitular.png\" alt=\"e capitular\" width=\"85\" height=\"85\" srcset=\"https:\/\/contrastes.com.co\/digital\/wp-content\/uploads\/2022\/03\/e-capitular.png 150w, https:\/\/contrastes.com.co\/digital\/wp-content\/uploads\/2022\/03\/e-capitular-60x60.png 60w\" sizes=\"auto, (max-width: 85px) 100vw, 85px\" \/>l <strong>Diputado solede\u00f1o Federico Ucr\u00f3s Fern\u00e1ndez del partido Conservador<\/strong> anunci\u00f3 respaldar\u00e1 la candidatura de la m\u00e9dico Alcira Sandoval Ib\u00e1\u00f1ez a trav\u00e9s del Grupo Significativo de Ciudadanos Estamos con Alcira en los pr\u00f3ximos comicios de octubre. As\u00ed lo dio a conocer el <strong>diputado y nuevamente candidato a la Asamblea por el Partido Conservador<\/strong>, quien resalt\u00f3 la receptividad comunitaria de la m\u00e9dico y destac\u00f3 sus cualidades como mujer y profesional con una gran vocaci\u00f3n social, con experiencia en el ejercicio p\u00fablico.<\/p>\n<p>Ucr\u00f3s agreg\u00f3, que \u201cAlcira es una combinaci\u00f3n de lo que la gente de Soledad quiere para que sea su gobernante\u201d; destac\u00f3 su liderazgo, su trabajo y esa penetraci\u00f3n social que hoy la tienen bien posicionada, perfil\u00e1ndose como la mejor opci\u00f3n para la alcald\u00eda de Soledad. <em><strong>Manifest\u00f3 que no habr\u00eda ning\u00fan reparo para co-avalar esa candidatura y dijo que el Partido la respaldar\u00eda en pleno despu\u00e9s de evaluar su hoja de vida y comportamiento social,<\/strong><\/em> conquistado a pulso y con el gran respaldo de la opini\u00f3n en el municipio, proceso pol\u00edtico en estudio a nivel nacional. <strong>\u201cPor eso los que tenemos amor por esta tierra no podemos ser inferiores a respaldar a quien de verdad nos representa e identifica\u201d,<\/strong> agreg\u00f3 Ucr\u00f3s Fern\u00e1ndez.<\/p>\n","protected":false},"excerpt":{"rendered":"<p>El Diputado solede\u00f1o Federico Ucr\u00f3s Fern\u00e1ndez del partido Conservador anunci\u00f3 respaldar\u00e1 la candidatura de la m\u00e9dico Alcira Sandoval Ib\u00e1\u00f1ez a trav\u00e9s del Grupo Significativo de Ciudadanos Estamos con Alcira en los pr\u00f3ximos comicios de octubre. As\u00ed lo dio a conocer el diputado y nuevamente candidato a la Asamblea por el Partido Conservador, quien resalt\u00f3 la receptividad comunitaria de la m\u00e9dico y destac\u00f3 sus cualidades como mujer y profesional con una gran vocaci\u00f3n social, con experiencia en el ejercicio p\u00fablico.<\/p>\n","protected":false},"author":1,"featured_media":14476,"comment_status":"open","ping_status":"open","sticky":false,"template":"","format":"standard","meta":{"footnotes":""},"categories":[3537,8725,2,5,6],"tags":[9323,9735,9732,8636,9733,8957,38,9734],"class_list":["post-14475","post","type-post","status-publish","format-standard","has-post-thumbnail","hentry","category-asamblea-departamental","category-elecciones-regionales-2023","category-locales","category-politica","category-region","tag-alcira-sandoval-ibanez","tag-candidaturas-alcaldia-de-soledad","tag-diputado-soledeno","tag-elecciones-2023","tag-federico-ucros-fernandez","tag-gsc-estamos-con-alcira","tag-municipio-de-soledad","tag-partido-conservador"],"_links":{"self":[{"href":"https:\/\/contrastes.com.co\/digital\/wp-json\/wp\/v2\/posts\/14475","targetHints":{"allow":["GET"]}}],"collection":[{"href":"https:\/\/contrastes.com.co\/digital\/wp-json\/wp\/v2\/posts"}],"about":[{"href":"https:\/\/contrastes.com.co\/digital\/wp-json\/wp\/v2\/types\/post"}],"author":[{"embeddable":true,"href":"https:\/\/contrastes.com.co\/digital\/wp-json\/wp\/v2\/users\/1"}],"replies":[{"embeddable":true,"href":"https:\/\/contrastes.com.co\/digital\/wp-json\/wp\/v2\/comments?post=14475"}],"version-history":[{"count":2,"href":"https:\/\/contrastes.com.co\/digital\/wp-json\/wp\/v2\/posts\/14475\/revisions"}],"predecessor-version":[{"id":14478,"href":"https:\/\/contrastes.com.co\/digital\/wp-json\/wp\/v2\/posts\/14475\/revisions\/14478"}],"wp:featuredmedia":[{"embeddable":true,"href":"https:\/\/contrastes.com.co\/digital\/wp-json\/wp\/v2\/media\/14476"}],"wp:attachment":[{"href":"https:\/\/contrastes.com.co\/digital\/wp-json\/wp\/v2\/media?parent=14475"}],"wp:term":[{"taxonomy":"category","embeddable":true,"href":"https:\/\/contrastes.com.co\/digital\/wp-json\/wp\/v2\/categories?post=14475"},{"taxonomy":"post_tag","embeddable":true,"href":"https:\/\/contrastes.com.co\/digital\/wp-json\/wp\/v2\/tags?post=14475"}],"curies":[{"name":"wp","href":"https:\/\/api.w.org\/{rel}","templated":true}]}}