{"id":14523,"date":"2023-07-31T13:28:52","date_gmt":"2023-07-31T18:28:52","guid":{"rendered":"https:\/\/contrastes.com.co\/digital\/?p=14523"},"modified":"2023-08-15T13:35:00","modified_gmt":"2023-08-15T18:35:00","slug":"9-869-dosis-aplicadas-durante-la-tercera-jornada-nacional-de-vacunacion-en-soledad","status":"publish","type":"post","link":"https:\/\/contrastes.com.co\/digital\/9-869-dosis-aplicadas-durante-la-tercera-jornada-nacional-de-vacunacion-en-soledad\/","title":{"rendered":"9.869 dosis aplicadas durante la Tercera Jornada Nacional de Vacunaci\u00f3n en Soledad"},"content":{"rendered":"<p><strong>*9.869 dosis aplicadas durante la Tercera Jornada Nacional de Vacunaci\u00f3n en Soledad<\/strong><\/p>\n<blockquote><p><strong>\u00abNos enorgullece haber alcanzado una cifra tan significativa de personas vacunadas y continuaremos trabajando incansablemente para lograr una Soledad m\u00e1s saludable\u00bb: Edinson Barrera Reyes, secretario de Salud de Soledad<\/strong><\/p><\/blockquote>\n<p><img loading=\"lazy\" decoding=\"async\" class=\"alignleft  wp-image-8529\" src=\"https:\/\/contrastes.com.co\/digital\/wp-content\/uploads\/2022\/03\/e-capitular.png\" alt=\"e capitular\" width=\"77\" height=\"77\" srcset=\"https:\/\/contrastes.com.co\/digital\/wp-content\/uploads\/2022\/03\/e-capitular.png 150w, https:\/\/contrastes.com.co\/digital\/wp-content\/uploads\/2022\/03\/e-capitular-60x60.png 60w\" sizes=\"auto, (max-width: 77px) 100vw, 77px\" \/>n la jornada del s\u00e1bado, 29 de julio, se lograron aplicar un total de 9.869 dosis de vacunas a ni\u00f1os, ni\u00f1as, adolescentes y mujeres embarazadas en Soledad. Bajo el esfuerzo conjunto de las vacunadoras, la Oficina de Salud P\u00fablica, el Hospital Materno Infantil, las IPS y EPS privadas, y los l\u00edderes comunitarios, se habilitaron 19 puntos de vacunaci\u00f3n en toda la red de salud p\u00fablica y privada.<\/p>\n<p>Durante la jornada, se aplicaron diferentes biol\u00f3gicos a menores de 5 a\u00f1os, comenzando, continuando o completando su esquema de vacunaci\u00f3n contra enfermedades como la polio, pentavalente, neumococo, triple viral, hepatitis A, varicela, fiebre amarilla y DPT. Asimismo, las mujeres embarazadas fueron vacunadas contra el Covid-19 y DPT acelular.<\/p>\n<blockquote><p>Adem\u00e1s, se aprovech\u00f3 la oportunidad para aplicar vacunas contra el Covid-19 a la poblaci\u00f3n a partir de los seis meses de edad.<\/p><\/blockquote>\n<p>El secretario de Salud, Edinson Barrera Reyes, destac\u00f3 el trabajo en equipo y resalt\u00f3 que este logro no termina aqu\u00ed. \u00abNos enorgullece haber alcanzado una cifra tan significativa de personas vacunadas y continuaremos trabajando incansablemente para lograr una Soledad m\u00e1s saludable\u00bb, agreg\u00f3.<\/p>\n","protected":false},"excerpt":{"rendered":"<p>En la jornada del s\u00e1bado, 29 de julio, se lograron aplicar un total de 9.869 dosis de vacunas a ni\u00f1os, ni\u00f1as, adolescentes y mujeres embarazadas en Soledad. Bajo el esfuerzo conjunto de las vacunadoras, la Oficina de Salud P\u00fablica, el Hospital Materno Infantil, las IPS y EPS privadas, y los l\u00edderes comunitarios, se habilitaron 19 puntos de vacunaci\u00f3n en toda la red de salud p\u00fablica y privada.<\/p>\n","protected":false},"author":1,"featured_media":14524,"comment_status":"open","ping_status":"open","sticky":false,"template":"","format":"standard","meta":{"footnotes":""},"categories":[2,4,268,2861],"tags":[9688,9761,9763,9762,38,9056,1170,9760],"class_list":["post-14523","post","type-post","status-publish","format-standard","has-post-thumbnail","hentry","category-locales","category-pais","category-salud","category-vacunacion","tag-edinson-barrera-reyes","tag-el-hospital-materno-infantil","tag-eps-privadas","tag-ips-privadas","tag-municipio-de-soledad","tag-oficina-de-salud-publica","tag-secretario-de-salud-de-soledad","tag-tercera-jornada-nacional-de-vacunacion"],"_links":{"self":[{"href":"https:\/\/contrastes.com.co\/digital\/wp-json\/wp\/v2\/posts\/14523","targetHints":{"allow":["GET"]}}],"collection":[{"href":"https:\/\/contrastes.com.co\/digital\/wp-json\/wp\/v2\/posts"}],"about":[{"href":"https:\/\/contrastes.com.co\/digital\/wp-json\/wp\/v2\/types\/post"}],"author":[{"embeddable":true,"href":"https:\/\/contrastes.com.co\/digital\/wp-json\/wp\/v2\/users\/1"}],"replies":[{"embeddable":true,"href":"https:\/\/contrastes.com.co\/digital\/wp-json\/wp\/v2\/comments?post=14523"}],"version-history":[{"count":1,"href":"https:\/\/contrastes.com.co\/digital\/wp-json\/wp\/v2\/posts\/14523\/revisions"}],"predecessor-version":[{"id":14525,"href":"https:\/\/contrastes.com.co\/digital\/wp-json\/wp\/v2\/posts\/14523\/revisions\/14525"}],"wp:featuredmedia":[{"embeddable":true,"href":"https:\/\/contrastes.com.co\/digital\/wp-json\/wp\/v2\/media\/14524"}],"wp:attachment":[{"href":"https:\/\/contrastes.com.co\/digital\/wp-json\/wp\/v2\/media?parent=14523"}],"wp:term":[{"taxonomy":"category","embeddable":true,"href":"https:\/\/contrastes.com.co\/digital\/wp-json\/wp\/v2\/categories?post=14523"},{"taxonomy":"post_tag","embeddable":true,"href":"https:\/\/contrastes.com.co\/digital\/wp-json\/wp\/v2\/tags?post=14523"}],"curies":[{"name":"wp","href":"https:\/\/api.w.org\/{rel}","templated":true}]}}