{"id":14548,"date":"2023-08-15T15:07:02","date_gmt":"2023-08-15T20:07:02","guid":{"rendered":"https:\/\/contrastes.com.co\/digital\/?p=14548"},"modified":"2023-08-15T15:07:02","modified_gmt":"2023-08-15T20:07:02","slug":"la-registraduria-especial-de-soledad-se-traslada-temporalmente-al-c-c-carnaval","status":"publish","type":"post","link":"https:\/\/contrastes.com.co\/digital\/la-registraduria-especial-de-soledad-se-traslada-temporalmente-al-c-c-carnaval\/","title":{"rendered":"La Registradur\u00eda Especial de Soledad se traslada temporalmente al C. C. Carnaval"},"content":{"rendered":"<p><strong>*La Registradur\u00eda Especial de Soledad se traslada temporalmente al C. C. Carnaval<\/strong><\/p>\n<blockquote><p><strong>*El 14 de agosto del 2023 la Registradur\u00eda Especial de Soledad se traslad\u00f3 de manera <\/strong><br \/>\n<strong>temporal al Centro Comercial Carnaval, en el local 2, ubicado en la zona de <\/strong><br \/>\n<strong>parqueaderos.<\/strong><\/p>\n<p><strong>*El traslado o cambio temporal de sede no afecta o altera el curso normal del proceso <\/strong><br \/>\n<strong>electoral para los comicios que se llevar\u00e1n a cabo el pr\u00f3ximo 29 de octubre.<\/strong><\/p>\n<p><strong>*La inscripci\u00f3n de ciudadanos se continuar\u00e1 realizando en la sede ubicada en la Calle 21 # 21-123 hasta el pr\u00f3ximo 29 de agosto del 2023.<\/strong><\/p><\/blockquote>\n<p><img loading=\"lazy\" decoding=\"async\" class=\"alignleft size-full wp-image-8758\" src=\"https:\/\/contrastes.com.co\/digital\/wp-content\/uploads\/2022\/04\/d-capitular.png\" alt=\"\" width=\"100\" height=\"100\" srcset=\"https:\/\/contrastes.com.co\/digital\/wp-content\/uploads\/2022\/04\/d-capitular.png 100w, https:\/\/contrastes.com.co\/digital\/wp-content\/uploads\/2022\/04\/d-capitular-60x60.png 60w\" sizes=\"auto, (max-width: 100px) 100vw, 100px\" \/>esde el 14 de agosto del 2023 la <strong>Registradur\u00eda Especial de Soledad<\/strong> est\u00e1 prestando sus servicios con normalidad y de manera temporal en el <strong>Centro Comercial Carnaval, local 2,<\/strong> zona de parqueaderos, ubicado en la Avenida Aeropuerto Ernesto Cortissoz, Calle 30, v\u00eda Soledad &#8211; Malambo, excepto la inscripci\u00f3n de ciudadanos que se continuar\u00e1 realizando en la sede ubicada la Calle 21 # 21-123, en donde se habilit\u00f3 un espacio para llevar a cabo este proceso sin que interfiera con los trabajos de remodelaci\u00f3n.<\/p>\n<blockquote><p>El traslado temporal de la sede no afecta o altera el proceso ni el cronograma electoral establecido para llevar a cabo las elecciones territoriales el pr\u00f3ximo 29 de octubre.<\/p><\/blockquote>\n<p>\u00abDicho traslado se hace por motivos de remodelaci\u00f3n de <strong>nuestra sede ubicada en la Calle 21 # 21-123,<\/strong> trabajos que se estima tendr\u00e1n una duraci\u00f3n de aproximadamente 3 meses. La remodelaci\u00f3n de esta sede se viene gestionando desde el a\u00f1o 2022, sin embargo, por razones de \u00edndole administrativas, los trabajos no pudieron iniciar antes\u00bb, explica un comunicado de prensa emanado de esa instancia explicando adem\u00e1s que una vez remodelada la sede ubicada en la Calle 21 # 21-123, la Registradur\u00eda Especial de Soledad retornar\u00e1 nuevamente a esta sede.<\/p>\n","protected":false},"excerpt":{"rendered":"<p>Desde el 14 de agosto del 2023 la Registradur\u00eda Especial de Soledad est\u00e1 prestando sus servicios con normalidad y de manera temporal en el Centro Comercial Carnaval, local 2, zona de parqueaderos, ubicado en la Avenida Aeropuerto Ernesto Cortissoz, Calle 30, v\u00eda Soledad &#8211; Malambo, excepto la inscripci\u00f3n de ciudadanos que se continuar\u00e1 realizando en la sede ubicada la Calle 21 # 21-123, en donde se habilit\u00f3 un espacio para llevar a cabo este proceso sin que interfiera con los trabajos de remodelaci\u00f3n.<\/p>\n","protected":false},"author":1,"featured_media":14549,"comment_status":"open","ping_status":"open","sticky":false,"template":"","format":"standard","meta":{"footnotes":""},"categories":[2,3221],"tags":[1669,4395,9771],"class_list":["post-14548","post","type-post","status-publish","format-standard","has-post-thumbnail","hentry","category-locales","category-sector-publico","tag-centro-comercial-carnaval","tag-registraduria-especial-de-soledad","tag-traslado-temporal"],"_links":{"self":[{"href":"https:\/\/contrastes.com.co\/digital\/wp-json\/wp\/v2\/posts\/14548","targetHints":{"allow":["GET"]}}],"collection":[{"href":"https:\/\/contrastes.com.co\/digital\/wp-json\/wp\/v2\/posts"}],"about":[{"href":"https:\/\/contrastes.com.co\/digital\/wp-json\/wp\/v2\/types\/post"}],"author":[{"embeddable":true,"href":"https:\/\/contrastes.com.co\/digital\/wp-json\/wp\/v2\/users\/1"}],"replies":[{"embeddable":true,"href":"https:\/\/contrastes.com.co\/digital\/wp-json\/wp\/v2\/comments?post=14548"}],"version-history":[{"count":1,"href":"https:\/\/contrastes.com.co\/digital\/wp-json\/wp\/v2\/posts\/14548\/revisions"}],"predecessor-version":[{"id":14550,"href":"https:\/\/contrastes.com.co\/digital\/wp-json\/wp\/v2\/posts\/14548\/revisions\/14550"}],"wp:featuredmedia":[{"embeddable":true,"href":"https:\/\/contrastes.com.co\/digital\/wp-json\/wp\/v2\/media\/14549"}],"wp:attachment":[{"href":"https:\/\/contrastes.com.co\/digital\/wp-json\/wp\/v2\/media?parent=14548"}],"wp:term":[{"taxonomy":"category","embeddable":true,"href":"https:\/\/contrastes.com.co\/digital\/wp-json\/wp\/v2\/categories?post=14548"},{"taxonomy":"post_tag","embeddable":true,"href":"https:\/\/contrastes.com.co\/digital\/wp-json\/wp\/v2\/tags?post=14548"}],"curies":[{"name":"wp","href":"https:\/\/api.w.org\/{rel}","templated":true}]}}