{"id":1456,"date":"2020-06-17T21:06:06","date_gmt":"2020-06-18T02:06:06","guid":{"rendered":"https:\/\/contrastes.com.co\/digital\/?p=1456"},"modified":"2020-06-18T19:20:11","modified_gmt":"2020-06-19T00:20:11","slug":"gobierno-nacional-asume-real-compromiso-para-habilitar-el-hospital-del-barrio-la-central-pulgar-daza","status":"publish","type":"post","link":"https:\/\/contrastes.com.co\/digital\/gobierno-nacional-asume-real-compromiso-para-habilitar-el-hospital-del-barrio-la-central-pulgar-daza\/","title":{"rendered":"Gobierno Nacional asume compromiso de habilitar hospital de La Central"},"content":{"rendered":"<blockquote><p><strong>En la primera mesa t\u00e9cnica de trabajo, bancada de congresistas coste\u00f1os propuso trabajo articulado para hacerle frente al Covid-19<\/strong><\/p><\/blockquote>\n<p><img loading=\"lazy\" decoding=\"async\" class=\"alignleft  wp-image-641\" src=\"https:\/\/contrastes.com.co\/digital\/wp-content\/uploads\/2020\/04\/u-capitular.png\" alt=\"u capitular\" width=\"80\" height=\"80\" srcset=\"https:\/\/contrastes.com.co\/digital\/wp-content\/uploads\/2020\/04\/u-capitular.png 100w, https:\/\/contrastes.com.co\/digital\/wp-content\/uploads\/2020\/04\/u-capitular-60x60.png 60w\" sizes=\"auto, (max-width: 80px) 100vw, 80px\" \/>n trabajo articulado entre el Gobierno Nacional, Departamental y las alcad\u00edas del \u00e1rea metropolitana, en beneficio de los habitantes, es la propuesta de la bancada de congresistas del Atl\u00e1ntico para hacerle frente a la propagaci\u00f3n del Covid-19, explic\u00f3 el senador Eduardo Pulgar Daza, al concluir la primera mesa t\u00e9cnica, realizada en la tarde de hoy en la Gobernaci\u00f3n del Atl\u00e1ntico.<\/p>\n<p>\u201cPronto tendremos un hospital ya organizado y prestando un gran servicio para todos los habitantes del municipio. Seguiremos trabajando de la mano del se\u00f1or alcalde Rodolfo Ucr\u00f3s para sacar proyectos que beneficien a la sociedad solede\u00f1a\u201d, manifest\u00f3 el senador Pulgar Daza.<\/p>\n<p>A su turno, el alcalde de Soledad, Rodolfo Ucr\u00f3s Rosales, expres\u00f3 que \u201cestamos llevando a cabo nuevas iniciativas, creando estrategias y uniendo fuerzas en este nuevo plan de acci\u00f3n, para contrarrestar el \u00edndice de contagios por Covid-19 que se presentan nuestro ente territorial y en todo el Departamento del Atl\u00e1ntico\u201d.<\/p>\n<p>El mandatario de los solede\u00f1os indic\u00f3 que la reuni\u00f3n tuvo conclusiones satisfactorias: \u201cSe habilitar\u00e1 y dotar\u00e1 el hospital del barrio La Central; se incrementar\u00e1 el pie de fuerza de la Polic\u00eda y del Ej\u00e9rcito Nacional para fortalecer la seguridad y las acciones en los distintos cercos que hemos implementado\u201d, agreg\u00f3 el alcalde.<\/p>\n<p>Esta primera mesa t\u00e9cnica tuvo como prop\u00f3sito la creaci\u00f3n de la Comisi\u00f3n Accidental de Seguimiento al Covid-19, iniciativa liderada por los congresistas del Atl\u00e1ntico. En esta oportunidad participaron: los viceministros de Salud, Luis Alexander Moscoso; de Relaciones Pol\u00edticas, Daniel Palacios; de Defensa Jairo Garc\u00eda; la gobernadora del Atl\u00e1ntico, Elsa Noguera; los alcaldes de \u00e1rea metropolitana de Barranquilla, el Comandante de la Polic\u00eda Metropolitana de Barranquilla, Brigadier General Ricardo Alarc\u00f3n; el Comandante de la Segunda Brigada, Brigadier General Juan Carlos Aparicio, entre otros funcionarios del Gobierno Departamental.<\/p>\n<p>Esta convocatoria busca que sus asistentes act\u00faen integralmente mediante un plan de acci\u00f3n regional para el beneficio de todo el Departamento del Atl\u00e1ntico frente a la emergencia sanitaria, producto del Covid-19. La iniciativa, busca tratar temas relacionados al orden p\u00fablico, el crecimiento de contagios y las repercusiones que esto puede presentar en el servicio de salud y en las redes hospitalarias p\u00fablicas y privadas.<\/p>\n","protected":false},"excerpt":{"rendered":"<p>En la primera mesa t\u00e9cnica de trabajo, bancada de congresistas coste\u00f1os propuso trabajo articulado para hacerle frente al Covid-19 n trabajo articulado entre el Gobierno Nacional, Departamental y las alcad\u00edas del \u00e1rea metropolitana, en beneficio de los habitantes, es la propuesta de la bancada de congresistas del Atl\u00e1ntico para hacerle frente a la propagaci\u00f3n del [&hellip;]<\/p>\n","protected":false},"author":1,"featured_media":1457,"comment_status":"open","ping_status":"open","sticky":false,"template":"","format":"standard","meta":{"footnotes":""},"categories":[70,2,5,268],"tags":[42,466,583,38,591],"class_list":["post-1456","post","type-post","status-publish","format-standard","has-post-thumbnail","hentry","category-coronavirus","category-locales","category-politica","category-salud","tag-coronavirus","tag-covid-19","tag-hospital-del-barrio-la-central","tag-municipio-de-soledad","tag-senador-eduardo-pulgar-daza"],"_links":{"self":[{"href":"https:\/\/contrastes.com.co\/digital\/wp-json\/wp\/v2\/posts\/1456","targetHints":{"allow":["GET"]}}],"collection":[{"href":"https:\/\/contrastes.com.co\/digital\/wp-json\/wp\/v2\/posts"}],"about":[{"href":"https:\/\/contrastes.com.co\/digital\/wp-json\/wp\/v2\/types\/post"}],"author":[{"embeddable":true,"href":"https:\/\/contrastes.com.co\/digital\/wp-json\/wp\/v2\/users\/1"}],"replies":[{"embeddable":true,"href":"https:\/\/contrastes.com.co\/digital\/wp-json\/wp\/v2\/comments?post=1456"}],"version-history":[{"count":2,"href":"https:\/\/contrastes.com.co\/digital\/wp-json\/wp\/v2\/posts\/1456\/revisions"}],"predecessor-version":[{"id":1473,"href":"https:\/\/contrastes.com.co\/digital\/wp-json\/wp\/v2\/posts\/1456\/revisions\/1473"}],"wp:featuredmedia":[{"embeddable":true,"href":"https:\/\/contrastes.com.co\/digital\/wp-json\/wp\/v2\/media\/1457"}],"wp:attachment":[{"href":"https:\/\/contrastes.com.co\/digital\/wp-json\/wp\/v2\/media?parent=1456"}],"wp:term":[{"taxonomy":"category","embeddable":true,"href":"https:\/\/contrastes.com.co\/digital\/wp-json\/wp\/v2\/categories?post=1456"},{"taxonomy":"post_tag","embeddable":true,"href":"https:\/\/contrastes.com.co\/digital\/wp-json\/wp\/v2\/tags?post=1456"}],"curies":[{"name":"wp","href":"https:\/\/api.w.org\/{rel}","templated":true}]}}