{"id":1464,"date":"2020-06-18T18:55:07","date_gmt":"2020-06-18T23:55:07","guid":{"rendered":"https:\/\/contrastes.com.co\/digital\/?p=1464"},"modified":"2020-06-18T18:55:07","modified_gmt":"2020-06-18T23:55:07","slug":"este-viernes-19-de-junio-pico-y-genero-en-soledad-por-dia-sin-iva","status":"publish","type":"post","link":"https:\/\/contrastes.com.co\/digital\/este-viernes-19-de-junio-pico-y-genero-en-soledad-por-dia-sin-iva\/","title":{"rendered":"Este viernes 19 de junio, pico y g\u00e9nero en Soledad por d\u00eda sin IVA"},"content":{"rendered":"<blockquote><p><strong>*El viernes 19 de junio rige en Soledad el pico y g\u00e9nero, atendiendo al beneficio del d\u00eda sin IVA, decretado por el Gobierno Nacional.<\/strong><\/p><\/blockquote>\n<p><img loading=\"lazy\" decoding=\"async\" class=\"alignleft  wp-image-584\" src=\"https:\/\/contrastes.com.co\/digital\/wp-content\/uploads\/2020\/04\/l-capitular.png\" alt=\"l capitular\" width=\"71\" height=\"71\" srcset=\"https:\/\/contrastes.com.co\/digital\/wp-content\/uploads\/2020\/04\/l-capitular.png 100w, https:\/\/contrastes.com.co\/digital\/wp-content\/uploads\/2020\/04\/l-capitular-60x60.png 60w\" sizes=\"auto, (max-width: 71px) 100vw, 71px\" \/>a Alcald\u00eda de Soledad implement\u00f3 la medida de pico y g\u00e9nero, mediante el Decreto 190 de 2020, para que los habitantes puedan realizar sus compras, el viernes 19 de junio, y evitar aglomeraciones en los establecimientos comerciales, atendiendo el siguiente horario: mujeres de 8:00 am hasta la 1:00 pm y los hombres, de 2:00 pm hasta las 7:00 pm.<\/p>\n<p>El alcalde, Rodolfo Ucr\u00f3s Rosales, explic\u00f3 que el d\u00eda sin IVA todos los establecimientos comerciales, habilitados por el Gobierno nacional, deben mantener los protocolos de bioseguridad, previamente avalados por la Alcald\u00eda, limitando su atenci\u00f3n presencial a un aforo del 35% de su capacidad con el prop\u00f3sito de prevenir los contagios por Covid-19. \u201cCon esta medida queremos que los habitantes, que decidan hacer compras, se puedan beneficiar de una forme equitativa. Tambi\u00e9n hago un llamado para que quienes lo consideren realicen compras en l\u00ednea y de esta forma podamos evitar las aglomeraciones\u201d, enfatiz\u00f3 el alcalde<\/p>\n<p>El Gobierno Nacional, mediante el Decreto 682 del 21 de mayo, defini\u00f3 los tres d\u00edas sin IVA, aprobados en la reforma tributaria de 2019. Los cuales se realizar\u00e1n, adem\u00e1s de este viernes, el 3 de julio y 19 de julio del a\u00f1o en curso. Durante estas fechas, los consumidores podr\u00e1n adquirir algunos bienes exentos del impuesto sobre la venta.<\/p>\n","protected":false},"excerpt":{"rendered":"<p>*El viernes 19 de junio rige en Soledad el pico y g\u00e9nero, atendiendo al beneficio del d\u00eda sin IVA, decretado por el Gobierno Nacional. a Alcald\u00eda de Soledad implement\u00f3 la medida de pico y g\u00e9nero, mediante el Decreto 190 de 2020, para que los habitantes puedan realizar sus compras, el viernes 19 de junio, y [&hellip;]<\/p>\n","protected":false},"author":1,"featured_media":1465,"comment_status":"open","ping_status":"open","sticky":false,"template":"","format":"standard","meta":{"footnotes":""},"categories":[70,2],"tags":[498,38,592,593],"class_list":["post-1464","post","type-post","status-publish","format-standard","has-post-thumbnail","hentry","category-coronavirus","category-locales","tag-dia-sin-iva","tag-municipio-de-soledad","tag-pico-y-genero","tag-viernes-19-de-junio"],"_links":{"self":[{"href":"https:\/\/contrastes.com.co\/digital\/wp-json\/wp\/v2\/posts\/1464","targetHints":{"allow":["GET"]}}],"collection":[{"href":"https:\/\/contrastes.com.co\/digital\/wp-json\/wp\/v2\/posts"}],"about":[{"href":"https:\/\/contrastes.com.co\/digital\/wp-json\/wp\/v2\/types\/post"}],"author":[{"embeddable":true,"href":"https:\/\/contrastes.com.co\/digital\/wp-json\/wp\/v2\/users\/1"}],"replies":[{"embeddable":true,"href":"https:\/\/contrastes.com.co\/digital\/wp-json\/wp\/v2\/comments?post=1464"}],"version-history":[{"count":1,"href":"https:\/\/contrastes.com.co\/digital\/wp-json\/wp\/v2\/posts\/1464\/revisions"}],"predecessor-version":[{"id":1466,"href":"https:\/\/contrastes.com.co\/digital\/wp-json\/wp\/v2\/posts\/1464\/revisions\/1466"}],"wp:featuredmedia":[{"embeddable":true,"href":"https:\/\/contrastes.com.co\/digital\/wp-json\/wp\/v2\/media\/1465"}],"wp:attachment":[{"href":"https:\/\/contrastes.com.co\/digital\/wp-json\/wp\/v2\/media?parent=1464"}],"wp:term":[{"taxonomy":"category","embeddable":true,"href":"https:\/\/contrastes.com.co\/digital\/wp-json\/wp\/v2\/categories?post=1464"},{"taxonomy":"post_tag","embeddable":true,"href":"https:\/\/contrastes.com.co\/digital\/wp-json\/wp\/v2\/tags?post=1464"}],"curies":[{"name":"wp","href":"https:\/\/api.w.org\/{rel}","templated":true}]}}