{"id":14663,"date":"2023-08-26T05:56:36","date_gmt":"2023-08-26T10:56:36","guid":{"rendered":"https:\/\/contrastes.com.co\/digital\/?p=14663"},"modified":"2023-09-15T18:05:44","modified_gmt":"2023-09-15T23:05:44","slug":"desde-las-8-am-de-hoy-se-realiza-en-soledad-la-jornada-nacional-de-instensificacion-de-vacunacion","status":"publish","type":"post","link":"https:\/\/contrastes.com.co\/digital\/desde-las-8-am-de-hoy-se-realiza-en-soledad-la-jornada-nacional-de-instensificacion-de-vacunacion\/","title":{"rendered":"Desde las 8 AM de hoy se realiza en Soledad la Jornada Nacional de Instensificaci\u00f3n de Vacunaci\u00f3n"},"content":{"rendered":"<p><strong>*Desde las 8 AM de hoy se realiza en Soledad la Jornada Nacional de Instensificaci\u00f3n de Vacunaci\u00f3n<\/strong><\/p>\n<blockquote><p><strong>La jornada que es a nivel nacional, comenzar\u00e1 desde las 8 de la ma\u00f1ana de hoy s\u00e1bado 26 de agosto y se extender\u00e1 hasta las\u00a04\u00a0de\u00a0la\u00a0tarde.<\/strong><\/p><\/blockquote>\n<p><img loading=\"lazy\" decoding=\"async\" class=\"alignleft  wp-image-8518\" src=\"https:\/\/contrastes.com.co\/digital\/wp-content\/uploads\/2022\/03\/c-capitular.png\" alt=\"c capitular\" width=\"82\" height=\"82\" srcset=\"https:\/\/contrastes.com.co\/digital\/wp-content\/uploads\/2022\/03\/c-capitular.png 150w, https:\/\/contrastes.com.co\/digital\/wp-content\/uploads\/2022\/03\/c-capitular-60x60.png 60w\" sizes=\"auto, (max-width: 82px) 100vw, 82px\" \/>on el lema <strong>\u00abLas Vacunas Salvan Vidas\u00bb,<\/strong> la <strong>Alcald\u00eda Municipal de Soledad<\/strong> a trav\u00e9s de la <strong>Secretar\u00eda de Salud, la Oficina de Salud P\u00fablica y el Hospital Materno Infantil,<\/strong> realizar\u00e1n hoy la Jornada Nacional de Intensificaci\u00f3n de Vacunaci\u00f3n, que tendr\u00e1 como sitio de apertura el sector de la carrera 15 A 3 con la calle 53b Villas de Soledad.<\/p>\n<p>Se estar\u00e1 aplicando esquema regular de vacunaci\u00f3n para todos los ni\u00f1os menores de cinco a\u00f1os, vacunaci\u00f3n contra el COVID-19 a la poblaci\u00f3n infantil desde los seis meses de nacidos en adelante, Influenza para mujeres embarazadas despu\u00e9s de los seis meses de gestaci\u00f3n y adultos mayores sin comorbilidad, as\u00ed mismo a las ni\u00f1as que oscilan entre los 9 y 17 a\u00f1os de edad, podr\u00e1n colocarse la vacuna contra el Virus del Papiloma Humano (VPH).<\/p>\n<p>Adem\u00e1s de <em><strong>los Centros de Salud adscritos a la E.S.E. Hospital Materno Infantil de Soledad, tambi\u00e9n estar\u00e1n habilitados como puntos de vacunaci\u00f3n<\/strong><\/em> Salud Total calle 30 y Centro Comercial Carnaval, IPS Sanitas, IPS Sura, Cl\u00ednica de la Polic\u00eda, Viva 1 A Las Moras, Nueva EPS, Cl\u00ednica Adela de Char y P\u00e9rez Radi\u00f3logos.<\/p>\n<p>En lo que hace referencia a la vacunaci\u00f3n barrial, se estar\u00e1 realizando en los sectores del Porvenir, Tibur\u00f3n, Ciudad Para\u00edso, Dos Bosco IV, Costa Hermosa, Villa Soledad y Ferrocarril, entre otros.<\/p>\n<p>La jornada que es a nivel nacional, comenzar\u00e1 desde las 8 de la ma\u00f1ana de hoy s\u00e1bado 26 de agosto y se extender\u00e1 hasta las\u00a04\u00a0de\u00a0la\u00a0tarde.<\/p>\n","protected":false},"excerpt":{"rendered":"<p>Con el lema \u00abLas Vacunas Salvan Vidas\u00bb, la Alcald\u00eda Municipal de Soledad a trav\u00e9s de la Secretar\u00eda de Salud, la Oficina de Salud P\u00fablica y el Hospital Materno Infantil, realizar\u00e1n hoy la Jornada Nacional de Intensificaci\u00f3n de Vacunaci\u00f3n, que tendr\u00e1 como sitio de apertura el sector de la carrera 15 A 3 con la calle 53b Villas de Soledad.<\/p>\n","protected":false},"author":1,"featured_media":14664,"comment_status":"open","ping_status":"open","sticky":false,"template":"","format":"standard","meta":{"footnotes":""},"categories":[268,2861],"tags":[35,1313,9848,9849,9847,1766],"class_list":["post-14663","post","type-post","status-publish","format-standard","has-post-thumbnail","hentry","category-salud","category-vacunacion","tag-alcaldia-de-soledad","tag-ese-hospital-materno-infantil-de-soledad","tag-jornada-nacional-de-instensificacion-de-vacunacion","tag-la-oficina-de-salud-publica-y-el-hospital-materno-infantil","tag-las-vacunas-salvan-vidas","tag-secretaria-de-salud"],"_links":{"self":[{"href":"https:\/\/contrastes.com.co\/digital\/wp-json\/wp\/v2\/posts\/14663","targetHints":{"allow":["GET"]}}],"collection":[{"href":"https:\/\/contrastes.com.co\/digital\/wp-json\/wp\/v2\/posts"}],"about":[{"href":"https:\/\/contrastes.com.co\/digital\/wp-json\/wp\/v2\/types\/post"}],"author":[{"embeddable":true,"href":"https:\/\/contrastes.com.co\/digital\/wp-json\/wp\/v2\/users\/1"}],"replies":[{"embeddable":true,"href":"https:\/\/contrastes.com.co\/digital\/wp-json\/wp\/v2\/comments?post=14663"}],"version-history":[{"count":2,"href":"https:\/\/contrastes.com.co\/digital\/wp-json\/wp\/v2\/posts\/14663\/revisions"}],"predecessor-version":[{"id":14666,"href":"https:\/\/contrastes.com.co\/digital\/wp-json\/wp\/v2\/posts\/14663\/revisions\/14666"}],"wp:featuredmedia":[{"embeddable":true,"href":"https:\/\/contrastes.com.co\/digital\/wp-json\/wp\/v2\/media\/14664"}],"wp:attachment":[{"href":"https:\/\/contrastes.com.co\/digital\/wp-json\/wp\/v2\/media?parent=14663"}],"wp:term":[{"taxonomy":"category","embeddable":true,"href":"https:\/\/contrastes.com.co\/digital\/wp-json\/wp\/v2\/categories?post=14663"},{"taxonomy":"post_tag","embeddable":true,"href":"https:\/\/contrastes.com.co\/digital\/wp-json\/wp\/v2\/tags?post=14663"}],"curies":[{"name":"wp","href":"https:\/\/api.w.org\/{rel}","templated":true}]}}