{"id":14776,"date":"2023-10-22T12:56:57","date_gmt":"2023-10-22T17:56:57","guid":{"rendered":"https:\/\/contrastes.com.co\/digital\/?p=14776"},"modified":"2023-10-23T13:04:47","modified_gmt":"2023-10-23T18:04:47","slug":"la-empresaria-y-lider-social-lidys-moreno-se-adhiere-a-la-coalicion-estamos-con-alcira","status":"publish","type":"post","link":"https:\/\/contrastes.com.co\/digital\/la-empresaria-y-lider-social-lidys-moreno-se-adhiere-a-la-coalicion-estamos-con-alcira\/","title":{"rendered":"La empresaria y l\u00edder social, Lidys Moreno se adhiere a la Coalici\u00f3n \u201cEstamos con Alcira\u201d"},"content":{"rendered":"<p><strong>*La empresaria y l\u00edder social, Lidys Moreno se adhiere a la Coalici\u00f3n \u201cEstamos con Alcira\u201d<\/strong><\/p>\n<blockquote><p><strong>\u00abSomos una campa\u00f1a de puertas abiertas que estamos trabajando para llegar al primer cargo del municipio y la adhesi\u00f3n de la doctora Lidys Moreno es un gran aporte para alcanzar esta meta; es una solede\u00f1a doliente de la precaria situaci\u00f3n social, econ\u00f3mica y de seguridad que vive nuestra tierra; y s\u00e9 que con su capacidad, profesionalismo y experiencia en el sector p\u00fablico y haremos una importante gesti\u00f3n para transformar a Soledad en un territorio autosostenible, competitivo, seguro, educado y socialmente estable\u201d: Alcira Sandoval.<\/strong><\/p><\/blockquote>\n<p><img loading=\"lazy\" decoding=\"async\" class=\"alignleft wp-image-8524\" src=\"https:\/\/contrastes.com.co\/digital\/wp-content\/uploads\/2022\/03\/l-capitular.png\" alt=\"l capitular\" width=\"66\" height=\"66\" srcset=\"https:\/\/contrastes.com.co\/digital\/wp-content\/uploads\/2022\/03\/l-capitular.png 150w, https:\/\/contrastes.com.co\/digital\/wp-content\/uploads\/2022\/03\/l-capitular-60x60.png 60w\" sizes=\"auto, (max-width: 66px) 100vw, 66px\" \/><strong>idys Moreno de la Espriella<\/strong> oficializ\u00f3 hoy ante sus amigos, medios de comunicaci\u00f3n y comunidad en general, su adhesi\u00f3n a la campa\u00f1a de la m\u00e9dico, <strong>Alcira Sandoval Ib\u00e1\u00f1ez<\/strong> de la <strong>Coalici\u00f3n \u201cEstamos con Alcira\u201d<\/strong>; pues est\u00e1 firmemente convencida que es el tiempo de la mujer para Soledad.<\/p>\n<p>La empresaria y l\u00edder social manifest\u00f3 que decidi\u00f3 unirse a la campa\u00f1a de Sandoval Ib\u00e1\u00f1ez porque se identifica con las ideas y propuestas planteadas en su programa de gobierno denominado: <em><strong>\u201cSoledad ciudad de paz y oportunidades\u201d,<\/strong><\/em> donde la prioridad es el bienestar integral de las familias solede\u00f1as a trav\u00e9s de la educaci\u00f3n, mejoramiento en la prestaci\u00f3n de servicio de salud, inversi\u00f3n social, reorganizaci\u00f3n de la movilidad, fortalecimiento de la econom\u00eda por medio de apoyo a los emprendedores, mujeres cabezas de hogar y peque\u00f1as y medianas empresas, como aspectos relevantes de cambio para Soledad.<\/p>\n<p>Entre tanto, la m\u00e9dico Alcira Sandoval expres\u00f3 \u201cSomos una campa\u00f1a de puertas abiertas que estamos trabajando para llegar al primer cargo del municipio y la adhesi\u00f3n de la doctora Lidys Moreno es un gran aporte para alcanzar esta meta; es una solede\u00f1a doliente de la precaria situaci\u00f3n social, econ\u00f3mica y de seguridad que vive nuestra tierra; y s\u00e9 que con su capacidad, profesionalismo y experiencia en el sector p\u00fablico y haremos una importante gesti\u00f3n para transformar a Soledad en un territorio autosostenible, competitivo, seguro, educado y socialmente\u00a0estable\u201d.<\/p>\n","protected":false},"excerpt":{"rendered":"<p>Lidys Moreno de la Espriella oficializ\u00f3 hoy ante sus amigos, medios de comunicaci\u00f3n y comunidad en general, su adhesi\u00f3n a la campa\u00f1a de la m\u00e9dico, Alcira Sandoval Ib\u00e1\u00f1ez de la Coalici\u00f3n \u201cEstamos con Alcira\u201d; pues est\u00e1 firmemente convencida que es el tiempo de la mujer para Soledad.<\/p>\n","protected":false},"author":1,"featured_media":14778,"comment_status":"open","ping_status":"open","sticky":false,"template":"","format":"standard","meta":{"footnotes":""},"categories":[8725,2,973,5],"tags":[35,2017,8581,9167,38],"class_list":["post-14776","post","type-post","status-publish","format-standard","has-post-thumbnail","hentry","category-elecciones-regionales-2023","category-locales","category-mujer","category-politica","tag-alcaldia-de-soledad","tag-alcira-sandoval","tag-elecciones-regionales-2023","tag-lidys-moreno-de-la-espriella","tag-municipio-de-soledad"],"_links":{"self":[{"href":"https:\/\/contrastes.com.co\/digital\/wp-json\/wp\/v2\/posts\/14776","targetHints":{"allow":["GET"]}}],"collection":[{"href":"https:\/\/contrastes.com.co\/digital\/wp-json\/wp\/v2\/posts"}],"about":[{"href":"https:\/\/contrastes.com.co\/digital\/wp-json\/wp\/v2\/types\/post"}],"author":[{"embeddable":true,"href":"https:\/\/contrastes.com.co\/digital\/wp-json\/wp\/v2\/users\/1"}],"replies":[{"embeddable":true,"href":"https:\/\/contrastes.com.co\/digital\/wp-json\/wp\/v2\/comments?post=14776"}],"version-history":[{"count":2,"href":"https:\/\/contrastes.com.co\/digital\/wp-json\/wp\/v2\/posts\/14776\/revisions"}],"predecessor-version":[{"id":14779,"href":"https:\/\/contrastes.com.co\/digital\/wp-json\/wp\/v2\/posts\/14776\/revisions\/14779"}],"wp:featuredmedia":[{"embeddable":true,"href":"https:\/\/contrastes.com.co\/digital\/wp-json\/wp\/v2\/media\/14778"}],"wp:attachment":[{"href":"https:\/\/contrastes.com.co\/digital\/wp-json\/wp\/v2\/media?parent=14776"}],"wp:term":[{"taxonomy":"category","embeddable":true,"href":"https:\/\/contrastes.com.co\/digital\/wp-json\/wp\/v2\/categories?post=14776"},{"taxonomy":"post_tag","embeddable":true,"href":"https:\/\/contrastes.com.co\/digital\/wp-json\/wp\/v2\/tags?post=14776"}],"curies":[{"name":"wp","href":"https:\/\/api.w.org\/{rel}","templated":true}]}}