{"id":14791,"date":"2023-11-10T11:03:22","date_gmt":"2023-11-10T16:03:22","guid":{"rendered":"https:\/\/contrastes.com.co\/digital\/?p=14791"},"modified":"2023-11-14T11:12:41","modified_gmt":"2023-11-14T16:12:41","slug":"soledad-5-estudiantes-debieron-ser-atendidas-de-emergencia-por-golpe-de-calor","status":"publish","type":"post","link":"https:\/\/contrastes.com.co\/digital\/soledad-5-estudiantes-debieron-ser-atendidas-de-emergencia-por-golpe-de-calor\/","title":{"rendered":"Soledad: 5 estudiantes debieron ser atendidas de emergencia por Golpe de Calor"},"content":{"rendered":"<p><strong>*Soledad: Cinco estudiantes debieron ser atendidas de emergencia por Golpe de Calor<\/strong><\/p>\n<blockquote><p><strong>Las cinco adolescentes, cuyas edades oscilan entre los 14 y 16 a\u00f1os, son estudiantes de la Instituci\u00f3n Educativa Las Misericordias y fueron atendidas de emergencia en el Centro de Salud 13 de Junio presentando s\u00edntomas de insolaci\u00f3n o golpe de calor.<\/strong><\/p><\/blockquote>\n<p><img loading=\"lazy\" decoding=\"async\" class=\"alignleft  wp-image-8518\" src=\"https:\/\/contrastes.com.co\/digital\/wp-content\/uploads\/2022\/03\/c-capitular.png\" alt=\"c capitular\" width=\"62\" height=\"62\" srcset=\"https:\/\/contrastes.com.co\/digital\/wp-content\/uploads\/2022\/03\/c-capitular.png 150w, https:\/\/contrastes.com.co\/digital\/wp-content\/uploads\/2022\/03\/c-capitular-60x60.png 60w\" sizes=\"auto, (max-width: 62px) 100vw, 62px\" \/>inco estudiantes de la <strong>Instituci\u00f3n Educativa Las Misericordias,<\/strong> ubicada en el centro de Soledad, fueron recibidas este jueves en el <strong>Centro de Salud 13 de Junio,<\/strong> pr\u00f3ximo al se\u00f1alado plantel educativo, al ingresar con s\u00edntomas correspondientes a un \u201cgolpe de calor\u201d.<\/p>\n<p>Las adolescentes, cuyas edades oscilan entre los 14 y 16 a\u00f1os, fueron tratadas conforme al diagn\u00f3stico rese\u00f1ado por la <strong>Secretar\u00eda de Salud de Soledad,<\/strong> ente que viene realizando recomendaciones a la poblaci\u00f3n relacionadas con la incidencia de las altas temperaturas asociadas al cambio clim\u00e1tico y cuyos efectos se han sentido extraordinariamente en la costa atl\u00e1ntica.<\/p>\n<p>\u201cEstas menores presentaban s\u00edntomas que indicaban deshidrataci\u00f3n y golpe de calor. Se les brind\u00f3 el tratamiento m\u00e9dico necesario de acuerdo con nuestros protocolos institucionales\u201d, precis\u00f3 el <strong>secretario de Salud de la municipalidad, Edinson Barrera Reyes.<\/strong><\/p>\n<p>Cuatro de las pacientes fueron dadas de alta, el mismo d\u00eda de su ingreso, a las 7:30 p.m., mientras que la \u00faltima paciente recibi\u00f3 el alta en la ma\u00f1ana del viernes 10 de noviembre.<\/p>\n<p>Por su parte, el <strong>gerente de la ESE Hospital Materno Infantil de Soledad, Anselmo Hoyos Franco<\/strong>, indic\u00f3 que el ente hospitalario que dirige asume la salud y el bienestar de los pacientes como prioridad. \u201cEstamos comprometidos en brindar una atenci\u00f3n m\u00e9dica de calidad\u201d, subray\u00f3 el gerente de la ESE.<\/p>\n","protected":false},"excerpt":{"rendered":"<p>Cinco estudiantes de la Instituci\u00f3n Educativa Las Misericordias, ubicada en el centro de Soledad, fueron recibidas este jueves en el Centro de Salud 13 de Junio, pr\u00f3ximo al se\u00f1alado plantel educativo, al ingresar con s\u00edntomas correspondientes a un \u201cgolpe de calor\u201d.<\/p>\n","protected":false},"author":1,"featured_media":14792,"comment_status":"open","ping_status":"open","sticky":false,"template":"","format":"standard","meta":{"footnotes":""},"categories":[2,268,1247],"tags":[2849,8308,2785,9688,57,9941,9943,9942,1170],"class_list":["post-14791","post","type-post","status-publish","format-standard","has-post-thumbnail","hentry","category-locales","category-salud","category-sucesos","tag-adolescentes","tag-anselmo-hoyos-franco","tag-centro-de-salud-13-de-junio","tag-edinson-barrera-reyes","tag-estudiantes","tag-gerente-de-la-ese-hospital-materno-infantil-de-soledad","tag-golpe-de-calor","tag-institucion-educativa-las-misericordias","tag-secretario-de-salud-de-soledad"],"_links":{"self":[{"href":"https:\/\/contrastes.com.co\/digital\/wp-json\/wp\/v2\/posts\/14791","targetHints":{"allow":["GET"]}}],"collection":[{"href":"https:\/\/contrastes.com.co\/digital\/wp-json\/wp\/v2\/posts"}],"about":[{"href":"https:\/\/contrastes.com.co\/digital\/wp-json\/wp\/v2\/types\/post"}],"author":[{"embeddable":true,"href":"https:\/\/contrastes.com.co\/digital\/wp-json\/wp\/v2\/users\/1"}],"replies":[{"embeddable":true,"href":"https:\/\/contrastes.com.co\/digital\/wp-json\/wp\/v2\/comments?post=14791"}],"version-history":[{"count":1,"href":"https:\/\/contrastes.com.co\/digital\/wp-json\/wp\/v2\/posts\/14791\/revisions"}],"predecessor-version":[{"id":14793,"href":"https:\/\/contrastes.com.co\/digital\/wp-json\/wp\/v2\/posts\/14791\/revisions\/14793"}],"wp:featuredmedia":[{"embeddable":true,"href":"https:\/\/contrastes.com.co\/digital\/wp-json\/wp\/v2\/media\/14792"}],"wp:attachment":[{"href":"https:\/\/contrastes.com.co\/digital\/wp-json\/wp\/v2\/media?parent=14791"}],"wp:term":[{"taxonomy":"category","embeddable":true,"href":"https:\/\/contrastes.com.co\/digital\/wp-json\/wp\/v2\/categories?post=14791"},{"taxonomy":"post_tag","embeddable":true,"href":"https:\/\/contrastes.com.co\/digital\/wp-json\/wp\/v2\/tags?post=14791"}],"curies":[{"name":"wp","href":"https:\/\/api.w.org\/{rel}","templated":true}]}}