{"id":14861,"date":"2023-12-03T20:00:20","date_gmt":"2023-12-04T01:00:20","guid":{"rendered":"https:\/\/contrastes.com.co\/digital\/?p=14861"},"modified":"2023-12-03T20:02:25","modified_gmt":"2023-12-04T01:02:25","slug":"en-vivo-detras-de-camara-hoy-presentamos-como-va-la-reforma-agraria-en-colombia","status":"publish","type":"post","link":"https:\/\/contrastes.com.co\/digital\/en-vivo-detras-de-camara-hoy-presentamos-como-va-la-reforma-agraria-en-colombia\/","title":{"rendered":"EN VIVO: \u201cDetr\u00e1s De C\u00e1mara\u201d, Hoy Presentamos \u201c\u00bfC\u00f3mo va la Reforma Agraria en Colombia?"},"content":{"rendered":"<p><strong>*EN VIVO: \u201cDetr\u00e1s De C\u00e1mara\u201d, Hoy Presentamos \u201c\u00bfC\u00f3mo va la Reforma Agraria en Colombia?<\/strong><\/p>\n<p><iframe loading=\"lazy\" title=\"EN VIVO: \u201cDetr\u00e1s De C\u00e1mara\u201d, Hoy Presentamos \u201c\u00bfC\u00f3mo va la Reforma Agraria en Colombia?\" width=\"640\" height=\"360\" src=\"https:\/\/www.youtube.com\/embed\/dh0KOPNfw5g?feature=oembed\" frameborder=\"0\" allow=\"accelerometer; autoplay; clipboard-write; encrypted-media; gyroscope; picture-in-picture; web-share\" referrerpolicy=\"strict-origin-when-cross-origin\" allowfullscreen><\/iframe><\/p>\n<p>Contrastes Televisi\u00f3n les trae\u00a0<strong>\u201cDetr\u00e1s de C\u00e1mara\u201d<\/strong>, en su\u00a0<strong>Segunda Temporada, Sexta Emisi\u00f3n<\/strong>. un tema cuya soluci\u00f3n se ha discutido desde hace m\u00e1s de 60 0 70 a\u00f1os en Colombia, la <strong>Reforma Agraria<\/strong>, que busca la adjudicaci\u00f3n de tierras a los productores del campo, al campesinado, al trabajador agr\u00edcola. \u201cDetr\u00e1s de C\u00e1mara\u201d, el programa que se ha convertido en muy poco tiempo en uno de los espacios m\u00e1s interesantes de la nueva televisi\u00f3n colombiana. Te invitamos a dejarnos tus comentarios y a compartir este excelente producto.<\/p>\n","protected":false},"excerpt":{"rendered":"<p>Contrastes Televisi\u00f3n les trae\u00a0\u201cDetr\u00e1s de C\u00e1mara\u201d, en su\u00a0Segunda Temporada, Sexta Emisi\u00f3n. un tema cuya soluci\u00f3n se ha discutido desde hace m\u00e1s de 60 0 70 a\u00f1os en Colombia, la Reforma Agraria, que busca la adjudicaci\u00f3n de tierras a los productores del campo, al campesinado, al trabajador agr\u00edcola. \u201cDetr\u00e1s de C\u00e1mara\u201d, el programa que se ha convertido en muy poco tiempo en uno de los espacios m\u00e1s interesantes de la nueva televisi\u00f3n colombiana. Te invitamos a dejarnos tus comentarios y a compartir este excelente producto.<\/p>\n","protected":false},"author":1,"featured_media":14862,"comment_status":"open","ping_status":"open","sticky":false,"template":"","format":"standard","meta":{"footnotes":""},"categories":[4850,4,5,6,4995],"tags":[9524,8862,9990,9991,9992],"class_list":["post-14861","post","type-post","status-publish","format-standard","has-post-thumbnail","hentry","category-congreso-de-la-republica","category-pais","category-politica","category-region","category-television-web","tag-detras-de-camara","tag-contrastes-television","tag-reforma-agraria","tag-segunda-temporada","tag-sexta-emision"],"_links":{"self":[{"href":"https:\/\/contrastes.com.co\/digital\/wp-json\/wp\/v2\/posts\/14861","targetHints":{"allow":["GET"]}}],"collection":[{"href":"https:\/\/contrastes.com.co\/digital\/wp-json\/wp\/v2\/posts"}],"about":[{"href":"https:\/\/contrastes.com.co\/digital\/wp-json\/wp\/v2\/types\/post"}],"author":[{"embeddable":true,"href":"https:\/\/contrastes.com.co\/digital\/wp-json\/wp\/v2\/users\/1"}],"replies":[{"embeddable":true,"href":"https:\/\/contrastes.com.co\/digital\/wp-json\/wp\/v2\/comments?post=14861"}],"version-history":[{"count":3,"href":"https:\/\/contrastes.com.co\/digital\/wp-json\/wp\/v2\/posts\/14861\/revisions"}],"predecessor-version":[{"id":14866,"href":"https:\/\/contrastes.com.co\/digital\/wp-json\/wp\/v2\/posts\/14861\/revisions\/14866"}],"wp:featuredmedia":[{"embeddable":true,"href":"https:\/\/contrastes.com.co\/digital\/wp-json\/wp\/v2\/media\/14862"}],"wp:attachment":[{"href":"https:\/\/contrastes.com.co\/digital\/wp-json\/wp\/v2\/media?parent=14861"}],"wp:term":[{"taxonomy":"category","embeddable":true,"href":"https:\/\/contrastes.com.co\/digital\/wp-json\/wp\/v2\/categories?post=14861"},{"taxonomy":"post_tag","embeddable":true,"href":"https:\/\/contrastes.com.co\/digital\/wp-json\/wp\/v2\/tags?post=14861"}],"curies":[{"name":"wp","href":"https:\/\/api.w.org\/{rel}","templated":true}]}}