{"id":14964,"date":"2024-01-17T16:31:08","date_gmt":"2024-01-17T21:31:08","guid":{"rendered":"https:\/\/contrastes.com.co\/digital\/?p=14964"},"modified":"2024-01-17T16:33:21","modified_gmt":"2024-01-17T21:33:21","slug":"este-sabado-ceremonial-de-la-muerte-bando-y-coronacion-de-la-reina-del-carnaval-de-soledad","status":"publish","type":"post","link":"https:\/\/contrastes.com.co\/digital\/este-sabado-ceremonial-de-la-muerte-bando-y-coronacion-de-la-reina-del-carnaval-de-soledad\/","title":{"rendered":"Este s\u00e1bado: Ceremonial de la Muerte, Bando y Coronaci\u00f3n de la Reina del Carnaval de Soledad"},"content":{"rendered":"<p><strong>*Por la Tradici\u00f3n y el Goce: Ceremonial de la Muerte, Bando y Coronaci\u00f3n de la Reina del Carnaval de Soledad 2024<\/strong><\/p>\n<blockquote><p><strong>Este 20 de enero Soledad\u00a0inicia la ruta de la tradici\u00f3n del Carnaval, con la versi\u00f3n n\u00famero 26 del gran Ceremonial de la Muerte y la Lectura de Bando y Coronaci\u00f3n de la soberana 2024, Mar\u00eda Victoria Vargas Pacheco, el cual estar\u00e1 animado por las agrupaciones del Vallenato Rafa P\u00e9rez, del Salsero Dany Daniel y del d\u00fao de cantantes de M\u00fasica Urbana Lil Silvio y El Vega<\/strong><\/p><\/blockquote>\n<p><img loading=\"lazy\" decoding=\"async\" class=\" wp-image-14966 alignleft\" src=\"https:\/\/contrastes.com.co\/digital\/wp-content\/uploads\/2024\/01\/carnaval24.gif\" alt=\"carnaval24sol\" width=\"430\" height=\"573\" \/><img loading=\"lazy\" decoding=\"async\" class=\"alignleft wp-image-8524\" src=\"https:\/\/contrastes.com.co\/digital\/wp-content\/uploads\/2022\/03\/l-capitular.png\" alt=\"l capitular\" width=\"57\" height=\"57\" srcset=\"https:\/\/contrastes.com.co\/digital\/wp-content\/uploads\/2022\/03\/l-capitular.png 150w, https:\/\/contrastes.com.co\/digital\/wp-content\/uploads\/2022\/03\/l-capitular-60x60.png 60w\" sizes=\"auto, (max-width: 57px) 100vw, 57px\" \/>a<strong> Alcald\u00eda de Soledad<\/strong>, a trav\u00e9s de la<strong> Secretar\u00eda de Cultura<\/strong>, inicia la ruta de la tradici\u00f3n del Carnaval, con el gran <strong>Ceremonial de la Muerte, <em>en su versi\u00f3n n\u00famero 26<\/em>,<\/strong> el desfile que revive las fiestas culturales de todo el <strong>departamento del Atl\u00e1ntico<\/strong>, y que este a\u00f1o ser\u00e1 el opening cultural de la gran velada de lectura del bando y coronaci\u00f3n de la <strong>Reina del Carnaval, Mar\u00eda Victoria Vargas Pacheco,<\/strong> en homenaje a la vida y a la alegr\u00eda.<\/p>\n<p><strong>La Tradici\u00f3n<\/strong><\/p>\n<p>El <strong>Ceremonial de la Muerte<\/strong> es un evento danc\u00edstico, simb\u00f3lico de la muerte que termina derrotada por la vida; durante su desarrollo surge un enfrentamiento entre la parca y la vida, con escenificaci\u00f3n de ni\u00f1os, j\u00f3venes, adultos quienes asisten disfrazados de calavera con guada\u00f1as, durante el recorrido se lleva a cabo la lucha que s\u00f3lo tendr\u00e1 como ganadora, la esperanza, la vida y el carnaval.<\/p>\n<p>El Ceremonial es una tradici\u00f3n que tiene sus or\u00edgenes desde la \u00e9poca colonial y que cuenta con la participaci\u00f3n de m\u00e1s de 1.000 hacedores culturales del municipio, quienes han dedicado su vida a preservar las expresiones art\u00edsticas.<\/p>\n<h3>La Vida y la Tradici\u00f3n se gozan en Soledad<\/h3>\n<figure id=\"attachment_14967\" aria-describedby=\"caption-attachment-14967\" style=\"width: 1200px\" class=\"wp-caption alignnone\"><img loading=\"lazy\" decoding=\"async\" class=\"wp-image-14967 size-full\" src=\"https:\/\/contrastes.com.co\/digital\/wp-content\/uploads\/2024\/01\/cartelcarnaval24.jpg\" alt=\"cartelbyc24\" width=\"1200\" height=\"1200\" srcset=\"https:\/\/contrastes.com.co\/digital\/wp-content\/uploads\/2024\/01\/cartelcarnaval24.jpg 1200w, https:\/\/contrastes.com.co\/digital\/wp-content\/uploads\/2024\/01\/cartelcarnaval24-300x300.jpg 300w, https:\/\/contrastes.com.co\/digital\/wp-content\/uploads\/2024\/01\/cartelcarnaval24-1024x1024.jpg 1024w, https:\/\/contrastes.com.co\/digital\/wp-content\/uploads\/2024\/01\/cartelcarnaval24-150x150.jpg 150w, https:\/\/contrastes.com.co\/digital\/wp-content\/uploads\/2024\/01\/cartelcarnaval24-768x768.jpg 768w, https:\/\/contrastes.com.co\/digital\/wp-content\/uploads\/2024\/01\/cartelcarnaval24-60x60.jpg 60w, https:\/\/contrastes.com.co\/digital\/wp-content\/uploads\/2024\/01\/cartelcarnaval24-600x600.jpg 600w\" sizes=\"auto, (max-width: 1200px) 100vw, 1200px\" \/><figcaption id=\"caption-attachment-14967\" class=\"wp-caption-text\">El espect\u00e1culo de Bando y Coronaci\u00f3n de la Reina del Carnaval de Soledad 2024, Mar\u00eda Victoria Vargas Pacheco, estar\u00e1 animado por las agrupaciones del Vallenato Rafa P\u00e9rez, del Salsero Dany Daniel y del d\u00fao de cantantes de M\u00fasica Urbana Lil Silvio y El Vega<\/figcaption><\/figure>\n<p>Soledad, el emporio cultural del Caribe colombiano, bajo el liderazgo de la <strong>alcaldesa Alcira Sandoval Ib\u00e1\u00f1ez<\/strong> y de la <strong>Reina del Carnaval, Mar\u00eda Victoria Vargas Pacheco,<\/strong> invitan a la comunidad en general al inicio de esta agenda de tradici\u00f3n y cultura que representa el Carnaval de Soledad raz\u00f3n por la que se defini\u00f3 realizar la <strong>Lectura de Bando y Coronaci\u00f3n de la soberana 2024<\/strong>, utilizando como pre\u00e1mbulo el Ceremonial de la Muerte, como se realizaba en a\u00f1os anteriores, para rescatar y gozar la tradici\u00f3n.<\/p>\n<p>La <strong>secretaria de Cultura, Sandra Cogollo,<\/strong> inform\u00f3 que el espect\u00e1culo de <strong>Bando y Coronaci\u00f3n<\/strong> estar\u00e1 animado por las agrupaciones del Vallenato<strong> Rafa P\u00e9rez<\/strong>, del Salsero <strong>Dany Daniel<\/strong> y del d\u00fao de cantantes de M\u00fasica Urbana <strong>Lil Silvio y El Vega,<\/strong> lo que garantiza un 20 de enero lleno de mucho baile, m\u00fasica, artistas, gestores culturales y sobre todo pasi\u00f3n por la idiosincrasia cultural de Soledad.<\/p>\n<p>Lo que define el d\u00eda 20 de enero, como el principio de las fiestas para todos los solede\u00f1os, es la intenci\u00f3n de la <strong>alcaldesa Alcira Sandoval<\/strong> de fortalecer el acervo cultural del municipio e iniciar la construcci\u00f3n del plan de salvaguarda de las tradiciones y cultura de Soledad en el que el proceso de carnaval tiene un eje\u00a0fundamental.<\/p>\n","protected":false},"excerpt":{"rendered":"<p>La Alcald\u00eda de Soledad, a trav\u00e9s de la Secretar\u00eda de Cultura, inicia la ruta de la tradici\u00f3n del Carnaval, con el gran Ceremonial de la Muerte, en su versi\u00f3n n\u00famero 26, el desfile que revive las fiestas culturales de todo el departamento del Atl\u00e1ntico, y que este a\u00f1o ser\u00e1 el opening cultural de la gran velada de lectura del bando y coronaci\u00f3n de la Reina del Carnaval, Mar\u00eda Victoria Vargas Pacheco, en homenaje a la vida y a la alegr\u00eda.<\/p>\n","protected":false},"author":1,"featured_media":14965,"comment_status":"open","ping_status":"open","sticky":false,"template":"","format":"standard","meta":{"footnotes":""},"categories":[10001,1769,64,2],"tags":[10004,9323,10060,8449,68,10065,10064,10062,10063,10061,10059],"class_list":["post-14964","post","type-post","status-publish","format-standard","has-post-thumbnail","hentry","category-alcaldia-de-soledad","category-carnaval","category-cultura","category-locales","tag-alcaldesa-de-soledad","tag-alcira-sandoval-ibanez","tag-bando-y-coronacion-de-soledad-2024","tag-ceremonial-de-la-muerte","tag-departamento-del-atlantico","tag-lectura-de-bando-y-coronacion-soledad-2024","tag-maria-victoria-vargas-pacheco","tag-musica-urbana-lil-silvio-y-el-vega","tag-reina-del-carnaval-de-soledad-2024","tag-salsero-dany-daniel","tag-vallenato-rafa-perez"],"_links":{"self":[{"href":"https:\/\/contrastes.com.co\/digital\/wp-json\/wp\/v2\/posts\/14964","targetHints":{"allow":["GET"]}}],"collection":[{"href":"https:\/\/contrastes.com.co\/digital\/wp-json\/wp\/v2\/posts"}],"about":[{"href":"https:\/\/contrastes.com.co\/digital\/wp-json\/wp\/v2\/types\/post"}],"author":[{"embeddable":true,"href":"https:\/\/contrastes.com.co\/digital\/wp-json\/wp\/v2\/users\/1"}],"replies":[{"embeddable":true,"href":"https:\/\/contrastes.com.co\/digital\/wp-json\/wp\/v2\/comments?post=14964"}],"version-history":[{"count":5,"href":"https:\/\/contrastes.com.co\/digital\/wp-json\/wp\/v2\/posts\/14964\/revisions"}],"predecessor-version":[{"id":14972,"href":"https:\/\/contrastes.com.co\/digital\/wp-json\/wp\/v2\/posts\/14964\/revisions\/14972"}],"wp:featuredmedia":[{"embeddable":true,"href":"https:\/\/contrastes.com.co\/digital\/wp-json\/wp\/v2\/media\/14965"}],"wp:attachment":[{"href":"https:\/\/contrastes.com.co\/digital\/wp-json\/wp\/v2\/media?parent=14964"}],"wp:term":[{"taxonomy":"category","embeddable":true,"href":"https:\/\/contrastes.com.co\/digital\/wp-json\/wp\/v2\/categories?post=14964"},{"taxonomy":"post_tag","embeddable":true,"href":"https:\/\/contrastes.com.co\/digital\/wp-json\/wp\/v2\/tags?post=14964"}],"curies":[{"name":"wp","href":"https:\/\/api.w.org\/{rel}","templated":true}]}}