{"id":15010,"date":"2024-01-23T20:39:27","date_gmt":"2024-01-24T01:39:27","guid":{"rendered":"https:\/\/contrastes.com.co\/digital\/?p=15010"},"modified":"2024-01-23T20:39:27","modified_gmt":"2024-01-24T01:39:27","slug":"durante-temporada-de-carnaval-la-rumba-en-soledad-llegara-hasta-la-una-de-la-madrugada","status":"publish","type":"post","link":"https:\/\/contrastes.com.co\/digital\/durante-temporada-de-carnaval-la-rumba-en-soledad-llegara-hasta-la-una-de-la-madrugada\/","title":{"rendered":"Durante temporada de Carnaval la rumba en Soledad llegar\u00e1 hasta la una de la madrugada"},"content":{"rendered":"<p><strong>*Durante temporada de Carnaval la rumba en Soledad llegar\u00e1 hasta la una de la madrugada<\/strong><\/p>\n<blockquote><p><strong>Sin permisos oficiales \u00abno\u00bb habr\u00e1 eventos ni espect\u00e1culos<\/strong><\/p><\/blockquote>\n<p><img loading=\"lazy\" decoding=\"async\" class=\"alignleft  wp-image-8524\" src=\"https:\/\/contrastes.com.co\/digital\/wp-content\/uploads\/2022\/03\/l-capitular.png\" alt=\"l capitular\" width=\"72\" height=\"72\" srcset=\"https:\/\/contrastes.com.co\/digital\/wp-content\/uploads\/2022\/03\/l-capitular.png 150w, https:\/\/contrastes.com.co\/digital\/wp-content\/uploads\/2022\/03\/l-capitular-60x60.png 60w\" sizes=\"auto, (max-width: 72px) 100vw, 72px\" \/><strong>a Alcald\u00eda de Soledad,<\/strong> a trav\u00e9s de la <strong>Secretar\u00eda de Gobierno<\/strong>, inform\u00f3 a la ciudadan\u00eda, que<em> a partir del pr\u00f3ximo lunes 29 de enero y durante la temporada de carnavales, los establecimientos, actividades, eventos y espect\u00e1culos p\u00fablicos tendr\u00e1n actividad permitida, previos permisos reglamentarios hasta la una de la ma\u00f1ana. <\/em>As\u00ed lo dio a conocer la administraci\u00f3n municipal mediante un comunicado de prensa emitido por esa entidad la ma\u00f1ana de este martes.<\/p>\n<figure id=\"attachment_15013\" aria-describedby=\"caption-attachment-15013\" style=\"width: 1200px\" class=\"wp-caption aligncenter\"><img loading=\"lazy\" decoding=\"async\" class=\"wp-image-15013 size-full\" src=\"https:\/\/contrastes.com.co\/digital\/wp-content\/uploads\/2024\/01\/consesegu24.jpg\" alt=\"consegu24ene\" width=\"1200\" height=\"609\" srcset=\"https:\/\/contrastes.com.co\/digital\/wp-content\/uploads\/2024\/01\/consesegu24.jpg 1200w, https:\/\/contrastes.com.co\/digital\/wp-content\/uploads\/2024\/01\/consesegu24-300x152.jpg 300w, https:\/\/contrastes.com.co\/digital\/wp-content\/uploads\/2024\/01\/consesegu24-1024x520.jpg 1024w, https:\/\/contrastes.com.co\/digital\/wp-content\/uploads\/2024\/01\/consesegu24-768x390.jpg 768w\" sizes=\"auto, (max-width: 1200px) 100vw, 1200px\" \/><figcaption id=\"caption-attachment-15013\" class=\"wp-caption-text\">La Alcaldesa Alcira Sandoval Ib\u00e1\u00f1ez, y los diferentes integrantes del consejo de seguridad.<\/figcaption><\/figure>\n<p>La <strong>Alcaldesa Alcira Sandoval Ib\u00e1\u00f1ez,<\/strong> en com\u00fan acuerdo con los integrantes del consejo de seguridad, determinaron establecer medidas preventivas y de control para garantizar el disfrute de la temporada de carnavales, con la m\u00e1xima reducci\u00f3n de los riesgos posibles para la sana convivencia y seguridad ciudadana.<\/p>\n<p><strong>El secretario de gobierno, coronel ( r) Carlos Valencia Mu\u00f1oz,<\/strong> se\u00f1al\u00f3 que <em>su oficina estableci\u00f3 la habilitaci\u00f3n de autorizaci\u00f3n de permisos hasta el pr\u00f3ximo viernes 26 de enero<\/em>, con el fin de implementar un sistema de gesti\u00f3n de seguridad y control oportuno para toda la comunidad, con ocasi\u00f3n de las tradicionales fiestas de carnaval. Dicha habilitaci\u00f3n comprende el lleno de los requisitos establecidos, sin los que, bajo ning\u00fan criterio, se permitir\u00e1 por parte de las autoridades policivas la realizaci\u00f3n de eventos en el territorio solede\u00f1o.<\/p>\n<figure id=\"attachment_15012\" aria-describedby=\"caption-attachment-15012\" style=\"width: 1200px\" class=\"wp-caption aligncenter\"><img loading=\"lazy\" decoding=\"async\" class=\"wp-image-15012 size-full\" src=\"https:\/\/contrastes.com.co\/digital\/wp-content\/uploads\/2024\/01\/gobiernosecre.jpg\" alt=\"gobiersec24\" width=\"1200\" height=\"647\" srcset=\"https:\/\/contrastes.com.co\/digital\/wp-content\/uploads\/2024\/01\/gobiernosecre.jpg 1200w, https:\/\/contrastes.com.co\/digital\/wp-content\/uploads\/2024\/01\/gobiernosecre-300x162.jpg 300w, https:\/\/contrastes.com.co\/digital\/wp-content\/uploads\/2024\/01\/gobiernosecre-1024x552.jpg 1024w, https:\/\/contrastes.com.co\/digital\/wp-content\/uploads\/2024\/01\/gobiernosecre-768x414.jpg 768w\" sizes=\"auto, (max-width: 1200px) 100vw, 1200px\" \/><figcaption id=\"caption-attachment-15012\" class=\"wp-caption-text\">El coronel ( r) Carlos Valencia Mu\u00f1oz, secretario de gobierno del municipio de Soledad durante el consejo de gobierno realizado para establecer las medidas de seguridad que regir\u00e1n durante la temporada carnavalera en la localidad<\/figcaption><\/figure>\n<p>La Alcald\u00eda enfatiza en que los permisos para la realizaci\u00f3n de actividades del carnaval tendr\u00e1n como cl\u00e1usula obligatoria que su culminaci\u00f3n ser\u00e1 a la 1 de la ma\u00f1ana y que estos son los requisitos que deber\u00e1n cumplir quienes deseen organizar actividades durante la temporada de carnestolendas, medidas contempladas en el Decreto 342 del 31 de agosto de 2017 \u201cPor medio del cual se crea el Comit\u00e9 de Prevenci\u00f3n, vigilancia, seguridad y control del municipio de Soledad, se establece el procedimiento de otorgamiento de permisos de actividades que involucren aglomeraciones de p\u00fablico y se dictan otras disposiciones\u201d:<\/p>\n<h3>1. Requisitos para radicar la solicitud<\/h3>\n<p>\u27a2 Radicaci\u00f3n de la solicitud con 15 d\u00edas de antelaci\u00f3n al evento \u2013 Formato de Solicitud establecido por la Secretar\u00eda de Gobierno.<\/p>\n<p>\u27a2 Documento de identificaci\u00f3n del responsable del evento.<\/p>\n<p>\u27a2 Firmas de vecinos del lugar donde se desarrollar\u00e1 el evento, que manifiesten estar de acuerdo con la actividad \u2013M\u00ednimo 50 firmas en original-<\/p>\n<p>\u27a2 Autorizaci\u00f3n de Junta de Acci\u00f3n Comunal -Firma y sello original-<\/p>\n<p>\u27a2 Plan de emergencia y contingencia.<\/p>\n<p>\u27a2 Rut.<\/p>\n<h3>2. Requisitos para la realizaci\u00f3n del evento<\/h3>\n<p>Deber\u00e1n cumplirse una vez se aprob\u00e9 la solicitud de permiso. De acuerdo a las caracter\u00edsticas espec\u00edficas de cada evento (eventos complejos y no complejos), se le indicar\u00e1 al interesado cu\u00e1les de los requisitos que se se\u00f1alan a continuaci\u00f3n, son obligatorios para llevar a cabo el mismo, dichos requisitos se deben cumplir m\u00ednimo con 5 d\u00edas de anticipaci\u00f3n a la fecha en que se llevar\u00e1 a cabo.<\/p>\n<p>\u27a2 Disponibilidad del servicio de la Polic\u00eda Nacional<\/p>\n<p>\u27a2 Autorizaci\u00f3n de Sayco y Acinpro<\/p>\n<p>\u27a2 P\u00f3liza de seguro de responsabilidad civil extracontractual del evento y del pick up<\/p>\n<p>\u27a2 Pagos de impuestos municipales<\/p>\n<p>\u27a2 Certificaci\u00f3n contraincendios y seguridad humana (bomberos)<\/p>\n<p>\u27a2 Brigadista y servicio de ambulancia<\/p>\n<p>\u27a2 Autorizaci\u00f3n de emisi\u00f3n de ruidos fuertes y sonoras EDUMAS y manejo ambiental<\/p>\n<p>\u27a2 Certificaci\u00f3n cierre vial \u2013 Tr\u00e1nsito<\/p>\n<p>\u27a2 Certificaci\u00f3n de seguridad privada,<br \/>\nanexar:<\/p>\n<ul>\n<li>-Rut de la empresa<\/li>\n<li>-C\u00e1mara de comercio<\/li>\n<li>-Hoja de vida de personal de seguridad<\/li>\n<\/ul>\n<p>\u27a2 En caso de juegos pirot\u00e9cnicos, anexar:<\/p>\n<ul>\n<li>-Resoluci\u00f3n de la empresa donde se compran los juegos pirot\u00e9cnicos.<\/li>\n<li>-Ficha t\u00e9cnica<\/li>\n<li>-Hoja de vida de los manipuladores con certificaci\u00f3n del Sena<\/li>\n<\/ul>\n<p>\u27a2 Identificar en la solicitud Nombre del pick up que amenizar\u00e1 el evento<\/p>\n<p>De no cumplir con los requisitos que se le requieran dentro del plazo establecido, el permiso ser\u00e1 revocado.<\/p>\n<p>&nbsp;<\/p>\n","protected":false},"excerpt":{"rendered":"<p>La Alcald\u00eda de Soledad, a trav\u00e9s de la Secretar\u00eda de Gobierno, informa a la ciudadan\u00eda, que a partir del pr\u00f3ximo lunes 29 de enero y durante la temporada de carnavales, los establecimientos, actividades, eventos y espect\u00e1culos p\u00fablicos tendr\u00e1n actividad permitida, previos permisos reglamentarios hasta la una de la ma\u00f1ana.<\/p>\n","protected":false},"author":1,"featured_media":15011,"comment_status":"open","ping_status":"open","sticky":false,"template":"","format":"standard","meta":{"footnotes":""},"categories":[10001,1769,2,998],"tags":[10004,35,9323,10076,10085,38,10083,129,989,10084],"class_list":["post-15010","post","type-post","status-publish","format-standard","has-post-thumbnail","hentry","category-alcaldia-de-soledad","category-carnaval","category-locales","category-seguridad-ciudadana","tag-alcaldesa-de-soledad","tag-alcaldia-de-soledad","tag-alcira-sandoval-ibanez","tag-carnaval-de-soledad-2024","tag-coronel-r-carlos-valencia-munoz","tag-municipio-de-soledad","tag-permisos-de-baile-en-soledad","tag-policia-nacional","tag-secretario-de-gobierno-de-soledad","tag-temporada-carnavalera"],"_links":{"self":[{"href":"https:\/\/contrastes.com.co\/digital\/wp-json\/wp\/v2\/posts\/15010","targetHints":{"allow":["GET"]}}],"collection":[{"href":"https:\/\/contrastes.com.co\/digital\/wp-json\/wp\/v2\/posts"}],"about":[{"href":"https:\/\/contrastes.com.co\/digital\/wp-json\/wp\/v2\/types\/post"}],"author":[{"embeddable":true,"href":"https:\/\/contrastes.com.co\/digital\/wp-json\/wp\/v2\/users\/1"}],"replies":[{"embeddable":true,"href":"https:\/\/contrastes.com.co\/digital\/wp-json\/wp\/v2\/comments?post=15010"}],"version-history":[{"count":1,"href":"https:\/\/contrastes.com.co\/digital\/wp-json\/wp\/v2\/posts\/15010\/revisions"}],"predecessor-version":[{"id":15014,"href":"https:\/\/contrastes.com.co\/digital\/wp-json\/wp\/v2\/posts\/15010\/revisions\/15014"}],"wp:featuredmedia":[{"embeddable":true,"href":"https:\/\/contrastes.com.co\/digital\/wp-json\/wp\/v2\/media\/15011"}],"wp:attachment":[{"href":"https:\/\/contrastes.com.co\/digital\/wp-json\/wp\/v2\/media?parent=15010"}],"wp:term":[{"taxonomy":"category","embeddable":true,"href":"https:\/\/contrastes.com.co\/digital\/wp-json\/wp\/v2\/categories?post=15010"},{"taxonomy":"post_tag","embeddable":true,"href":"https:\/\/contrastes.com.co\/digital\/wp-json\/wp\/v2\/tags?post=15010"}],"curies":[{"name":"wp","href":"https:\/\/api.w.org\/{rel}","templated":true}]}}