{"id":15015,"date":"2024-01-23T21:07:04","date_gmt":"2024-01-24T02:07:04","guid":{"rendered":"https:\/\/contrastes.com.co\/digital\/?p=15015"},"modified":"2024-01-23T21:09:55","modified_gmt":"2024-01-24T02:09:55","slug":"isabella-pulgar-mota-lidera-iniciativas-por-las-mujeres-y-familias-del-atlantico","status":"publish","type":"post","link":"https:\/\/contrastes.com.co\/digital\/isabella-pulgar-mota-lidera-iniciativas-por-las-mujeres-y-familias-del-atlantico\/","title":{"rendered":"Isabella Pulgar Mota lidera iniciativas por las mujeres y familias del Atl\u00e1ntico"},"content":{"rendered":"<p><strong>*Isabella Pulgar Mota lidera iniciativas por las mujeres y familias del Atl\u00e1ntico<\/strong><\/p>\n<blockquote><p><strong>La diputada solicit\u00f3 la conformaci\u00f3n de la Comisi\u00f3n Permanente para la Equidad de la Mujer, en la Asamblea Departamental. Y radic\u00f3 propuesta para fortalecer la Red de Comisar\u00edas del Atl\u00e1ntico.<\/strong><\/p><\/blockquote>\n<p><strong><img loading=\"lazy\" decoding=\"async\" class=\"alignleft wp-image-8918\" src=\"https:\/\/contrastes.com.co\/digital\/wp-content\/uploads\/2022\/04\/p-capitular.png\" alt=\"p\" width=\"59\" height=\"59\" srcset=\"https:\/\/contrastes.com.co\/digital\/wp-content\/uploads\/2022\/04\/p-capitular.png 100w, https:\/\/contrastes.com.co\/digital\/wp-content\/uploads\/2022\/04\/p-capitular-60x60.png 60w\" sizes=\"auto, (max-width: 59px) 100vw, 59px\" \/>ensando en el bienestar y el progreso de las mujeres del Atl\u00e1ntico<\/strong>, la <strong>diputada Isabella Pulgar Mota<\/strong> radic\u00f3 hoy, ante la Asamblea, una solicitud para que sea conformada la <strong>Comisi\u00f3n Permanente para la Equidad de la Mujer<\/strong>, en cumplimiento al Art. 42 del Reglamento de esta Corporaci\u00f3n.<\/p>\n<p>La propuesta surge ante la creciente violencia contra la mujer y el aumento de feminicidios en el Departamento y la ciudad de Barranquilla. Destaca la necesidad de optimizar la Ruta de Atenci\u00f3n para estos casos, as\u00ed como generar procesos de formaci\u00f3n y capacitaci\u00f3n para el fortalecimiento de habilidades y destrezas que permitan a la mujer atlanticense una mayor inclusi\u00f3n en el mercado laboral.<\/p>\n<p><img loading=\"lazy\" decoding=\"async\" class=\"alignleft wp-image-15017\" src=\"https:\/\/contrastes.com.co\/digital\/wp-content\/uploads\/2024\/01\/latisa24.jpg\" alt=\"laterisa24\" width=\"214\" height=\"321\" srcset=\"https:\/\/contrastes.com.co\/digital\/wp-content\/uploads\/2024\/01\/latisa24.jpg 700w, https:\/\/contrastes.com.co\/digital\/wp-content\/uploads\/2024\/01\/latisa24-200x300.jpg 200w, https:\/\/contrastes.com.co\/digital\/wp-content\/uploads\/2024\/01\/latisa24-683x1024.jpg 683w, https:\/\/contrastes.com.co\/digital\/wp-content\/uploads\/2024\/01\/latisa24-400x600.jpg 400w\" sizes=\"auto, (max-width: 214px) 100vw, 214px\" \/>\u201cEs nuestro compromiso trabajar por las mujeres emprendedoras del Atl\u00e1ntico, esas madres cabezas de hogar, mujeres que se han atrevido a salir adelante y luchan por igualdad de oportunidades laborales. Son mujeres que queremos apoyar y velar por que se cumpla una ruta de atenci\u00f3n eficaz ante situaciones como la violencia de g\u00e9nero. Queremos empoderarlas y que el d\u00eda de ma\u00f1ana se sientan seguras de que en nosotros encuentran apoyo\u201d, indic\u00f3 Pulgar Mota.<\/p>\n<p>La diputada record\u00f3 que el a\u00f1o pasado, de acuerdo a un estudio de la <strong>Procuradur\u00eda General de la Naci\u00f3n<\/strong>, <strong>aumentaron en un 12% los homicidios contra mujeres en el departamento,<\/strong> por lo que ve imperativo proteger y empoderar a nuestras mujeres, haciendo lo necesario desde la Asamblea para frenar los feminicidios y garantizar el bienestar de las damas.<\/p>\n<p>\u201cLa semana pasada presentamos proposici\u00f3n para citar a varias secretar\u00edas de la Gobernaci\u00f3n y saber qu\u00e9 tanto se ha avanzado en el tema de las <strong>Comisar\u00edas de Familia<\/strong>. Hoy radicamos un proyecto para impulsar una estampilla cuyos recursos ser\u00edan destinados a fortalecer la Red de comisar\u00edas del departamento, muchas de las cuales no cuentan con infraestructura, dotaci\u00f3n y equipos interdiciplinarios adecuados para una atenci\u00f3n efectiva y garante de los derechos de los ciudadanos\u201d, sostuvo la diputada.<\/p>\n<h3>Informe Polic\u00eda Departamental<\/h3>\n<p>Este martes, los diputados del Atl\u00e1ntico escucharon tambi\u00e9n al<strong> coronel Jhon Jairo Urrea, comandante de la Polic\u00eda Departamental<\/strong>, quien ofreci\u00f3 informe sobre la realidad, avances y retos de la seguridad en el territorio y solicit\u00f3 a la Asamblea su respaldo para incrementar las herramientas que permitan el fortalecimiento de la misma.<\/p>\n<p><strong>Isabella Pulgar Mota<\/strong> indic\u00f3 que la Polic\u00eda necesita m\u00e1s recursos para movilizarse, a fin de cubrir todas las zonas del departamento y tener una mayor efectividad. \u201cLe solicitamos al coronel Urrea fortalecer la l\u00ednea de atenci\u00f3n a los atlanticenses, que la comunidad reciba respuesta inmediata y no pasadas 2 horas de ocurridos los hechos\u201d, respaldando la importancia de que se cuente con los fondos de seguridad territorial, en este caso el generado por la Tasa de seguridad y convivencia ciudadana gestionada por un ente independiente, tal como lo ha propuesto la diputada desde la semana pasada.<\/p>\n<figure id=\"attachment_15018\" aria-describedby=\"caption-attachment-15018\" style=\"width: 1200px\" class=\"wp-caption aligncenter\"><img loading=\"lazy\" decoding=\"async\" class=\"wp-image-15018 size-full\" src=\"https:\/\/contrastes.com.co\/digital\/wp-content\/uploads\/2024\/01\/asdep24.jpg\" alt=\"asdep241\" width=\"1200\" height=\"900\" srcset=\"https:\/\/contrastes.com.co\/digital\/wp-content\/uploads\/2024\/01\/asdep24.jpg 1200w, https:\/\/contrastes.com.co\/digital\/wp-content\/uploads\/2024\/01\/asdep24-300x225.jpg 300w, https:\/\/contrastes.com.co\/digital\/wp-content\/uploads\/2024\/01\/asdep24-1024x768.jpg 1024w, https:\/\/contrastes.com.co\/digital\/wp-content\/uploads\/2024\/01\/asdep24-768x576.jpg 768w, https:\/\/contrastes.com.co\/digital\/wp-content\/uploads\/2024\/01\/asdep24-136x102.jpg 136w\" sizes=\"auto, (max-width: 1200px) 100vw, 1200px\" \/><figcaption id=\"caption-attachment-15018\" class=\"wp-caption-text\">Este martes, los diputados del Atl\u00e1ntico escucharon tambi\u00e9n al coronel Jhon Jairo Urrea, comandante de la Polic\u00eda Departamental<\/figcaption><\/figure>\n","protected":false},"excerpt":{"rendered":"<p>Pensando en el bienestar y el progreso de las mujeres del Atl\u00e1ntico, la diputada Isabella Pulgar Mota radic\u00f3 hoy, ante la Asamblea, una solicitud para que sea conformada la Comisi\u00f3n Permanente para la Equidad de la Mujer, en cumplimiento al Art. 42 del Reglamento de esta Corporaci\u00f3n.<\/p>\n","protected":false},"author":1,"featured_media":15016,"comment_status":"open","ping_status":"open","sticky":false,"template":"","format":"standard","meta":{"footnotes":""},"categories":[3537,973,4,5,3955,6],"tags":[10087,10090,10091,10086,10089,68,10088,10092,10045,2623,10093],"class_list":["post-15015","post","type-post","status-publish","format-standard","has-post-thumbnail","hentry","category-asamblea-departamental","category-mujer","category-pais","category-politica","category-politicas-publicas","category-region","tag-asamblea-departamental","tag-comandante-de-la-policia-departamental","tag-comisarias-de-familia","tag-comision-permanente-para-la-equidad-de-la-mujer","tag-coronel-jhon-jairo-urrea","tag-departamento-del-atlantico","tag-diputada-del-atlantico","tag-faminicidios","tag-isabella-pulgar-mota","tag-procuraduria-general-de-la-nacion","tag-red-de-comisarias-del-atlantico"],"_links":{"self":[{"href":"https:\/\/contrastes.com.co\/digital\/wp-json\/wp\/v2\/posts\/15015","targetHints":{"allow":["GET"]}}],"collection":[{"href":"https:\/\/contrastes.com.co\/digital\/wp-json\/wp\/v2\/posts"}],"about":[{"href":"https:\/\/contrastes.com.co\/digital\/wp-json\/wp\/v2\/types\/post"}],"author":[{"embeddable":true,"href":"https:\/\/contrastes.com.co\/digital\/wp-json\/wp\/v2\/users\/1"}],"replies":[{"embeddable":true,"href":"https:\/\/contrastes.com.co\/digital\/wp-json\/wp\/v2\/comments?post=15015"}],"version-history":[{"count":2,"href":"https:\/\/contrastes.com.co\/digital\/wp-json\/wp\/v2\/posts\/15015\/revisions"}],"predecessor-version":[{"id":15020,"href":"https:\/\/contrastes.com.co\/digital\/wp-json\/wp\/v2\/posts\/15015\/revisions\/15020"}],"wp:featuredmedia":[{"embeddable":true,"href":"https:\/\/contrastes.com.co\/digital\/wp-json\/wp\/v2\/media\/15016"}],"wp:attachment":[{"href":"https:\/\/contrastes.com.co\/digital\/wp-json\/wp\/v2\/media?parent=15015"}],"wp:term":[{"taxonomy":"category","embeddable":true,"href":"https:\/\/contrastes.com.co\/digital\/wp-json\/wp\/v2\/categories?post=15015"},{"taxonomy":"post_tag","embeddable":true,"href":"https:\/\/contrastes.com.co\/digital\/wp-json\/wp\/v2\/tags?post=15015"}],"curies":[{"name":"wp","href":"https:\/\/api.w.org\/{rel}","templated":true}]}}