{"id":15022,"date":"2024-01-25T14:17:43","date_gmt":"2024-01-25T19:17:43","guid":{"rendered":"https:\/\/contrastes.com.co\/digital\/?p=15022"},"modified":"2024-01-28T15:46:09","modified_gmt":"2024-01-28T20:46:09","slug":"15022-2","status":"publish","type":"post","link":"https:\/\/contrastes.com.co\/digital\/15022-2\/","title":{"rendered":"\u00a1En Soledad, s\u00ed hay empleo!"},"content":{"rendered":"<p><strong>\u00a1En Soledad, s\u00ed hay empleo! <\/strong><strong>Se necesitan conductores, ejecutivos de venta, el\u00e9ctricos y t\u00e9cnico de mantenimiento. <\/strong><\/p>\n<blockquote><p><strong>*Registra tu hoja de vida en el Centro de Empleo en la Alcald\u00eda de Soledad.<\/strong><\/p><\/blockquote>\n<p><img loading=\"lazy\" decoding=\"async\" class=\"alignleft wp-image-8524\" src=\"https:\/\/contrastes.com.co\/digital\/wp-content\/uploads\/2022\/03\/l-capitular.png\" alt=\"l capitular\" width=\"89\" height=\"89\" srcset=\"https:\/\/contrastes.com.co\/digital\/wp-content\/uploads\/2022\/03\/l-capitular.png 150w, https:\/\/contrastes.com.co\/digital\/wp-content\/uploads\/2022\/03\/l-capitular-60x60.png 60w\" sizes=\"auto, (max-width: 89px) 100vw, 89px\" \/>a <strong>alcaldesa de Soledad, Alcira Sandoval Ib\u00e1\u00f1ez<\/strong>, a trav\u00e9s de la <strong>Oficina de Competitividad<\/strong> del municipio, da a conocer a la poblaci\u00f3n solede\u00f1a, que hay vacantes para trabajar, por tal motivo invita a los ciudadanos a participar de esta importante convocatoria. \u201cEl <strong>Centro de Empleo de Soledad<\/strong>, como prestador del Servicio P\u00fablico de Empleo, solicita personal para laborar con diferentes empresas que han registrado sus vacantes con la Alcald\u00eda, para desde la institucionalidad, adelantar los procesos de registro y recepci\u00f3n de hojas de vida de los interesados postulantes\u201d expres\u00f3 la primera autoridad del municipio de Soledad.<\/p>\n<div style=\"width: 406px;\" class=\"wp-video\"><!--[if lt IE 9]><script>document.createElement('video');<\/script><![endif]-->\n<video class=\"wp-video-shortcode\" id=\"video-15022-1\" width=\"406\" height=\"720\" preload=\"metadata\" controls=\"controls\"><source type=\"video\/mp4\" src=\"https:\/\/contrastes.com.co\/digital\/wp-content\/uploads\/2024\/01\/EMPLEO.mp4?_=1\" \/><a href=\"https:\/\/contrastes.com.co\/digital\/wp-content\/uploads\/2024\/01\/EMPLEO.mp4\">https:\/\/contrastes.com.co\/digital\/wp-content\/uploads\/2024\/01\/EMPLEO.mp4<\/a><\/video><\/div>\n<p>De igual forma la doctora, <strong>Brency Pe\u00f1a, directora de la Oficina de Competitividad de Soledad<\/strong>, asever\u00f3 que, estar\u00e1n recibiendo las hojas de vida en el Centro de Empleo, ubicado en el segundo piso de la Alcald\u00eda, en el horario de 8 de la ma\u00f1ana a 4 de la tarde, jornada continua; adem\u00e1s dijo que recibir\u00e1n asesor\u00eda y acompa\u00f1amiento durante el proceso de registro, que puede adelantar cualquier persona, aunque no cumpla con el perfil solicitado, ya que las convocatorias son de flexible contrataci\u00f3n y a la vez, \u00a0quedan inscritos para las pr\u00f3ximas solicitudes de empleo.<\/p>\n<p><img loading=\"lazy\" decoding=\"async\" class=\"size-full wp-image-15024 aligncenter\" src=\"https:\/\/contrastes.com.co\/digital\/wp-content\/uploads\/2024\/01\/empleosol2.jpg\" alt=\"empleosol242\" width=\"1200\" height=\"789\" srcset=\"https:\/\/contrastes.com.co\/digital\/wp-content\/uploads\/2024\/01\/empleosol2.jpg 1200w, https:\/\/contrastes.com.co\/digital\/wp-content\/uploads\/2024\/01\/empleosol2-300x197.jpg 300w, https:\/\/contrastes.com.co\/digital\/wp-content\/uploads\/2024\/01\/empleosol2-1024x673.jpg 1024w, https:\/\/contrastes.com.co\/digital\/wp-content\/uploads\/2024\/01\/empleosol2-768x505.jpg 768w\" sizes=\"auto, (max-width: 1200px) 100vw, 1200px\" \/><\/p>\n<h3>Vacantes disponibles:<\/h3>\n<ul>\n<li><strong>10- Conductores cobradores<\/strong><\/li>\n<li><strong>Ejecutivos de ventas<\/strong><\/li>\n<li><strong>Auxiliar punto de atenci\u00f3n al usuario<\/strong><\/li>\n<li><strong>El\u00e9ctrico con certificaci\u00f3n CONTE<\/strong><\/li>\n<li><strong>T\u00e9cnico de mantenimiento- Obra civil<\/strong><\/li>\n<\/ul>\n<p>&nbsp;<\/p>\n<p>&nbsp;<\/p>\n","protected":false},"excerpt":{"rendered":"<p>\u00a1En Soledad, s\u00ed hay empleo! Se necesitan conductores, ejecutivos de venta, el\u00e9ctricos y t\u00e9cnico de mantenimiento. *Registra tu hoja de vida en el Centro de Empleo en la Alcald\u00eda de Soledad. a alcaldesa de Soledad, Alcira Sandoval Ib\u00e1\u00f1ez, a trav\u00e9s de la Oficina de Competitividad del municipio, da a conocer a la poblaci\u00f3n solede\u00f1a, que [&hellip;]<\/p>\n","protected":false},"author":1,"featured_media":15023,"comment_status":"open","ping_status":"open","sticky":false,"template":"","format":"standard","meta":{"footnotes":""},"categories":[10001,2974,2],"tags":[10004,9323,10098,10100,10099,38,10101],"class_list":["post-15022","post","type-post","status-publish","format-standard","has-post-thumbnail","hentry","category-alcaldia-de-soledad","category-empleos","category-locales","tag-alcaldesa-de-soledad","tag-alcira-sandoval-ibanez","tag-brency-pena","tag-centro-de-empleo-de-soledad","tag-directora-de-la-oficina-de-competitividad-de-soledad","tag-municipio-de-soledad","tag-oferta-de-empleo"],"_links":{"self":[{"href":"https:\/\/contrastes.com.co\/digital\/wp-json\/wp\/v2\/posts\/15022","targetHints":{"allow":["GET"]}}],"collection":[{"href":"https:\/\/contrastes.com.co\/digital\/wp-json\/wp\/v2\/posts"}],"about":[{"href":"https:\/\/contrastes.com.co\/digital\/wp-json\/wp\/v2\/types\/post"}],"author":[{"embeddable":true,"href":"https:\/\/contrastes.com.co\/digital\/wp-json\/wp\/v2\/users\/1"}],"replies":[{"embeddable":true,"href":"https:\/\/contrastes.com.co\/digital\/wp-json\/wp\/v2\/comments?post=15022"}],"version-history":[{"count":3,"href":"https:\/\/contrastes.com.co\/digital\/wp-json\/wp\/v2\/posts\/15022\/revisions"}],"predecessor-version":[{"id":15036,"href":"https:\/\/contrastes.com.co\/digital\/wp-json\/wp\/v2\/posts\/15022\/revisions\/15036"}],"wp:featuredmedia":[{"embeddable":true,"href":"https:\/\/contrastes.com.co\/digital\/wp-json\/wp\/v2\/media\/15023"}],"wp:attachment":[{"href":"https:\/\/contrastes.com.co\/digital\/wp-json\/wp\/v2\/media?parent=15022"}],"wp:term":[{"taxonomy":"category","embeddable":true,"href":"https:\/\/contrastes.com.co\/digital\/wp-json\/wp\/v2\/categories?post=15022"},{"taxonomy":"post_tag","embeddable":true,"href":"https:\/\/contrastes.com.co\/digital\/wp-json\/wp\/v2\/tags?post=15022"}],"curies":[{"name":"wp","href":"https:\/\/api.w.org\/{rel}","templated":true}]}}