{"id":15038,"date":"2024-01-24T13:32:14","date_gmt":"2024-01-24T18:32:14","guid":{"rendered":"https:\/\/contrastes.com.co\/digital\/?p=15038"},"modified":"2024-01-29T13:44:28","modified_gmt":"2024-01-29T18:44:28","slug":"asi-fue-la-mesa-de-trabajo-entre-empresarios-y-la-alcaldia-de-soledad","status":"publish","type":"post","link":"https:\/\/contrastes.com.co\/digital\/asi-fue-la-mesa-de-trabajo-entre-empresarios-y-la-alcaldia-de-soledad\/","title":{"rendered":"As\u00ed fue la Mesa de Trabajo entre empresarios y la Alcald\u00eda de Soledad"},"content":{"rendered":"<p><strong>*As\u00ed fue la Mesa de Trabajo entre empresarios y la Alcald\u00eda de Soledad<\/strong><\/p>\n<blockquote><p><strong>Alcald\u00eda de Soledad y empresarios establecen alianza en busca de una ciudad de paz y oportunidad<\/strong><\/p><\/blockquote>\n<p><img loading=\"lazy\" decoding=\"async\" class=\"alignleft  wp-image-8524\" src=\"https:\/\/contrastes.com.co\/digital\/wp-content\/uploads\/2022\/03\/l-capitular.png\" alt=\"l capitular\" width=\"53\" height=\"53\" srcset=\"https:\/\/contrastes.com.co\/digital\/wp-content\/uploads\/2022\/03\/l-capitular.png 150w, https:\/\/contrastes.com.co\/digital\/wp-content\/uploads\/2022\/03\/l-capitular-60x60.png 60w\" sizes=\"auto, (max-width: 53px) 100vw, 53px\" \/>a <strong>Alcald\u00eda de Soledad<\/strong>, el <strong>Comit\u00e9 Intergremial del Atl\u00e1ntico<\/strong> y la<strong> Corporaci\u00f3n de Empresarios del Oriente<\/strong>, en un esfuerzo por impulsar el desarrollo econ\u00f3mico y el progreso social en Soledad, sostuvieron una mesa de trabajo presidida por la <strong>alcaldesa Alcira Sandoval Ib\u00e1\u00f1ez<\/strong>, durante la que establecieron una alianza de an\u00e1lisis y cooperaci\u00f3n para temas de vital importancia para el territorio.<\/p>\n<p>El encuentro, hist\u00f3rico para la entidad territorial, termin\u00f3 en el establecimiento de un acuerdo intersectorial que permita el desarrollo de iniciativas conjuntas para dinamizar la econom\u00eda local, con enfoque especial en la educaci\u00f3n de los j\u00f3venes, la creaci\u00f3n de oportunidades laborales, la vocaci\u00f3n de mirar hacia el r\u00edo, la ejecuci\u00f3n de proyectos para ecoturismo y parque industrial, as\u00ed como el compromiso por rescatar predios fiscales para recuperar la institucionalidad\u00a0 y ampliar la infraestructura\u00a0 vial, entre otras l\u00edneas de acci\u00f3n que se concretar\u00e1n en el proceso de <strong>construcci\u00f3n del Plan de Desarrollo<\/strong> en el que los empresarios se comprometieron a participar.<\/p>\n<p>Sandoval Ib\u00e1\u00f1ez destac\u00f3 ante los representantes del sector productivo y empresarial\u00a0 el compromiso de su gobierno por fortalecer la institucionalidad y garantizar el uso adecuado de los recursos p\u00fablicos para la ejecuci\u00f3n de su programa de gobierno, lo que permitir\u00e1 el establecimiento de unas bases s\u00f3lidas para un desarrollo ordenado y sostenible,\u00a0 asegurando que cada acci\u00f3n contribuir\u00e1 al bienestar general de la comunidad, frente a lo que recibi\u00f3 el total respaldo de los empresarios independientes y de los asociados al <strong>Centro Empresarial de Oriente y del Comit\u00e9 Intergremial del Atl\u00e1ntico.<\/strong><\/p>\n<p>El encuentro fue un espacio de di\u00e1logo integral, abordando no s\u00f3lo aspectos econ\u00f3micos y medioambientales, sino tambi\u00e9n destacando la importancia del respaldo manifestado por los empresarios para unificar acciones, establecer una alianza estrat\u00e9gica intersectorial que conlleve a construir una Soledad fuerte, transparente y comprometida con el desarrollo sostenible con la participaci\u00f3n de la comunidad.<\/p>\n","protected":false},"excerpt":{"rendered":"<p>La Alcald\u00eda de Soledad, el Comit\u00e9 Intergremial del Atl\u00e1ntico y la Corporaci\u00f3n de Empresarios del Oriente, en un esfuerzo por impulsar el desarrollo econ\u00f3mico y el progreso social en Soledad, sostuvieron una mesa de trabajo presidida por la alcaldesa Alcira Sandoval Ib\u00e1\u00f1ez, durante la que establecieron una alianza de an\u00e1lisis y cooperaci\u00f3n para temas de vital importancia para el territorio.<\/p>\n","protected":false},"author":1,"featured_media":15039,"comment_status":"open","ping_status":"open","sticky":false,"template":"","format":"standard","meta":{"footnotes":""},"categories":[10001,2974,4173,680,2,3955,6,4995],"tags":[10004,35,9323,10122,10124,10123,10125,38],"class_list":["post-15038","post","type-post","status-publish","format-standard","has-post-thumbnail","hentry","category-alcaldia-de-soledad","category-empleos","category-emprendimiento-y-desarrollo-economico","category-empresas","category-locales","category-politicas-publicas","category-region","category-television-web","tag-alcaldesa-de-soledad","tag-alcaldia-de-soledad","tag-alcira-sandoval-ibanez","tag-comite-intergremial-del-atlantico","tag-construccion-del-plan-de-desarrollo","tag-corporacion-de-empresarios-del-oriente","tag-emresarios-soledenos","tag-municipio-de-soledad"],"_links":{"self":[{"href":"https:\/\/contrastes.com.co\/digital\/wp-json\/wp\/v2\/posts\/15038","targetHints":{"allow":["GET"]}}],"collection":[{"href":"https:\/\/contrastes.com.co\/digital\/wp-json\/wp\/v2\/posts"}],"about":[{"href":"https:\/\/contrastes.com.co\/digital\/wp-json\/wp\/v2\/types\/post"}],"author":[{"embeddable":true,"href":"https:\/\/contrastes.com.co\/digital\/wp-json\/wp\/v2\/users\/1"}],"replies":[{"embeddable":true,"href":"https:\/\/contrastes.com.co\/digital\/wp-json\/wp\/v2\/comments?post=15038"}],"version-history":[{"count":1,"href":"https:\/\/contrastes.com.co\/digital\/wp-json\/wp\/v2\/posts\/15038\/revisions"}],"predecessor-version":[{"id":15040,"href":"https:\/\/contrastes.com.co\/digital\/wp-json\/wp\/v2\/posts\/15038\/revisions\/15040"}],"wp:featuredmedia":[{"embeddable":true,"href":"https:\/\/contrastes.com.co\/digital\/wp-json\/wp\/v2\/media\/15039"}],"wp:attachment":[{"href":"https:\/\/contrastes.com.co\/digital\/wp-json\/wp\/v2\/media?parent=15038"}],"wp:term":[{"taxonomy":"category","embeddable":true,"href":"https:\/\/contrastes.com.co\/digital\/wp-json\/wp\/v2\/categories?post=15038"},{"taxonomy":"post_tag","embeddable":true,"href":"https:\/\/contrastes.com.co\/digital\/wp-json\/wp\/v2\/tags?post=15038"}],"curies":[{"name":"wp","href":"https:\/\/api.w.org\/{rel}","templated":true}]}}