{"id":15068,"date":"2024-01-28T14:09:24","date_gmt":"2024-01-28T19:09:24","guid":{"rendered":"https:\/\/contrastes.com.co\/digital\/?p=15068"},"modified":"2024-01-29T16:31:32","modified_gmt":"2024-01-29T21:31:32","slug":"en-soledad-se-aplicaron-un-total-de-1-498-dosis-durante-la-jornada-nacional-de-vacunacion","status":"publish","type":"post","link":"https:\/\/contrastes.com.co\/digital\/en-soledad-se-aplicaron-un-total-de-1-498-dosis-durante-la-jornada-nacional-de-vacunacion\/","title":{"rendered":"En Soledad se aplicaron un total de 1.498 dosis durante la jornada Nacional de Vacunaci\u00f3n"},"content":{"rendered":"<p><strong>*En Soledad se aplicaron un total de 1.498 dosis durante la jornada Nacional de Vacunaci\u00f3n<\/strong><\/p>\n<blockquote><p><strong>\u201cNos sentimos complacidos por la respuesta de la familia solede\u00f1a a esta cita por la vida y pudimos observar la receptividad que tuvo en la ciudadan\u00eda, que acudi\u00f3 a todos los puntos de vacunaci\u00f3n, mostrando as\u00ed, el compromiso por la salud de todos\u201d, expres\u00f3 la mandataria de los solede\u00f1os.<\/strong><\/p><\/blockquote>\n<p><img loading=\"lazy\" decoding=\"async\" class=\"alignleft  wp-image-8518\" src=\"https:\/\/contrastes.com.co\/digital\/wp-content\/uploads\/2022\/03\/c-capitular.png\" alt=\"c capitular\" width=\"80\" height=\"80\" srcset=\"https:\/\/contrastes.com.co\/digital\/wp-content\/uploads\/2022\/03\/c-capitular.png 150w, https:\/\/contrastes.com.co\/digital\/wp-content\/uploads\/2022\/03\/c-capitular-60x60.png 60w\" sizes=\"auto, (max-width: 80px) 100vw, 80px\" \/>omo satisfactorio fue considerado el balance por parte de las autoridades municipales y departamentales, la <strong>Jornada Nacional de Vacunaci\u00f3n<\/strong> realizada el reciente fin de semana, con un total de 1.498 dosis aplicadas en todos los esquemas. El evento fue presidido por la <strong>alcaldesa de Soledad, la m\u00e9dico Alcira Sandoval,<\/strong> quien mostr\u00f3 su enorme satisfacci\u00f3n por la manera entusiasta en que los moradores del sector de Villa Sol, lugar de apertura de la actividad, asistieron en gran n\u00famero.<\/p>\n<p>\u201cNos sentimos complacidos por la respuesta de la familia solede\u00f1a a esta cita por la vida y pudimos observar la receptividad que tuvo en la ciudadan\u00eda, que acudi\u00f3 a todos los puntos de vacunaci\u00f3n, mostrando as\u00ed, el compromiso por la salud de todos\u201d, expres\u00f3 la mandataria de los solede\u00f1os.<\/p>\n<p>La jornada de apertura cont\u00f3 de la misma manera con la presencia del <strong>Secretario de Salud Departamental, Luis Carlos Fajardo<\/strong>, el <strong>secretario de Salud de Soledad, Edinson Barrera Reyes<\/strong>, el <strong>gerente del Hospital Materno Infantil, Anselmo Hoyos Franco<\/strong> y la<strong> jefe de Salud P\u00fablica del municipio, Sindy Mej\u00eda D\u00edaz<\/strong>.<\/p>\n<figure id=\"attachment_15070\" aria-describedby=\"caption-attachment-15070\" style=\"width: 1200px\" class=\"wp-caption aligncenter\"><img loading=\"lazy\" decoding=\"async\" class=\"wp-image-15070 size-full\" src=\"https:\/\/contrastes.com.co\/digital\/wp-content\/uploads\/2024\/01\/gabinete2024.jpg\" alt=\"gabmun2024jnv\" width=\"1200\" height=\"529\" srcset=\"https:\/\/contrastes.com.co\/digital\/wp-content\/uploads\/2024\/01\/gabinete2024.jpg 1200w, https:\/\/contrastes.com.co\/digital\/wp-content\/uploads\/2024\/01\/gabinete2024-300x132.jpg 300w, https:\/\/contrastes.com.co\/digital\/wp-content\/uploads\/2024\/01\/gabinete2024-1024x451.jpg 1024w, https:\/\/contrastes.com.co\/digital\/wp-content\/uploads\/2024\/01\/gabinete2024-768x339.jpg 768w\" sizes=\"auto, (max-width: 1200px) 100vw, 1200px\" \/><figcaption id=\"caption-attachment-15070\" class=\"wp-caption-text\">Vale la pena anotar que la alcaldesa fue acompa\u00f1ada por todo su gabinete municipal, quienes brindaron tambi\u00e9n, las herramientas institucionales a la ciudadan\u00eda.<\/figcaption><\/figure>\n<p>Vale la pena anotar que<strong> la alcaldesa fue acompa\u00f1ada por todo su gabinete municipal<\/strong>, quienes brindaron tambi\u00e9n, las herramientas institucionales a la ciudadan\u00eda.<\/p>\n<p>Durante la jornada se lograron aplicar los biol\u00f3gicos correspondientes al esquema regular para ni\u00f1os menores de seis a\u00f1os, <strong>vacunaci\u00f3n contra el Covid-19<\/strong> <strong>despu\u00e9s de los seis meses de nacidos<\/strong>, <strong>influenza para mujeres embarazadas despu\u00e9s de las 14 semanas de gestaci\u00f3n<\/strong>, adultos desde los 18 a\u00f1os y ni\u00f1os desde los seis meses de nacimiento.<\/p>\n<p>El <strong>Secretario de Salud de Soledad, Edinson Barrera Reyes<\/strong>, invit\u00f3 a la ciudadan\u00eda a seguir vacun\u00e1ndose, haciendo importante \u00e9nfasis que la vacunaci\u00f3n se hace todos los d\u00edas y para tal efecto, el <strong>gerente del<\/strong> <strong>Hospital Materno infantil de Soledad, Anselmo Hoyos Franco<\/strong>, indic\u00f3 que los centros de Salud adscritos a la E.S.E., se encuentran disponibles para acceder diariamente a la aplicaci\u00f3n de todos los biol\u00f3gicos.<\/p>\n","protected":false},"excerpt":{"rendered":"<p>Como satisfactorio fue considerado el balance por parte de las autoridades municipales y departamentales, la Jornada Nacional de Vacunaci\u00f3n realizada el reciente fin de semana, con un total de 1.498 dosis aplicadas en todos los esquemas. El evento fue presidido por la alcaldesa de Soledad, la m\u00e9dico Alcira Sandoval, quien mostr\u00f3 su enorme satisfacci\u00f3n por la manera entusiasta en que los moradores del sector de Villa Sol, lugar de apertura de la actividad, asistieron en gran n\u00famero.<\/p>\n","protected":false},"author":1,"featured_media":15069,"comment_status":"open","ping_status":"open","sticky":false,"template":"","format":"standard","meta":{"footnotes":""},"categories":[10001,2,6,268,2861],"tags":[10004,2017,8308,9688,3194,10152,1168,10151,38,1170,10150,9055],"class_list":["post-15068","post","type-post","status-publish","format-standard","has-post-thumbnail","hentry","category-alcaldia-de-soledad","category-locales","category-region","category-salud","category-vacunacion","tag-alcaldesa-de-soledad","tag-alcira-sandoval","tag-anselmo-hoyos-franco","tag-edinson-barrera-reyes","tag-gerente-del-hospital-materno-infantil-de-soledad","tag-jefe-de-salud-publica-de-soledad","tag-jornada-nacional-de-vacunacion","tag-luis-carlos-fajardo","tag-municipio-de-soledad","tag-secretario-de-salud-de-soledad","tag-secretario-de-salud-departamental","tag-sindy-mejia-diaz"],"_links":{"self":[{"href":"https:\/\/contrastes.com.co\/digital\/wp-json\/wp\/v2\/posts\/15068","targetHints":{"allow":["GET"]}}],"collection":[{"href":"https:\/\/contrastes.com.co\/digital\/wp-json\/wp\/v2\/posts"}],"about":[{"href":"https:\/\/contrastes.com.co\/digital\/wp-json\/wp\/v2\/types\/post"}],"author":[{"embeddable":true,"href":"https:\/\/contrastes.com.co\/digital\/wp-json\/wp\/v2\/users\/1"}],"replies":[{"embeddable":true,"href":"https:\/\/contrastes.com.co\/digital\/wp-json\/wp\/v2\/comments?post=15068"}],"version-history":[{"count":1,"href":"https:\/\/contrastes.com.co\/digital\/wp-json\/wp\/v2\/posts\/15068\/revisions"}],"predecessor-version":[{"id":15071,"href":"https:\/\/contrastes.com.co\/digital\/wp-json\/wp\/v2\/posts\/15068\/revisions\/15071"}],"wp:featuredmedia":[{"embeddable":true,"href":"https:\/\/contrastes.com.co\/digital\/wp-json\/wp\/v2\/media\/15069"}],"wp:attachment":[{"href":"https:\/\/contrastes.com.co\/digital\/wp-json\/wp\/v2\/media?parent=15068"}],"wp:term":[{"taxonomy":"category","embeddable":true,"href":"https:\/\/contrastes.com.co\/digital\/wp-json\/wp\/v2\/categories?post=15068"},{"taxonomy":"post_tag","embeddable":true,"href":"https:\/\/contrastes.com.co\/digital\/wp-json\/wp\/v2\/tags?post=15068"}],"curies":[{"name":"wp","href":"https:\/\/api.w.org\/{rel}","templated":true}]}}