{"id":15119,"date":"2024-02-20T16:56:22","date_gmt":"2024-02-20T21:56:22","guid":{"rendered":"https:\/\/contrastes.com.co\/digital\/?p=15119"},"modified":"2024-02-20T16:56:22","modified_gmt":"2024-02-20T21:56:22","slug":"soledad-en-mesas-de-construccion-del-plan-de-desarrollo-departamental-2024-2027","status":"publish","type":"post","link":"https:\/\/contrastes.com.co\/digital\/soledad-en-mesas-de-construccion-del-plan-de-desarrollo-departamental-2024-2027\/","title":{"rendered":"Soledad en mesas de construcci\u00f3n del Plan de Desarrollo Departamental 2024-2027"},"content":{"rendered":"<p><strong>Soledad hizo presencia en las mesas subregionales de construcci\u00f3n del Plan de Desarrollo 2024- 2027, Atl\u00e1ntico para el mundo<\/strong><\/p>\n<blockquote><p><strong>La administraci\u00f3n municipal busca una convergencia y resalta los aspectos relevantes y de mayor atenci\u00f3n en las tem\u00e1ticas relacionadas, como lo son tambi\u00e9n las pol\u00edticas p\u00fablicas de juventudes, gesti\u00f3n social, la oficina de la mujer, mejoramiento de las infraestructura de servicios p\u00fablicos, malla vial y robustecer la educaci\u00f3n, entre otros aspectos.<\/strong><\/p><\/blockquote>\n<p><img loading=\"lazy\" decoding=\"async\" class=\"alignleft  wp-image-8524\" src=\"https:\/\/contrastes.com.co\/digital\/wp-content\/uploads\/2022\/03\/l-capitular.png\" alt=\"l capitular\" width=\"70\" height=\"70\" srcset=\"https:\/\/contrastes.com.co\/digital\/wp-content\/uploads\/2022\/03\/l-capitular.png 150w, https:\/\/contrastes.com.co\/digital\/wp-content\/uploads\/2022\/03\/l-capitular-60x60.png 60w\" sizes=\"auto, (max-width: 70px) 100vw, 70px\" \/>os municipios de la subregi\u00f3n del \u00e1rea metropolitana, se dieron cita para contribuir por medio de propuestas y solicitudes, a la definici\u00f3n de estrategias y programas, para llevar a cabo un <strong>Plan de Desarrollo Departamental<\/strong> \u00edntegro y que se ajuste a las necesidades de los atlanticenses, entre ellas, se presentaron las iniciativas que benefician al municipio de Soledad.<\/p>\n<p>Mediante una planeaci\u00f3n participativa y de escucha activa, los voceros se\u00f1alaron al municipio de Soledad, como una potencial ciudad en crecimiento, lo que radica en la construcci\u00f3n diaria de un trabajo sistem\u00e1tico y organizado enfocado en la obtenci\u00f3n de los recursos necesarios para llevarlo a cabo. En temas de seguridad, el <strong>Secretario de Gobierno, Carlos Valencia<\/strong>, afirm\u00f3 que el municipio de soledad, re\u00fane las condiciones necesarias para convertir el distrito de polic\u00eda, en uno especial, por eso, solicit\u00f3 el aumento de la fuerza policial y una mayor inversi\u00f3n por parte de las autoridades correspondientes.<\/p>\n<p>Entre tanto, el <strong>gobernador del departamento del Atl\u00e1ntico, Eduardo Verano<\/strong>, expres\u00f3 que Soledad tendr\u00e1 una sede de polic\u00eda \u00fanicamente para atender casos del municipio, con ubicaci\u00f3n en el barrio Los Almendros, esto con el fin de ejecutar un plan de acci\u00f3n que brinde la seguridad y tranquilidad que todos los solede\u00f1os necesitan.<\/p>\n<p>La <strong>secretaria de planeaci\u00f3n de Soledad, Lourdes Gonz\u00e1lez,<\/strong> explic\u00f3 el enfoque de su plan de desarrollo basado en la culminaci\u00f3n de la inequidad y disminuci\u00f3n de la desigualdad, complementando la solicitud para que Soledad se convierta en un municipio donde se implementen las energ\u00edas renovables y priorice la salud, el bienestar y la seguridad alimentaria. Se sum\u00f3 a la intervenci\u00f3n, la <strong>directora de la oficina de competitividad, Brency Pe\u00f1a,<\/strong> en su labor de promover el desarrollo econ\u00f3mico, habl\u00f3 de destinar los recursos de manera eficiente y controlada para que estos sean un capital semilla para quienes lo requieran, adicionalmente resalt\u00f3 la importancia de los programas de formaci\u00f3n dirigidos a toda la comunidad, adem\u00e1s de financiaci\u00f3n para emprendedores, productores y empresarios que dar\u00e1 mejores resultados en pro del fortalecimiento econ\u00f3mico del municipio.<\/p>\n<p>La actividad dio lugar a la creaci\u00f3n de diferentes espacios de comunicaci\u00f3n bidireccional, los cuales ten\u00edan como \u00fanico objetivo la definici\u00f3n de una ruta que garantice un desarrollo sostenible y un enfoque responsable de las inversiones para el departamento; el Gobierno de Soledad, encabezado por la <strong>Alcaldesa Alcira Sandova<\/strong>l, ha reiterado el compromiso por entablar relaciones con la Gobernaci\u00f3n Departamental e incluso el Gobierno Nacional, de ser necesario, para asegurar el bienestar de la comunidad solede\u00f1a, en sus 4 a\u00f1os de administraci\u00f3n.<\/p>\n<p>De acuerdo a lo expresado en las mesas de di\u00e1logo, la administraci\u00f3n municipal busca una convergencia y resalta los aspectos relevantes y de mayor atenci\u00f3n en las tem\u00e1ticas relacionadas, como lo son tambi\u00e9n las pol\u00edticas p\u00fablicas de juventudes, gesti\u00f3n social, la oficina de la mujer, mejoramiento de las infraestructura de servicios p\u00fablicos, malla vial y robustecer la educaci\u00f3n, entre otros aspectos. Se espera que la Gobernaci\u00f3n del Atl\u00e1ntico tenga en cuenta estas propuestas y haga una inclusi\u00f3n progresiva y eficaz en el Plan de Desarrollo Departamental, que coadyuve la visi\u00f3n pr\u00f3spera del municipio de Soledad.<\/p>\n","protected":false},"excerpt":{"rendered":"<p>Los municipios de la subregi\u00f3n del \u00e1rea metropolitana, se dieron cita para contribuir por medio de propuestas y solicitudes, a la definici\u00f3n de estrategias y programas, para llevar a cabo un Plan de Desarrollo Departamental \u00edntegro y que se ajuste a las necesidades de los atlanticenses, entre ellas, se presentaron las iniciativas que benefician al municipio de Soledad.<\/p>\n","protected":false},"author":1,"featured_media":15120,"comment_status":"open","ping_status":"open","sticky":false,"template":"","format":"standard","meta":{"footnotes":""},"categories":[10001,10194,2,3955,6],"tags":[10004,10201,10098,10197,10196,10200,10199,10198,10171,555,38,10195,2873,3717],"class_list":["post-15119","post","type-post","status-publish","format-standard","has-post-thumbnail","hentry","category-alcaldia-de-soledad","category-gobernacion-del-atlantico","category-locales","category-politicas-publicas","category-region","tag-alcaldesa-de-soledad","tag-alcira-sandova","tag-brency-pena","tag-carlos-valencia","tag-construccion-del-plan-de-desarrollo-departamental","tag-directora-de-la-oficina-de-competitividad","tag-eduardo-verano","tag-gobernador-del-departamento-del-atlantico","tag-lourdes-gonzalez","tag-municipio-de-puerto-colombia","tag-municipio-de-soledad","tag-plan-de-desarrollo-departamental-2024-2027","tag-secretaria-de-planeacion-de-soledad","tag-secretario-de-gobierno"],"_links":{"self":[{"href":"https:\/\/contrastes.com.co\/digital\/wp-json\/wp\/v2\/posts\/15119","targetHints":{"allow":["GET"]}}],"collection":[{"href":"https:\/\/contrastes.com.co\/digital\/wp-json\/wp\/v2\/posts"}],"about":[{"href":"https:\/\/contrastes.com.co\/digital\/wp-json\/wp\/v2\/types\/post"}],"author":[{"embeddable":true,"href":"https:\/\/contrastes.com.co\/digital\/wp-json\/wp\/v2\/users\/1"}],"replies":[{"embeddable":true,"href":"https:\/\/contrastes.com.co\/digital\/wp-json\/wp\/v2\/comments?post=15119"}],"version-history":[{"count":1,"href":"https:\/\/contrastes.com.co\/digital\/wp-json\/wp\/v2\/posts\/15119\/revisions"}],"predecessor-version":[{"id":15121,"href":"https:\/\/contrastes.com.co\/digital\/wp-json\/wp\/v2\/posts\/15119\/revisions\/15121"}],"wp:featuredmedia":[{"embeddable":true,"href":"https:\/\/contrastes.com.co\/digital\/wp-json\/wp\/v2\/media\/15120"}],"wp:attachment":[{"href":"https:\/\/contrastes.com.co\/digital\/wp-json\/wp\/v2\/media?parent=15119"}],"wp:term":[{"taxonomy":"category","embeddable":true,"href":"https:\/\/contrastes.com.co\/digital\/wp-json\/wp\/v2\/categories?post=15119"},{"taxonomy":"post_tag","embeddable":true,"href":"https:\/\/contrastes.com.co\/digital\/wp-json\/wp\/v2\/tags?post=15119"}],"curies":[{"name":"wp","href":"https:\/\/api.w.org\/{rel}","templated":true}]}}