{"id":15122,"date":"2024-02-19T16:56:56","date_gmt":"2024-02-19T21:56:56","guid":{"rendered":"https:\/\/contrastes.com.co\/digital\/?p=15122"},"modified":"2024-02-20T17:13:24","modified_gmt":"2024-02-20T22:13:24","slug":"dora-zarache-84-anos-de-folclor-y-tradicion-cultural","status":"publish","type":"post","link":"https:\/\/contrastes.com.co\/digital\/dora-zarache-84-anos-de-folclor-y-tradicion-cultural\/","title":{"rendered":"Dora Zarache, 84 a\u00f1os de folclor y tradici\u00f3n cultural"},"content":{"rendered":"<p><strong>*Dora Zarache, 84 a\u00f1os de folclor y tradici\u00f3n cultural<\/strong><\/p>\n<blockquote><p><strong>A sus 84 a\u00f1os falleci\u00f3 Dora Zarache de Vengoechea, pilar de la cultura solede\u00f1a.<\/strong><\/p><\/blockquote>\n<p><img loading=\"lazy\" decoding=\"async\" class=\"alignleft  wp-image-8518\" src=\"https:\/\/contrastes.com.co\/digital\/wp-content\/uploads\/2022\/03\/c-capitular.png\" alt=\"c capitular\" width=\"63\" height=\"63\" srcset=\"https:\/\/contrastes.com.co\/digital\/wp-content\/uploads\/2022\/03\/c-capitular.png 150w, https:\/\/contrastes.com.co\/digital\/wp-content\/uploads\/2022\/03\/c-capitular-60x60.png 60w\" sizes=\"auto, (max-width: 63px) 100vw, 63px\" \/>uando hablamos de personajes que impulsaron iniciativas culturales a nivel danc\u00edstico en la ciudad, debemos detenernos y hacer menci\u00f3n aparte de <strong>Dora Raquel Zarache de Vengoechea, m\u00e1s conocida como Dora Zarache<\/strong>; una de las \u00faltimas \u00abmatronas\u00bb de Soledad, cuya memoria, poblada de recuerdos que fue atesorando desde temprana edad, contribuy\u00f3 a la reconstrucci\u00f3n de buena parte de nuestro folclor y por supuesto: de nuestra historia.<\/p>\n<h3>La Danza de La Cereta<\/h3>\n<p>La <strong>\u00abDanza de la Cereta\u00bb<\/strong> y los <strong>\u00abNegros Macheteros\u00bb<\/strong>, son dos de esos aportes que do\u00f1a Dora hizo a la expresi\u00f3n folcl\u00f3rica de su municipio natal. La Cereta, por ejemplo, era una suerte de tejido de paja utilizada por la empresa de cervezas de Barranquilla para proteger el vidrio de las botellas y evitar que se partieran; la elaboraci\u00f3n de la Cereta se convirti\u00f3 en un ingreso econ\u00f3mico para muchas familias, entre ellas algunas de Soledad, en la d\u00e9cada de los cuarenta del siglo pasado, de esa labor surgi\u00f3, a modo de inventiva popular, la \u201cDanza de la Cereta\u201d, soportada en la Tesis de grado de su hija e inseparable compa\u00f1era art\u00edstica, Lucy Vengoechea.<\/p>\n<p>Due\u00f1a de una genialidad para el arte de la danza, Dora naci\u00f3 en Soledad el 16 de diciembre de 1938 y dio a luz a cinco hijos, todos ellos herederos del amor por la danza folcl\u00f3rica proferido por esta gran gestora cultural. Y es que desde muy joven, la siempre inquieta Dora Zarache, participaba en las tradicionales ruedas de cumbia. Su curiosidad cultural, as\u00ed como su \u00edmpetu innovador, la llevaron a construir un tesoro art\u00edstico que creci\u00f3 con el conocimiento que brinda la experiencia.<\/p>\n<p>De esa forma Dora hizo parte de importantes agrupaciones de danza que forjaron las bases de la cultura que hoy poseemos y que mostramos con orgullo, la legendaria<strong> \u201cCumbia Bolivariana\u201d,<\/strong> a mediados de los a\u00f1os 70s, fue uno de esos veh\u00edculos para expresar su talento y conocimiento del folclor.<\/p>\n<p>Dirigi\u00f3 durante 30 a\u00f1os el<strong> grupo folcl\u00f3rico \u00abEstrellas del Siglo XX\u00bb<\/strong> abriendo, a trav\u00e9s del mismo, innegables espacios para que los adultos mayores mostraran su talento, tanto en los eventos del Carnaval como en otras actividades culturales. De manera que Dora jug\u00f3 un papel importante en el folclor de nuestra regi\u00f3n; sus conocimientos se los transmiti\u00f3 a su hija, la <strong>profesora Lucy Vengoechea, directora del<\/strong> <strong>grupo de danzas folcl\u00f3ricas \u201cPerlas del Caribe\u201d<\/strong>, uno de los grupos con mayor arraigo, \u00e9xito y vistosidad de este municipio. Cabe se\u00f1alar que de \u201cPerlas del Caribe\u201d fue su gran impulsora, convirti\u00e9ndose en el basti\u00f3n de este importante grupo que ya suma 43 a\u00f1os de existencia.<\/p>\n<p>Con sus 84 a\u00f1os de inmenso amor por lo nuestro, Dora, la folclorista; Dora, la gestora cultural; Dora, la madre e incansable trabajadora; Dora, la l\u00edder luchadora por los derechos de los adultos mayores, se march\u00f3 para sumarse a esa cumbiamba celestial que ilumina, en este lugar del mundo, a quienes transitan el hermoso camino del arte y la cultura al son del llamador, el guache y la tambora. Dora Zarache es y ser\u00e1 siempre un ejemplo para sus conciudadanos, esos que anhelamos disfrutar de aquel municipio pl\u00e1cida, amable y tranquilo que nos sugieren nuestras danzas esos que deseamos seguirle aportando a esta <strong>Ciudad de Paz y de Oportunidades<\/strong>.<\/p>\n","protected":false},"excerpt":{"rendered":"<p>Cuando hablamos de personajes que impulsaron iniciativas culturales a nivel danc\u00edstico en la ciudad, debemos detenernos y hacer menci\u00f3n aparte de Dora Raquel Zarache de Vengoechea, m\u00e1s conocida como Dora Zarache; una de las \u00faltimas \u00abmatronas\u00bb de Soledad, cuya memoria, poblada de recuerdos que fue atesorando desde temprana edad, contribuy\u00f3 a la reconstrucci\u00f3n de buena parte de nuestro folclor y por supuesto: de nuestra historia.<\/p>\n","protected":false},"author":1,"featured_media":15123,"comment_status":"open","ping_status":"open","sticky":false,"template":"","format":"standard","meta":{"footnotes":""},"categories":[64,2,2047,113,6],"tags":[10208,10209,10210,566,2220,10202,10203,3919,10206,10207,10205,10204,38],"class_list":["post-15122","post","type-post","status-publish","format-standard","has-post-thumbnail","hentry","category-cultura","category-locales","category-musica","category-personajes","category-region","tag-danza-de-la-cereta","tag-negros-macheteros","tag-cumbia-bolivariana","tag-cultura-soledena","tag-cumbia","tag-dora-raquel-zarache-de-vengoechea","tag-folclorista","tag-gestora-cultural","tag-grupo-de-danzas-folcloricas-perlas-del-caribe","tag-grupo-folclorico-estrellas-del-siglo-xx","tag-lucy-vengoechea","tag-matrona","tag-municipio-de-soledad"],"_links":{"self":[{"href":"https:\/\/contrastes.com.co\/digital\/wp-json\/wp\/v2\/posts\/15122","targetHints":{"allow":["GET"]}}],"collection":[{"href":"https:\/\/contrastes.com.co\/digital\/wp-json\/wp\/v2\/posts"}],"about":[{"href":"https:\/\/contrastes.com.co\/digital\/wp-json\/wp\/v2\/types\/post"}],"author":[{"embeddable":true,"href":"https:\/\/contrastes.com.co\/digital\/wp-json\/wp\/v2\/users\/1"}],"replies":[{"embeddable":true,"href":"https:\/\/contrastes.com.co\/digital\/wp-json\/wp\/v2\/comments?post=15122"}],"version-history":[{"count":1,"href":"https:\/\/contrastes.com.co\/digital\/wp-json\/wp\/v2\/posts\/15122\/revisions"}],"predecessor-version":[{"id":15124,"href":"https:\/\/contrastes.com.co\/digital\/wp-json\/wp\/v2\/posts\/15122\/revisions\/15124"}],"wp:featuredmedia":[{"embeddable":true,"href":"https:\/\/contrastes.com.co\/digital\/wp-json\/wp\/v2\/media\/15123"}],"wp:attachment":[{"href":"https:\/\/contrastes.com.co\/digital\/wp-json\/wp\/v2\/media?parent=15122"}],"wp:term":[{"taxonomy":"category","embeddable":true,"href":"https:\/\/contrastes.com.co\/digital\/wp-json\/wp\/v2\/categories?post=15122"},{"taxonomy":"post_tag","embeddable":true,"href":"https:\/\/contrastes.com.co\/digital\/wp-json\/wp\/v2\/tags?post=15122"}],"curies":[{"name":"wp","href":"https:\/\/api.w.org\/{rel}","templated":true}]}}