{"id":15172,"date":"2024-04-19T15:19:41","date_gmt":"2024-04-19T20:19:41","guid":{"rendered":"https:\/\/contrastes.com.co\/digital\/?p=15172"},"modified":"2024-06-01T18:58:08","modified_gmt":"2024-06-01T23:58:08","slug":"asi-avanza-soledad-streaming-tercera-entrega","status":"publish","type":"post","link":"https:\/\/contrastes.com.co\/digital\/asi-avanza-soledad-streaming-tercera-entrega\/","title":{"rendered":"As\u00ed Avanza Soledad (streaming) tercera entrega"},"content":{"rendered":"<p><strong>*Alcald\u00eda de Soledad estrena su nuevo canal de Youtube: \u00abAs\u00ed Avanza Soledad\u00bb<\/strong><\/p>\n<blockquote><p><strong>En esta emisi\u00f3n de As\u00ed Avanza Soledad: Seguridad, dignidad y salud para sus habitantes, es la prioridad de tu alcald\u00eda<\/strong><\/p><\/blockquote>\n<p><iframe loading=\"lazy\" title=\"As\u00ed Avanza Soledad: Seguridad, dignidad y salud para sus habitantes, es la prioridad de tu alcald\u00eda\" width=\"640\" height=\"360\" src=\"https:\/\/www.youtube.com\/embed\/-lqq9OSbBRk?start=126&#038;feature=oembed\" frameborder=\"0\" allow=\"accelerometer; autoplay; clipboard-write; encrypted-media; gyroscope; picture-in-picture; web-share\" referrerpolicy=\"strict-origin-when-cross-origin\" allowfullscreen><\/iframe><\/p>\n<p><img loading=\"lazy\" decoding=\"async\" class=\"alignleft wp-image-8529\" src=\"https:\/\/contrastes.com.co\/digital\/wp-content\/uploads\/2022\/03\/e-capitular.png\" alt=\"e capitular\" width=\"67\" height=\"67\" srcset=\"https:\/\/contrastes.com.co\/digital\/wp-content\/uploads\/2022\/03\/e-capitular.png 150w, https:\/\/contrastes.com.co\/digital\/wp-content\/uploads\/2022\/03\/e-capitular-60x60.png 60w\" sizes=\"auto, (max-width: 67px) 100vw, 67px\" \/>sta es la tercera entrega de <strong>\u00abAs\u00ed Avanza Soledad\u00bb, el informativo institucional de la alcald\u00eda de Soledad.<\/strong> Las noticias, la oferta institucional y todo lo que usted necesita saber para estar bien informado y siempre al tanto de la gesti\u00f3n administrativa municipal.\u00a0 Conducida por <strong>Dubbys Coronado Escorcia,<\/strong> <strong>As\u00ed Avanza Soledad<\/strong> surge como una respuesta a la necesidad de socializar la oferta institucional de la ciudad y hacer p\u00fablico lo p\u00fablico de la mano con la comunidad.<\/p>\n<h3>En esta emisi\u00f3n:<\/h3>\n<ol>\n<li>En Soledad, lo primero es la Seguridad de los ciudadanos, la atenci\u00f3n a los habitantes del barrio La Candelaria II<\/li>\n<li>La Estaci\u00f3n de Bomberos de Soledad tiene un avance del 95%<\/li>\n<li>As\u00ed es el programa de Cultura Vial del Instituto Municipal de Tr\u00e1nsito de Soledad<\/li>\n<li>La campa\u00f1a de Edumas de conciencia ciudadana frente a la llegada de la temporada invernal<\/li>\n<li>As\u00ed fue el XVII Foro Educativo de Soledad<\/li>\n<li>En Los Balcanes celebramos el D\u00eda de la Salud<\/li>\n<li>La alcald\u00eda de Soledad garantiza la atenci\u00f3n en salud de todos los ciudadanos<\/li>\n<li>Para la regi\u00f3n y el pa\u00eds, As\u00ed Avanza Soledad tambi\u00e9n est\u00e1 en Telecaribe<\/li>\n<li>As\u00ed se vivi\u00f3 el simulacro de emergencia con los estudiantes solede\u00f1os<\/li>\n<li>R\u00edo y Mar les contamos c\u00f3mo es el convenio<\/li>\n<li>Recordando la inauguraci\u00f3n del parque La Mar\u00eda y la apuesta digna por las v\u00edctimas en Soledad.<\/li>\n<\/ol>\n<p>Esto y m\u00e1s en As\u00ed Avanza Soledad de esta semana.<\/p>\n","protected":false},"excerpt":{"rendered":"<p>Esta es la tercera entrega de \u00abAs\u00ed Avanza Soledad\u00bb, el informativo institucional de la alcald\u00eda de Soledad. Las noticias, la oferta institucional y todo lo que usted necesita saber para estar bien informado y siempre al tanto de la gesti\u00f3n administrativa municipal.<\/p>\n","protected":false},"author":1,"featured_media":15174,"comment_status":"open","ping_status":"open","sticky":false,"template":"","format":"standard","meta":{"footnotes":""},"categories":[10001,1328,6,4995],"tags":[35,9323,10220,10221,10222,38],"class_list":["post-15172","post","type-post","status-publish","format-standard","has-post-thumbnail","hentry","category-alcaldia-de-soledad","category-redes-sociales","category-region","category-television-web","tag-alcaldia-de-soledad","tag-alcira-sandoval-ibanez","tag-asi-avanza-soledad","tag-canal-de-youtube","tag-dubbys-coronado","tag-municipio-de-soledad"],"_links":{"self":[{"href":"https:\/\/contrastes.com.co\/digital\/wp-json\/wp\/v2\/posts\/15172","targetHints":{"allow":["GET"]}}],"collection":[{"href":"https:\/\/contrastes.com.co\/digital\/wp-json\/wp\/v2\/posts"}],"about":[{"href":"https:\/\/contrastes.com.co\/digital\/wp-json\/wp\/v2\/types\/post"}],"author":[{"embeddable":true,"href":"https:\/\/contrastes.com.co\/digital\/wp-json\/wp\/v2\/users\/1"}],"replies":[{"embeddable":true,"href":"https:\/\/contrastes.com.co\/digital\/wp-json\/wp\/v2\/comments?post=15172"}],"version-history":[{"count":1,"href":"https:\/\/contrastes.com.co\/digital\/wp-json\/wp\/v2\/posts\/15172\/revisions"}],"predecessor-version":[{"id":15175,"href":"https:\/\/contrastes.com.co\/digital\/wp-json\/wp\/v2\/posts\/15172\/revisions\/15175"}],"wp:featuredmedia":[{"embeddable":true,"href":"https:\/\/contrastes.com.co\/digital\/wp-json\/wp\/v2\/media\/15174"}],"wp:attachment":[{"href":"https:\/\/contrastes.com.co\/digital\/wp-json\/wp\/v2\/media?parent=15172"}],"wp:term":[{"taxonomy":"category","embeddable":true,"href":"https:\/\/contrastes.com.co\/digital\/wp-json\/wp\/v2\/categories?post=15172"},{"taxonomy":"post_tag","embeddable":true,"href":"https:\/\/contrastes.com.co\/digital\/wp-json\/wp\/v2\/tags?post=15172"}],"curies":[{"name":"wp","href":"https:\/\/api.w.org\/{rel}","templated":true}]}}