{"id":15176,"date":"2024-06-01T19:21:25","date_gmt":"2024-06-02T00:21:25","guid":{"rendered":"https:\/\/contrastes.com.co\/digital\/?p=15176"},"modified":"2024-06-01T20:05:04","modified_gmt":"2024-06-02T01:05:04","slug":"detras-de-camara-3a-temporada-hoy-diversidad-etnica-en-el-congreso","status":"publish","type":"post","link":"https:\/\/contrastes.com.co\/digital\/detras-de-camara-3a-temporada-hoy-diversidad-etnica-en-el-congreso\/","title":{"rendered":"Detr\u00e1s de C\u00e1mara (3\u00aa Temporada) Hoy: \u00abDiversidad \u00e9tnica en el Congreso\u00bb"},"content":{"rendered":"<p><strong>*Detr\u00e1s de C\u00e1mara (3\u00aa Temporada) Hoy: \u00abDiversidad \u00e9tnica en el Congreso\u00bb<\/strong><\/p>\n<p><iframe loading=\"lazy\" title=\"Detr\u00e1s De C\u00e1mara (3\u00aa Temporada) Hoy: \u201cDiversidad \u00c9tnica En El Congreso\u201d\" width=\"640\" height=\"360\" src=\"https:\/\/www.youtube.com\/embed\/65MO_KIg7uA?feature=oembed\" frameborder=\"0\" allow=\"accelerometer; autoplay; clipboard-write; encrypted-media; gyroscope; picture-in-picture; web-share\" referrerpolicy=\"strict-origin-when-cross-origin\" allowfullscreen><\/iframe><\/p>\n<p>Inicia la tercera temporada de Detr\u00e1s de C\u00e1mara, el programa de televisi\u00f3n que muestra la otra dimensi\u00f3n del Congreso de la Rep\u00fablica. Hoy presentamos \u00abDiversidad \u00e9tnica en Colombia\u00bb.<\/p>\n","protected":false},"excerpt":{"rendered":"<p>Inicia la tercera temporada de Detr\u00e1s de C\u00e1mara, el programa de televisi\u00f3n que muestra la otra dimensi\u00f3n del Congreso de la Rep\u00fablica. Hoy presentamos \u00abDiversidad \u00e9tnica en Colombia\u00bb.\u00a0<\/p>\n","protected":false},"author":1,"featured_media":15177,"comment_status":"open","ping_status":"open","sticky":false,"template":"","format":"standard","meta":{"footnotes":""},"categories":[4850,4,1328,6,6728,4995],"tags":[9524,188,574,10223],"class_list":["post-15176","post","type-post","status-publish","format-standard","has-post-thumbnail","hentry","category-congreso-de-la-republica","category-pais","category-redes-sociales","category-region","category-telecomunicaciones-e-internet","category-television-web","tag-detras-de-camara","tag-camara-de-representantes","tag-congreso-de-la-republica","tag-diversidad-etnica"],"_links":{"self":[{"href":"https:\/\/contrastes.com.co\/digital\/wp-json\/wp\/v2\/posts\/15176","targetHints":{"allow":["GET"]}}],"collection":[{"href":"https:\/\/contrastes.com.co\/digital\/wp-json\/wp\/v2\/posts"}],"about":[{"href":"https:\/\/contrastes.com.co\/digital\/wp-json\/wp\/v2\/types\/post"}],"author":[{"embeddable":true,"href":"https:\/\/contrastes.com.co\/digital\/wp-json\/wp\/v2\/users\/1"}],"replies":[{"embeddable":true,"href":"https:\/\/contrastes.com.co\/digital\/wp-json\/wp\/v2\/comments?post=15176"}],"version-history":[{"count":3,"href":"https:\/\/contrastes.com.co\/digital\/wp-json\/wp\/v2\/posts\/15176\/revisions"}],"predecessor-version":[{"id":15183,"href":"https:\/\/contrastes.com.co\/digital\/wp-json\/wp\/v2\/posts\/15176\/revisions\/15183"}],"wp:featuredmedia":[{"embeddable":true,"href":"https:\/\/contrastes.com.co\/digital\/wp-json\/wp\/v2\/media\/15177"}],"wp:attachment":[{"href":"https:\/\/contrastes.com.co\/digital\/wp-json\/wp\/v2\/media?parent=15176"}],"wp:term":[{"taxonomy":"category","embeddable":true,"href":"https:\/\/contrastes.com.co\/digital\/wp-json\/wp\/v2\/categories?post=15176"},{"taxonomy":"post_tag","embeddable":true,"href":"https:\/\/contrastes.com.co\/digital\/wp-json\/wp\/v2\/tags?post=15176"}],"curies":[{"name":"wp","href":"https:\/\/api.w.org\/{rel}","templated":true}]}}