{"id":15185,"date":"2024-06-08T19:55:07","date_gmt":"2024-06-09T00:55:07","guid":{"rendered":"https:\/\/contrastes.com.co\/digital\/?p=15185"},"modified":"2024-06-08T20:44:07","modified_gmt":"2024-06-09T01:44:07","slug":"detras-de-camara-cap-3-temp-3-hoy-presentamos-mujer-cabeza-de-hogar","status":"publish","type":"post","link":"https:\/\/contrastes.com.co\/digital\/detras-de-camara-cap-3-temp-3-hoy-presentamos-mujer-cabeza-de-hogar\/","title":{"rendered":"Detr\u00e1s de C\u00e1mara (Cap.3 Temp. 3) Hoy presentamos \u201cMujer Cabeza de Hogar\u201d"},"content":{"rendered":"<p><strong>Detr\u00e1s de C\u00e1mara (Cap.3 Temp. 3) Hoy presentamos \u201cMujer Cabeza de Hogar\u201d<\/strong><\/p>\n<p>&nbsp;<\/p>\n<p><iframe loading=\"lazy\" title=\"Detr\u00e1s de C\u00e1mara: Hoy presentamos \u201cMujer Cabeza de Hogar\u201d\" width=\"640\" height=\"360\" src=\"https:\/\/www.youtube.com\/embed\/XqJpHtkybAg?feature=oembed\" frameborder=\"0\" allow=\"accelerometer; autoplay; clipboard-write; encrypted-media; gyroscope; picture-in-picture; web-share\" referrerpolicy=\"strict-origin-when-cross-origin\" allowfullscreen><\/iframe><\/p>\n<p>&nbsp;<\/p>\n<p>Este es el tercer cap\u00edtulo de la tercera temporada de Detr\u00e1s de C\u00e1mara, el programa de televisi\u00f3n que muestra la otra dimensi\u00f3n del Congreso de la Rep\u00fablica. Hoy presentamos \u201cMujer Cabeza de Hogar\u201d<\/p>\n","protected":false},"excerpt":{"rendered":"<p>Detr\u00e1s de C\u00e1mara (Cap.3 Temp. 3) Hoy presentamos \u201cMujer Cabeza de Hogar\u201d &nbsp; &nbsp; Este es el tercer cap\u00edtulo de la tercera temporada de Detr\u00e1s de C\u00e1mara, el programa de televisi\u00f3n que muestra la otra dimensi\u00f3n del Congreso de la Rep\u00fablica. Hoy presentamos \u201cMujer Cabeza de Hogar\u201d<\/p>\n","protected":false},"author":1,"featured_media":15186,"comment_status":"open","ping_status":"open","sticky":false,"template":"","format":"standard","meta":{"footnotes":""},"categories":[4,1328,6,4995],"tags":[9524,8862],"class_list":["post-15185","post","type-post","status-publish","format-standard","has-post-thumbnail","hentry","category-pais","category-redes-sociales","category-region","category-television-web","tag-detras-de-camara","tag-contrastes-television"],"_links":{"self":[{"href":"https:\/\/contrastes.com.co\/digital\/wp-json\/wp\/v2\/posts\/15185","targetHints":{"allow":["GET"]}}],"collection":[{"href":"https:\/\/contrastes.com.co\/digital\/wp-json\/wp\/v2\/posts"}],"about":[{"href":"https:\/\/contrastes.com.co\/digital\/wp-json\/wp\/v2\/types\/post"}],"author":[{"embeddable":true,"href":"https:\/\/contrastes.com.co\/digital\/wp-json\/wp\/v2\/users\/1"}],"replies":[{"embeddable":true,"href":"https:\/\/contrastes.com.co\/digital\/wp-json\/wp\/v2\/comments?post=15185"}],"version-history":[{"count":2,"href":"https:\/\/contrastes.com.co\/digital\/wp-json\/wp\/v2\/posts\/15185\/revisions"}],"predecessor-version":[{"id":15188,"href":"https:\/\/contrastes.com.co\/digital\/wp-json\/wp\/v2\/posts\/15185\/revisions\/15188"}],"wp:featuredmedia":[{"embeddable":true,"href":"https:\/\/contrastes.com.co\/digital\/wp-json\/wp\/v2\/media\/15186"}],"wp:attachment":[{"href":"https:\/\/contrastes.com.co\/digital\/wp-json\/wp\/v2\/media?parent=15185"}],"wp:term":[{"taxonomy":"category","embeddable":true,"href":"https:\/\/contrastes.com.co\/digital\/wp-json\/wp\/v2\/categories?post=15185"},{"taxonomy":"post_tag","embeddable":true,"href":"https:\/\/contrastes.com.co\/digital\/wp-json\/wp\/v2\/tags?post=15185"}],"curies":[{"name":"wp","href":"https:\/\/api.w.org\/{rel}","templated":true}]}}