{"id":15197,"date":"2024-06-15T19:58:31","date_gmt":"2024-06-16T00:58:31","guid":{"rendered":"https:\/\/contrastes.com.co\/digital\/?p=15197"},"modified":"2024-06-15T19:58:31","modified_gmt":"2024-06-16T00:58:31","slug":"en-vivo-derechos-de-los-ninos-ninas-y-adolescentes-en-colombia","status":"publish","type":"post","link":"https:\/\/contrastes.com.co\/digital\/en-vivo-derechos-de-los-ninos-ninas-y-adolescentes-en-colombia\/","title":{"rendered":"EN VIVO: Derechos de los ni\u00f1os, ni\u00f1as y adolescentes en Colombia"},"content":{"rendered":"<p><strong>*\u00bbDerechos de los ni\u00f1os, ni\u00f1as y adolescentes en Colombia\u00bb (Detr\u00e1s de C\u00e1mara Cap\u00edtulo 5 Tercera Temporada<\/strong><\/p>\n<p>Los Derechos de los ni\u00f1os, ni\u00f1as y adolescentes en Colombia son el tema que aborda el quinto cap\u00edtulo de Detr\u00e1s de C\u00e1mara en su Tercera Temporada y Contrastes Televisi\u00f3n se los trae en directo.<\/p>\n<p><iframe loading=\"lazy\" title=\"Detr\u00e1s de C\u00e1mara (Cap. 5 3ra Temporada) Derechos ni\u00f1os, ni\u00f1as y adolescentes\" width=\"640\" height=\"360\" src=\"https:\/\/www.youtube.com\/embed\/6vjyui4od4k?feature=oembed\" frameborder=\"0\" allow=\"accelerometer; autoplay; clipboard-write; encrypted-media; gyroscope; picture-in-picture; web-share\" referrerpolicy=\"strict-origin-when-cross-origin\" allowfullscreen><\/iframe><\/p>\n","protected":false},"excerpt":{"rendered":"<p>*\u00bbDerechos de los ni\u00f1os, ni\u00f1as y adolescentes en Colombia\u00bb (Detr\u00e1s de C\u00e1mara Cap\u00edtulo 5 Tercera Temporada Los Derechos de los ni\u00f1os, ni\u00f1as y adolescentes en Colombia son el tema que aborda el quinto cap\u00edtulo de Detr\u00e1s de C\u00e1mara en su Tercera Temporada y Contrastes Televisi\u00f3n se los trae en directo.<\/p>\n","protected":false},"author":1,"featured_media":15198,"comment_status":"open","ping_status":"open","sticky":false,"template":"","format":"standard","meta":{"footnotes":""},"categories":[4850,4,1328,6,4995],"tags":[9524,8862,10229,10228],"class_list":["post-15197","post","type-post","status-publish","format-standard","has-post-thumbnail","hentry","category-congreso-de-la-republica","category-pais","category-redes-sociales","category-region","category-television-web","tag-detras-de-camara","tag-contrastes-television","tag-derechos-de-los-ninos-ninas-y-adolescentes-en-colombia","tag-tercera-temporada"],"_links":{"self":[{"href":"https:\/\/contrastes.com.co\/digital\/wp-json\/wp\/v2\/posts\/15197","targetHints":{"allow":["GET"]}}],"collection":[{"href":"https:\/\/contrastes.com.co\/digital\/wp-json\/wp\/v2\/posts"}],"about":[{"href":"https:\/\/contrastes.com.co\/digital\/wp-json\/wp\/v2\/types\/post"}],"author":[{"embeddable":true,"href":"https:\/\/contrastes.com.co\/digital\/wp-json\/wp\/v2\/users\/1"}],"replies":[{"embeddable":true,"href":"https:\/\/contrastes.com.co\/digital\/wp-json\/wp\/v2\/comments?post=15197"}],"version-history":[{"count":1,"href":"https:\/\/contrastes.com.co\/digital\/wp-json\/wp\/v2\/posts\/15197\/revisions"}],"predecessor-version":[{"id":15199,"href":"https:\/\/contrastes.com.co\/digital\/wp-json\/wp\/v2\/posts\/15197\/revisions\/15199"}],"wp:featuredmedia":[{"embeddable":true,"href":"https:\/\/contrastes.com.co\/digital\/wp-json\/wp\/v2\/media\/15198"}],"wp:attachment":[{"href":"https:\/\/contrastes.com.co\/digital\/wp-json\/wp\/v2\/media?parent=15197"}],"wp:term":[{"taxonomy":"category","embeddable":true,"href":"https:\/\/contrastes.com.co\/digital\/wp-json\/wp\/v2\/categories?post=15197"},{"taxonomy":"post_tag","embeddable":true,"href":"https:\/\/contrastes.com.co\/digital\/wp-json\/wp\/v2\/tags?post=15197"}],"curies":[{"name":"wp","href":"https:\/\/api.w.org\/{rel}","templated":true}]}}