{"id":15334,"date":"2024-10-20T20:00:06","date_gmt":"2024-10-21T01:00:06","guid":{"rendered":"https:\/\/contrastes.com.co\/digital\/?p=15334"},"modified":"2024-10-29T20:29:14","modified_gmt":"2024-10-30T01:29:14","slug":"en-los-zapatos-de-capitulo-8-la-serie-que-ningun-colombiano-deberia-perderse","status":"publish","type":"post","link":"https:\/\/contrastes.com.co\/digital\/en-los-zapatos-de-capitulo-8-la-serie-que-ningun-colombiano-deberia-perderse\/","title":{"rendered":"\u00abEn Los Zapatos De\u00bb (Cap\u00edtulo 8) la serie que ning\u00fan colombiano deber\u00eda perderse"},"content":{"rendered":"<p><strong>*\u00bbEn Los Zapatos De\u00bb (Cap\u00edtulo 8) la serie que ning\u00fan colombiano deber\u00eda perderse<\/strong><\/p>\n<p>Este es el octavo cap\u00edtulo de <strong>\u201cEn Los Zapatos De\u201d,<\/strong> la nueva propuesta audiovisual que, de una forma \u00e1gil, novedosa, muy fresca y jovial aborda temas de inter\u00e9s nacional relacionados con el trabajo que realizan los congresistas en la C\u00e1mara de Representantes.<\/p>\n<p><iframe loading=\"lazy\" title=\"&quot;En Los Zapatos De&quot; (Cap\u00edtulo 8)\" width=\"640\" height=\"360\" src=\"https:\/\/www.youtube.com\/embed\/IZ-AwBZMkw8?feature=oembed\" frameborder=\"0\" allow=\"accelerometer; autoplay; clipboard-write; encrypted-media; gyroscope; picture-in-picture; web-share\" referrerpolicy=\"strict-origin-when-cross-origin\" allowfullscreen><\/iframe><\/p>\n<p>Esta nueva apuesta que sintoniza a los colombianos de a pie con la labor de quienes los representan en el poder legislativo, es una excelente herramienta para socializar el verdadero impacto que tiene en la ciudadan\u00eda la discusi\u00f3n y aprobaci\u00f3n de las leyes que rigen nuestra vida diaria, desde la perspectiva de la gente del com\u00fan mientras intercambian opiniones y hasta sus zapatos para conocer de primera mano qu\u00e9 se siente representar a alguien de un lugar diferente al nuestro; lo que genera una absoluta empat\u00eda entre colombianos que ni siquiera se conocen entre s\u00ed, y de quienes los representan en el Congreso de la Rep\u00fablica.<\/p>\n","protected":false},"excerpt":{"rendered":"<p>Este es el octavo cap\u00edtulo de \u201cEn Los Zapatos De\u201d, la nueva propuesta audiovisual que, de una forma \u00e1gil, novedosa, muy fresca y jovial aborda temas de inter\u00e9s nacional relacionados con el trabajo que realizan los congresistas en la C\u00e1mara de Representantes.<\/p>\n","protected":false},"author":1,"featured_media":15335,"comment_status":"open","ping_status":"open","sticky":false,"template":"","format":"standard","meta":{"footnotes":""},"categories":[4850,4,6,3346,4995],"tags":[188,574,9525,8862,10272],"class_list":["post-15334","post","type-post","status-publish","format-standard","has-post-thumbnail","hentry","category-congreso-de-la-republica","category-pais","category-region","category-television","category-television-web","tag-camara-de-representantes","tag-congreso-de-la-republica","tag-contrastes-barranquilla","tag-contrastes-television","tag-en-los-zapatos-de-capitulo-8"],"_links":{"self":[{"href":"https:\/\/contrastes.com.co\/digital\/wp-json\/wp\/v2\/posts\/15334","targetHints":{"allow":["GET"]}}],"collection":[{"href":"https:\/\/contrastes.com.co\/digital\/wp-json\/wp\/v2\/posts"}],"about":[{"href":"https:\/\/contrastes.com.co\/digital\/wp-json\/wp\/v2\/types\/post"}],"author":[{"embeddable":true,"href":"https:\/\/contrastes.com.co\/digital\/wp-json\/wp\/v2\/users\/1"}],"replies":[{"embeddable":true,"href":"https:\/\/contrastes.com.co\/digital\/wp-json\/wp\/v2\/comments?post=15334"}],"version-history":[{"count":2,"href":"https:\/\/contrastes.com.co\/digital\/wp-json\/wp\/v2\/posts\/15334\/revisions"}],"predecessor-version":[{"id":15338,"href":"https:\/\/contrastes.com.co\/digital\/wp-json\/wp\/v2\/posts\/15334\/revisions\/15338"}],"wp:featuredmedia":[{"embeddable":true,"href":"https:\/\/contrastes.com.co\/digital\/wp-json\/wp\/v2\/media\/15335"}],"wp:attachment":[{"href":"https:\/\/contrastes.com.co\/digital\/wp-json\/wp\/v2\/media?parent=15334"}],"wp:term":[{"taxonomy":"category","embeddable":true,"href":"https:\/\/contrastes.com.co\/digital\/wp-json\/wp\/v2\/categories?post=15334"},{"taxonomy":"post_tag","embeddable":true,"href":"https:\/\/contrastes.com.co\/digital\/wp-json\/wp\/v2\/tags?post=15334"}],"curies":[{"name":"wp","href":"https:\/\/api.w.org\/{rel}","templated":true}]}}