{"id":15366,"date":"2024-11-07T09:34:27","date_gmt":"2024-11-07T14:34:27","guid":{"rendered":"https:\/\/contrastes.com.co\/digital\/?p=15366"},"modified":"2024-11-07T09:34:27","modified_gmt":"2024-11-07T14:34:27","slug":"carnaval-de-barranquilla-21-anos-como-patrimonio-inmaterial-de-la-humanidad","status":"publish","type":"post","link":"https:\/\/contrastes.com.co\/digital\/carnaval-de-barranquilla-21-anos-como-patrimonio-inmaterial-de-la-humanidad\/","title":{"rendered":"Carnaval De Barranquilla&#8230;21 a\u00f1os, Como patrimonio Inmaterial de la Humanidad"},"content":{"rendered":"<blockquote><p><strong><em>Lo valioso y lo fundamental es que el patrimonio no es una danza, o una m\u00e1scara en s\u00ed, sino que es el conocimiento y su transmisi\u00f3n oral lo que se constituye en un patrimonio inmaterial de la humanidad, ese espacio antropol\u00f3gico en el que hay espacio para todas las danzas del Caribe.<\/em><\/strong><\/p><\/blockquote>\n<p>Por: Lester Padilla Sanchez<\/p>\n<p>&nbsp;<\/p>\n<p>Un d\u00eda como hoy, 7 de noviembre de 2003, Barranquilla consolido su nombre en el mundo. Nuestro Carnaval obtuvo la declaratoria \u00a0de la \u00a0UNESCO, de Patrimonio Inmaterial de la Humanidad.<\/p>\n<p>Esta ciudad ha sido pionera del crecimiento y desarrollo de nuestro pa\u00eds en \u00e1mbitos como el deporte, la aviaci\u00f3n, la arquitectura y no pod\u00eda faltar el escenario de la cultura, nuestro carnaval obtiene el reconocimiento mundial fruto del esfuerzo de su gente y todos los que aportaron sus creaciones, para obtener este alto reconocimiento.<\/p>\n<p>Respecto a la d\u00e9cada del reconocimiento, Lola Salcedo, directora del documento sobre el Carnaval de Barranquilla presentado a la UNESCO, explica:<\/p>\n<blockquote><p>Lo valioso y lo fundamental es que el patrimonio no es una danza, o una m\u00e1scara en s\u00ed, sino que es el conocimiento y su transmisi\u00f3n oral lo que se constituye en un patrimonio inmaterial de la humanidad, ese espacio antropol\u00f3gico en el que hay espacio para todas las danzas del Caribe.<\/p><\/blockquote>\n<p>Ser patrimonio inmaterial de la humanidad significa para el carnaval de Barranquilla no solo preservar las tradiciones, sino tambi\u00e9n trascender en ellas, hacer que cada Barranquillero se apropie de las manifestaciones culturales que hacen el carnaval, lograr que cada hacedor, cada comparsa, cada grupo, y todos los actores vivos de este carnaval, proyecten en las generaciones venideras la esencia y alegr\u00eda que caracteriza a nuestra regi\u00f3n.<\/p>\n<p>Esta declaratoria de hace 21 a\u00f1os fue el resultado de muchas generaciones que cimentaron los ladrillos de este evento, los dirigentes y administradores del carnaval a lo largo del tiempo siguen trabajando para fortalecer cada a\u00f1o la tradici\u00f3n carnavalera, llev\u00e1ndola a conocer a mas lugares del mundo.<\/p>\n<p>Celebremos con orgullo estos 21 a\u00f1os de alegr\u00eda, sabor Barranquillero y tradici\u00f3n cultural.<\/p>\n","protected":false},"excerpt":{"rendered":"<p>Lo valioso y lo fundamental es que el patrimonio no es una danza, o una m\u00e1scara en s\u00ed, sino que es el conocimiento y su transmisi\u00f3n oral lo que se constituye en un patrimonio inmaterial de la humanidad, ese espacio antropol\u00f3gico en el que hay espacio para todas las danzas del Caribe. Por: Lester Padilla [&hellip;]<\/p>\n","protected":false},"author":1,"featured_media":15367,"comment_status":"open","ping_status":"open","sticky":false,"template":"","format":"standard","meta":{"footnotes":""},"categories":[6965,2566,1769,8887,756,1199,7611,7475,163,10194,1004,8850,11,2047,2533,235,4,113,6,3346,4995],"tags":[],"class_list":["post-15366","post","type-post","status-publish","format-standard","has-post-thumbnail","hentry","category-arte","category-bienestar","category-carnaval","category-colombia-hoy","category-comunidad","category-contrastesradio","category-convivencia-y-cultura-ciudadana","category-cultura-ciudadana","category-educacion","category-gobernacion-del-atlantico","category-juventud","category-lester-padilla","category-mundo","category-musica","category-novedades","category-opinion","category-pais","category-personajes","category-region","category-television","category-television-web"],"_links":{"self":[{"href":"https:\/\/contrastes.com.co\/digital\/wp-json\/wp\/v2\/posts\/15366","targetHints":{"allow":["GET"]}}],"collection":[{"href":"https:\/\/contrastes.com.co\/digital\/wp-json\/wp\/v2\/posts"}],"about":[{"href":"https:\/\/contrastes.com.co\/digital\/wp-json\/wp\/v2\/types\/post"}],"author":[{"embeddable":true,"href":"https:\/\/contrastes.com.co\/digital\/wp-json\/wp\/v2\/users\/1"}],"replies":[{"embeddable":true,"href":"https:\/\/contrastes.com.co\/digital\/wp-json\/wp\/v2\/comments?post=15366"}],"version-history":[{"count":1,"href":"https:\/\/contrastes.com.co\/digital\/wp-json\/wp\/v2\/posts\/15366\/revisions"}],"predecessor-version":[{"id":15368,"href":"https:\/\/contrastes.com.co\/digital\/wp-json\/wp\/v2\/posts\/15366\/revisions\/15368"}],"wp:featuredmedia":[{"embeddable":true,"href":"https:\/\/contrastes.com.co\/digital\/wp-json\/wp\/v2\/media\/15367"}],"wp:attachment":[{"href":"https:\/\/contrastes.com.co\/digital\/wp-json\/wp\/v2\/media?parent=15366"}],"wp:term":[{"taxonomy":"category","embeddable":true,"href":"https:\/\/contrastes.com.co\/digital\/wp-json\/wp\/v2\/categories?post=15366"},{"taxonomy":"post_tag","embeddable":true,"href":"https:\/\/contrastes.com.co\/digital\/wp-json\/wp\/v2\/tags?post=15366"}],"curies":[{"name":"wp","href":"https:\/\/api.w.org\/{rel}","templated":true}]}}