{"id":15369,"date":"2024-11-08T07:37:27","date_gmt":"2024-11-08T12:37:27","guid":{"rendered":"https:\/\/contrastes.com.co\/digital\/?p=15369"},"modified":"2024-11-08T07:56:44","modified_gmt":"2024-11-08T12:56:44","slug":"las-fiestas-de-cartagena-se-engalanan-con-el-carnaval-de-barranquilla","status":"publish","type":"post","link":"https:\/\/contrastes.com.co\/digital\/las-fiestas-de-cartagena-se-engalanan-con-el-carnaval-de-barranquilla\/","title":{"rendered":"Las Fiestas de Cartagena, se engalanan con el Carnaval de Barranquilla"},"content":{"rendered":"<p>Cartagena, Noviembre 2024<\/p>\n<blockquote><p><strong><em>La delegaci\u00f3n del Carnaval de Barranquilla estuvo integrada por el Cumbi\u00f3n de Oro, una de las cumbiambas m\u00e1s vistosas y tradicionales del Carnaval, que llen\u00f3 el recorrido por la Avenida Santander de ritmo y belleza en conmemoraci\u00f3n de los 213 a\u00f1os de la independencia de Cartagena.<\/em><\/strong><\/p><\/blockquote>\n<p>&nbsp;<\/p>\n<p>Oficna de Prensa Casa del Carnaval<\/p>\n<p>&nbsp;<\/p>\n<p>El Carnaval de Barranquilla deslumbr\u00f3 en el Bando de Cartagena como ciudad invitada a las Fiestas de Independencia, llevando la alegr\u00eda de su fiesta con una destacada participaci\u00f3n que presidieron los Reyes del Carnaval 2025, Tatiana Angulo Fern\u00e1ndez de Castro y Gabriel Marriaga Tejada.<\/p>\n<p>La delegaci\u00f3n del Carnaval de Barranquilla estuvo integrada por el Cumbi\u00f3n de Oro, una de las cumbiambas m\u00e1s vistosas y tradicionales del Carnaval, que llen\u00f3 el recorrido por la Avenida Santander de ritmo y belleza en conmemoraci\u00f3n de los 213 a\u00f1os de la independencia de Cartagena.<\/p>\n<figure id=\"attachment_15370\" aria-describedby=\"caption-attachment-15370\" style=\"width: 504px\" class=\"wp-caption alignleft\"><img loading=\"lazy\" decoding=\"async\" class=\" wp-image-15370\" src=\"https:\/\/contrastes.com.co\/digital\/wp-content\/uploads\/2024\/11\/WhatsApp-Image-2024-11-07-at-3.41.18-PM.jpeg\" alt=\"\" width=\"504\" height=\"336\" srcset=\"https:\/\/contrastes.com.co\/digital\/wp-content\/uploads\/2024\/11\/WhatsApp-Image-2024-11-07-at-3.41.18-PM.jpeg 1600w, https:\/\/contrastes.com.co\/digital\/wp-content\/uploads\/2024\/11\/WhatsApp-Image-2024-11-07-at-3.41.18-PM-300x200.jpeg 300w, https:\/\/contrastes.com.co\/digital\/wp-content\/uploads\/2024\/11\/WhatsApp-Image-2024-11-07-at-3.41.18-PM-1024x682.jpeg 1024w, https:\/\/contrastes.com.co\/digital\/wp-content\/uploads\/2024\/11\/WhatsApp-Image-2024-11-07-at-3.41.18-PM-768x512.jpeg 768w, https:\/\/contrastes.com.co\/digital\/wp-content\/uploads\/2024\/11\/WhatsApp-Image-2024-11-07-at-3.41.18-PM-1536x1023.jpeg 1536w\" sizes=\"auto, (max-width: 504px) 100vw, 504px\" \/><figcaption id=\"caption-attachment-15370\" class=\"wp-caption-text\">Los reyes del Carnaval de Barranquilla, con el alcalde de Cartagena<\/figcaption><\/figure>\n<p>&nbsp;<\/p>\n<p>&nbsp;<\/p>\n<p>&nbsp;<\/p>\n<p>&nbsp;<\/p>\n<p>&nbsp;<\/p>\n<p>&nbsp;<\/p>\n<p>&nbsp;<\/p>\n<p>&nbsp;<\/p>\n<p>&nbsp;<\/p>\n<p>&nbsp;<\/p>\n<p>&nbsp;<\/p>\n<p>De la cuota barranquillera en Cartagena tambi\u00e9n hizo parte el Garabato de la 8, una danza que re\u00fane m\u00e1s de 20 Congos de Oro y la comparsa Kadanz\u00e1, entre otros grupos art\u00edsticos, que impregnaron el recorrido de magia y fantas\u00eda, agrupaciones y hacedores que en conjunto pusieron en alto a Barranquilla y a su Carnaval y fueron recibidos por el entusiasmo de los asistentes.<\/p>\n<p>Las reinas populares del desfile cartagenero brillaron en las carrozas elaboradas por los maestros artesanos de la F\u00e1brica de Carrozas del Carnaval, Ricardo Vieira, Hernando Arteta, Jassir Daza y Rubiel Badillo, quienes mostraron su poder art\u00edstico y talento en la creaci\u00f3n de las carrozas dise\u00f1adas por artistas pl\u00e1sticos cartageneros, obras rodantes que reflejaron la identidad cultural de Cartagena.<\/p>\n<figure id=\"attachment_15376\" aria-describedby=\"caption-attachment-15376\" style=\"width: 444px\" class=\"wp-caption alignleft\"><img loading=\"lazy\" decoding=\"async\" class=\" wp-image-15376\" src=\"https:\/\/contrastes.com.co\/digital\/wp-content\/uploads\/2024\/11\/WhatsApp-Image-2024-11-07-at-5.21.08-PM-1.jpeg\" alt=\"\" width=\"444\" height=\"296\" srcset=\"https:\/\/contrastes.com.co\/digital\/wp-content\/uploads\/2024\/11\/WhatsApp-Image-2024-11-07-at-5.21.08-PM-1.jpeg 1600w, https:\/\/contrastes.com.co\/digital\/wp-content\/uploads\/2024\/11\/WhatsApp-Image-2024-11-07-at-5.21.08-PM-1-300x200.jpeg 300w, https:\/\/contrastes.com.co\/digital\/wp-content\/uploads\/2024\/11\/WhatsApp-Image-2024-11-07-at-5.21.08-PM-1-1024x682.jpeg 1024w, https:\/\/contrastes.com.co\/digital\/wp-content\/uploads\/2024\/11\/WhatsApp-Image-2024-11-07-at-5.21.08-PM-1-768x512.jpeg 768w, https:\/\/contrastes.com.co\/digital\/wp-content\/uploads\/2024\/11\/WhatsApp-Image-2024-11-07-at-5.21.08-PM-1-1536x1023.jpeg 1536w\" sizes=\"auto, (max-width: 444px) 100vw, 444px\" \/><figcaption id=\"caption-attachment-15376\" class=\"wp-caption-text\">Sandra G\u00f3mez Molina, gerente de Carnaval de Barranquilla S.A.S en el desfile de ayer en Cartagena.<\/figcaption><\/figure>\n<p>&nbsp;<\/p>\n<p>&nbsp;<\/p>\n<p>&nbsp;<\/p>\n<p>&nbsp;<\/p>\n<p>&nbsp;<\/p>\n<p>&nbsp;<\/p>\n<figure id=\"attachment_15379\" aria-describedby=\"caption-attachment-15379\" style=\"width: 444px\" class=\"wp-caption alignleft\"><img loading=\"lazy\" decoding=\"async\" class=\" wp-image-15379\" src=\"https:\/\/contrastes.com.co\/digital\/wp-content\/uploads\/2024\/11\/WhatsApp-Image-2024-11-07-at-5.21.09-PM-1.jpeg\" alt=\"\" width=\"444\" height=\"296\" srcset=\"https:\/\/contrastes.com.co\/digital\/wp-content\/uploads\/2024\/11\/WhatsApp-Image-2024-11-07-at-5.21.09-PM-1.jpeg 1600w, https:\/\/contrastes.com.co\/digital\/wp-content\/uploads\/2024\/11\/WhatsApp-Image-2024-11-07-at-5.21.09-PM-1-300x200.jpeg 300w, https:\/\/contrastes.com.co\/digital\/wp-content\/uploads\/2024\/11\/WhatsApp-Image-2024-11-07-at-5.21.09-PM-1-1024x682.jpeg 1024w, https:\/\/contrastes.com.co\/digital\/wp-content\/uploads\/2024\/11\/WhatsApp-Image-2024-11-07-at-5.21.09-PM-1-768x512.jpeg 768w, https:\/\/contrastes.com.co\/digital\/wp-content\/uploads\/2024\/11\/WhatsApp-Image-2024-11-07-at-5.21.09-PM-1-1536x1023.jpeg 1536w\" sizes=\"auto, (max-width: 444px) 100vw, 444px\" \/><figcaption id=\"caption-attachment-15379\" class=\"wp-caption-text\">El garabato de la 8, poniendo su alegr\u00eda, en las fiestas de la Heroica.<\/figcaption><\/figure>\n<p>&nbsp;<\/p>\n<p>&nbsp;<\/p>\n<p>&nbsp;<\/p>\n<p>&nbsp;<\/p>\n","protected":false},"excerpt":{"rendered":"<p>Cartagena, Noviembre 2024 La delegaci\u00f3n del Carnaval de Barranquilla estuvo integrada por el Cumbi\u00f3n de Oro, una de las cumbiambas m\u00e1s vistosas y tradicionales del Carnaval, que llen\u00f3 el recorrido por la Avenida Santander de ritmo y belleza en conmemoraci\u00f3n de los 213 a\u00f1os de la independencia de Cartagena. &nbsp; Oficna de Prensa Casa del [&hellip;]<\/p>\n","protected":false},"author":1,"featured_media":15373,"comment_status":"open","ping_status":"open","sticky":false,"template":"","format":"standard","meta":{"footnotes":""},"categories":[1769,2148,3273,7282,9593,8850,11,2047,235,4,6,3346,4995],"tags":[],"class_list":["post-15369","post","type-post","status-publish","format-standard","has-post-thumbnail","hentry","category-carnaval","category-eventos","category-fashion","category-festividades","category-folclor","category-lester-padilla","category-mundo","category-musica","category-opinion","category-pais","category-region","category-television","category-television-web"],"_links":{"self":[{"href":"https:\/\/contrastes.com.co\/digital\/wp-json\/wp\/v2\/posts\/15369","targetHints":{"allow":["GET"]}}],"collection":[{"href":"https:\/\/contrastes.com.co\/digital\/wp-json\/wp\/v2\/posts"}],"about":[{"href":"https:\/\/contrastes.com.co\/digital\/wp-json\/wp\/v2\/types\/post"}],"author":[{"embeddable":true,"href":"https:\/\/contrastes.com.co\/digital\/wp-json\/wp\/v2\/users\/1"}],"replies":[{"embeddable":true,"href":"https:\/\/contrastes.com.co\/digital\/wp-json\/wp\/v2\/comments?post=15369"}],"version-history":[{"count":5,"href":"https:\/\/contrastes.com.co\/digital\/wp-json\/wp\/v2\/posts\/15369\/revisions"}],"predecessor-version":[{"id":15380,"href":"https:\/\/contrastes.com.co\/digital\/wp-json\/wp\/v2\/posts\/15369\/revisions\/15380"}],"wp:featuredmedia":[{"embeddable":true,"href":"https:\/\/contrastes.com.co\/digital\/wp-json\/wp\/v2\/media\/15373"}],"wp:attachment":[{"href":"https:\/\/contrastes.com.co\/digital\/wp-json\/wp\/v2\/media?parent=15369"}],"wp:term":[{"taxonomy":"category","embeddable":true,"href":"https:\/\/contrastes.com.co\/digital\/wp-json\/wp\/v2\/categories?post=15369"},{"taxonomy":"post_tag","embeddable":true,"href":"https:\/\/contrastes.com.co\/digital\/wp-json\/wp\/v2\/tags?post=15369"}],"curies":[{"name":"wp","href":"https:\/\/api.w.org\/{rel}","templated":true}]}}