{"id":15462,"date":"2024-11-26T00:38:51","date_gmt":"2024-11-26T05:38:51","guid":{"rendered":"https:\/\/contrastes.com.co\/digital\/?p=15462"},"modified":"2024-12-11T15:45:32","modified_gmt":"2024-12-11T20:45:32","slug":"atlantico-conmemora-el-25n-con-homenaje-a-victimas-de-feminicidios","status":"publish","type":"post","link":"https:\/\/contrastes.com.co\/digital\/atlantico-conmemora-el-25n-con-homenaje-a-victimas-de-feminicidios\/","title":{"rendered":"Atl\u00e1ntico Conmemora El 25N, Con Homenaje A V\u00edctimas De Feminicidios."},"content":{"rendered":"<blockquote><p><strong><i>Se trata de trabajar constantemente \u00a0en campa\u00f1as que lleguen a cada ciudadano, acerca del valor y respeto por cada mujer y as\u00ed mismo lograr espacios de \u00a0convivencia, eliminando cualquier tipo de violencia en contra de las mujeres&#8230; enfatiz\u00f3 la Doctora Davila, directora de la Oficina De La mujer de la\u00a0Gobernaci\u00f3n Del Atlantico.<\/i><\/strong><\/p><\/blockquote>\n<p>Barranquilla &#8211; Noviembre 26 &#8211; 2024<\/p>\n<p>&nbsp;<\/p>\n<p><strong>Por: Lester Padilla Sanchez<\/strong><\/p>\n<p>En un sentido acto realizado en la Plaza De La Paz, en la tarde noche de ayer, la Oficina De La Mujer de la Gobernaci\u00f3n Del Atl\u00e1ntico liderada por la Doctora Mar\u012ba Lourdes D\u00e1vila, realiz\u00f3 un sentido acto de conmemoraci\u00f3n del d\u00eda internacional de la eliminaci\u00f3n \u00a0de la violencia contra la mujer, acto que cont\u00f3 con la participaci\u00f3n de familiares de v\u00edctimas de esta situaci\u00f3n, como tambi\u00e9n con representantes del Distrito De Barranquilla, Defensoria Del Pueblo y movimientos activistas en pro de la causa de la no violencia contra la mujer.<\/p>\n<p>En el acto se resaltaron las acciones que vienen realizando Gobernaci\u00f3n y Alcald\u00eda de Barranquilla para para prevenci\u00f3n y atenci\u00f3n de casos que se presenten en el tema. Se trata de trabajar constantemente \u00a0en campa\u00f1as que lleguen \u00a0a cada ciudadano acerca del valor y respeto por cada mujer, y as\u00ed mismo lograr espacios de convivencia eliminando cualquier tipo de violencia en contra de las mujeres&#8230; enfatizo la Doctora Davila.<\/p>\n<p><iframe loading=\"lazy\" title=\"Atl\u00e1ntico Conmemora El 25N, Con Homenaje A V\u00edctimas De Feminicidios\" width=\"640\" height=\"360\" src=\"https:\/\/www.youtube.com\/embed\/S-AjzdrFODw?feature=oembed\" frameborder=\"0\" allow=\"accelerometer; autoplay; clipboard-write; encrypted-media; gyroscope; picture-in-picture; web-share\" referrerpolicy=\"strict-origin-when-cross-origin\" allowfullscreen><\/iframe><\/p>\n<p>Seg\u00fan estad\u00edsticas de las organizaciones mundiales como Naciones Unidas, cada 10 minutos, se genera un feminicidio en cualquier parte del mundo, y cada gobierno debe implementar las acciones educativas pertinentes para con las mujeres en edad infantil, que generen prevenci\u00f3n ante este problema social.<\/p>\n<p>Las familias de las v\u00edctimas en el Atlantico y el Distrito, siguen aferradas a lograr que se haga justicia por parte los organismos del Estado, siguen confiando que las investigaciones de cada uno de sus casos tengan la culminaci\u00f3n pertinente que les traiga paz, ante la perdida de sus seres queridos.<\/p>\n<figure id=\"attachment_15463\" aria-describedby=\"caption-attachment-15463\" style=\"width: 2560px\" class=\"wp-caption alignleft\"><img loading=\"lazy\" decoding=\"async\" class=\"size-full wp-image-15463\" src=\"https:\/\/contrastes.com.co\/digital\/wp-content\/uploads\/2024\/11\/IMG_20241125_181248_034-scaled.jpg\" alt=\"\" width=\"2560\" height=\"1920\" srcset=\"https:\/\/contrastes.com.co\/digital\/wp-content\/uploads\/2024\/11\/IMG_20241125_181248_034-scaled.jpg 2560w, https:\/\/contrastes.com.co\/digital\/wp-content\/uploads\/2024\/11\/IMG_20241125_181248_034-300x225.jpg 300w, https:\/\/contrastes.com.co\/digital\/wp-content\/uploads\/2024\/11\/IMG_20241125_181248_034-1024x768.jpg 1024w, https:\/\/contrastes.com.co\/digital\/wp-content\/uploads\/2024\/11\/IMG_20241125_181248_034-768x576.jpg 768w, https:\/\/contrastes.com.co\/digital\/wp-content\/uploads\/2024\/11\/IMG_20241125_181248_034-1536x1152.jpg 1536w, https:\/\/contrastes.com.co\/digital\/wp-content\/uploads\/2024\/11\/IMG_20241125_181248_034-2048x1536.jpg 2048w, https:\/\/contrastes.com.co\/digital\/wp-content\/uploads\/2024\/11\/IMG_20241125_181248_034-136x102.jpg 136w\" sizes=\"auto, (max-width: 2560px) 100vw, 2560px\" \/><figcaption id=\"caption-attachment-15463\" class=\"wp-caption-text\">Mar\u00eda Lourdes D\u00e1vila, directora Oficina De La Mujer Gobernaci\u00f3n Del Atl\u00e1ntico.<\/figcaption><\/figure>\n<figure id=\"attachment_15464\" aria-describedby=\"caption-attachment-15464\" style=\"width: 2560px\" class=\"wp-caption alignleft\"><img loading=\"lazy\" decoding=\"async\" class=\"size-full wp-image-15464\" src=\"https:\/\/contrastes.com.co\/digital\/wp-content\/uploads\/2024\/11\/IMG_20241125_182943_628-scaled.jpg\" alt=\"\" width=\"2560\" height=\"1920\" srcset=\"https:\/\/contrastes.com.co\/digital\/wp-content\/uploads\/2024\/11\/IMG_20241125_182943_628-scaled.jpg 2560w, https:\/\/contrastes.com.co\/digital\/wp-content\/uploads\/2024\/11\/IMG_20241125_182943_628-300x225.jpg 300w, https:\/\/contrastes.com.co\/digital\/wp-content\/uploads\/2024\/11\/IMG_20241125_182943_628-1024x768.jpg 1024w, https:\/\/contrastes.com.co\/digital\/wp-content\/uploads\/2024\/11\/IMG_20241125_182943_628-768x576.jpg 768w, https:\/\/contrastes.com.co\/digital\/wp-content\/uploads\/2024\/11\/IMG_20241125_182943_628-1536x1152.jpg 1536w, https:\/\/contrastes.com.co\/digital\/wp-content\/uploads\/2024\/11\/IMG_20241125_182943_628-2048x1536.jpg 2048w, https:\/\/contrastes.com.co\/digital\/wp-content\/uploads\/2024\/11\/IMG_20241125_182943_628-136x102.jpg 136w\" sizes=\"auto, (max-width: 2560px) 100vw, 2560px\" \/><figcaption id=\"caption-attachment-15464\" class=\"wp-caption-text\">Las familias de las v\u00edctimas, siguen confiando en la justicia para cerrar sus c\u00edclos de dolor.<\/figcaption><\/figure>\n<figure id=\"attachment_15465\" aria-describedby=\"caption-attachment-15465\" style=\"width: 2560px\" class=\"wp-caption alignleft\"><img loading=\"lazy\" decoding=\"async\" class=\"size-full wp-image-15465\" src=\"https:\/\/contrastes.com.co\/digital\/wp-content\/uploads\/2024\/11\/IMG_20241125_183736_233-scaled.jpg\" alt=\"\" width=\"2560\" height=\"1920\" srcset=\"https:\/\/contrastes.com.co\/digital\/wp-content\/uploads\/2024\/11\/IMG_20241125_183736_233-scaled.jpg 2560w, https:\/\/contrastes.com.co\/digital\/wp-content\/uploads\/2024\/11\/IMG_20241125_183736_233-300x225.jpg 300w, https:\/\/contrastes.com.co\/digital\/wp-content\/uploads\/2024\/11\/IMG_20241125_183736_233-1024x768.jpg 1024w, https:\/\/contrastes.com.co\/digital\/wp-content\/uploads\/2024\/11\/IMG_20241125_183736_233-768x576.jpg 768w, https:\/\/contrastes.com.co\/digital\/wp-content\/uploads\/2024\/11\/IMG_20241125_183736_233-1536x1152.jpg 1536w, https:\/\/contrastes.com.co\/digital\/wp-content\/uploads\/2024\/11\/IMG_20241125_183736_233-2048x1536.jpg 2048w, https:\/\/contrastes.com.co\/digital\/wp-content\/uploads\/2024\/11\/IMG_20241125_183736_233-136x102.jpg 136w\" sizes=\"auto, (max-width: 2560px) 100vw, 2560px\" \/><figcaption id=\"caption-attachment-15465\" class=\"wp-caption-text\">La luz de la esperanza por la justicia de la violencia contra la mujer.<\/figcaption><\/figure>\n<p><img loading=\"lazy\" decoding=\"async\" class=\"alignleft size-full wp-image-15466\" src=\"https:\/\/contrastes.com.co\/digital\/wp-content\/uploads\/2024\/11\/IMG_20241125_185034_338-scaled.jpg\" alt=\"\" width=\"2560\" height=\"1920\" srcset=\"https:\/\/contrastes.com.co\/digital\/wp-content\/uploads\/2024\/11\/IMG_20241125_185034_338-scaled.jpg 2560w, https:\/\/contrastes.com.co\/digital\/wp-content\/uploads\/2024\/11\/IMG_20241125_185034_338-300x225.jpg 300w, https:\/\/contrastes.com.co\/digital\/wp-content\/uploads\/2024\/11\/IMG_20241125_185034_338-1024x768.jpg 1024w, https:\/\/contrastes.com.co\/digital\/wp-content\/uploads\/2024\/11\/IMG_20241125_185034_338-768x576.jpg 768w, https:\/\/contrastes.com.co\/digital\/wp-content\/uploads\/2024\/11\/IMG_20241125_185034_338-1536x1152.jpg 1536w, https:\/\/contrastes.com.co\/digital\/wp-content\/uploads\/2024\/11\/IMG_20241125_185034_338-2048x1536.jpg 2048w, https:\/\/contrastes.com.co\/digital\/wp-content\/uploads\/2024\/11\/IMG_20241125_185034_338-136x102.jpg 136w\" sizes=\"auto, (max-width: 2560px) 100vw, 2560px\" \/><\/p>\n<p>&nbsp;<\/p>\n<p>&nbsp;<\/p>\n","protected":false},"excerpt":{"rendered":"<p>Se trata de trabajar constantemente \u00a0en campa\u00f1as que lleguen a cada ciudadano, acerca del valor y respeto por cada mujer y as\u00ed mismo lograr espacios de \u00a0convivencia, eliminando cualquier tipo de violencia en contra de las mujeres&#8230; enfatiz\u00f3 la Doctora Davila, directora de la Oficina De La mujer de la\u00a0Gobernaci\u00f3n Del Atlantico. Barranquilla &#8211; Noviembre [&hellip;]<\/p>\n","protected":false},"author":1,"featured_media":15467,"comment_status":"open","ping_status":"open","sticky":false,"template":"","format":"standard","meta":{"footnotes":""},"categories":[85,2566,8887,1199,7611,3515,4210,163,533,10194,8850,973,235,4,6,3346,4995],"tags":[],"class_list":["post-15462","post","type-post","status-publish","format-standard","has-post-thumbnail","hentry","category-analisis","category-bienestar","category-colombia-hoy","category-contrastesradio","category-convivencia-y-cultura-ciudadana","category-derechos-humanos","category-diversidad","category-educacion","category-gestion-social","category-gobernacion-del-atlantico","category-lester-padilla","category-mujer","category-opinion","category-pais","category-region","category-television","category-television-web"],"_links":{"self":[{"href":"https:\/\/contrastes.com.co\/digital\/wp-json\/wp\/v2\/posts\/15462","targetHints":{"allow":["GET"]}}],"collection":[{"href":"https:\/\/contrastes.com.co\/digital\/wp-json\/wp\/v2\/posts"}],"about":[{"href":"https:\/\/contrastes.com.co\/digital\/wp-json\/wp\/v2\/types\/post"}],"author":[{"embeddable":true,"href":"https:\/\/contrastes.com.co\/digital\/wp-json\/wp\/v2\/users\/1"}],"replies":[{"embeddable":true,"href":"https:\/\/contrastes.com.co\/digital\/wp-json\/wp\/v2\/comments?post=15462"}],"version-history":[{"count":3,"href":"https:\/\/contrastes.com.co\/digital\/wp-json\/wp\/v2\/posts\/15462\/revisions"}],"predecessor-version":[{"id":15551,"href":"https:\/\/contrastes.com.co\/digital\/wp-json\/wp\/v2\/posts\/15462\/revisions\/15551"}],"wp:featuredmedia":[{"embeddable":true,"href":"https:\/\/contrastes.com.co\/digital\/wp-json\/wp\/v2\/media\/15467"}],"wp:attachment":[{"href":"https:\/\/contrastes.com.co\/digital\/wp-json\/wp\/v2\/media?parent=15462"}],"wp:term":[{"taxonomy":"category","embeddable":true,"href":"https:\/\/contrastes.com.co\/digital\/wp-json\/wp\/v2\/categories?post=15462"},{"taxonomy":"post_tag","embeddable":true,"href":"https:\/\/contrastes.com.co\/digital\/wp-json\/wp\/v2\/tags?post=15462"}],"curies":[{"name":"wp","href":"https:\/\/api.w.org\/{rel}","templated":true}]}}