{"id":15632,"date":"2025-01-10T14:13:27","date_gmt":"2025-01-10T19:13:27","guid":{"rendered":"https:\/\/contrastes.com.co\/digital\/?p=15632"},"modified":"2025-01-10T14:13:27","modified_gmt":"2025-01-10T19:13:27","slug":"victoria-y-samuel-reciben-decretos-e-izan-la-bandera-del-carnaval-de-los-ninos-2025","status":"publish","type":"post","link":"https:\/\/contrastes.com.co\/digital\/victoria-y-samuel-reciben-decretos-e-izan-la-bandera-del-carnaval-de-los-ninos-2025\/","title":{"rendered":"Victoria y Samuel reciben decretos e izan la bandera del Carnaval de los Ni\u00f1os 2025"},"content":{"rendered":"<p>&nbsp;<\/p>\n<blockquote><p><em><strong>Con este evento se da inicio a las actividades del Carnaval de los Ni\u00f1os 2025, que tendr\u00e1 una agenda que se vivir\u00e1 en diferentes escenarios de la ciudad.<\/strong><\/em><\/p>\n<p>&nbsp;<\/p><\/blockquote>\n<p>En medio de una tarde llena de alegr\u00eda, m\u00fasica y tradici\u00f3n, Victoria Ceballos Cure y Samuel Bermudez Cepeda y Roca, recibieron sus decretos que los acreditan como Reyes e izaron la bandera del Carnaval de los Ni\u00f1os 2025, dando as\u00ed apertura a la agenda para el goce de todos los carnavaleritos.<\/p>\n<p>La Casa del Carnaval fue el escenario que recibi\u00f3 el talento de los grupos folcl\u00f3ricos y art\u00edsticos como los Criticones del Caro, la Escuela de Danzas Monica Lindo, el Garabatico de la 8, el grupo de comedias del Instituto El Ni\u00f1o Jesus, las Negritas Puloy de la Escuela de Danza Nancy Zamora y la participaci\u00f3n especial del grupo Mestizaje Semillero Negro, homenajeado en el marco del evento por su compromiso con la preservaci\u00f3n de la tradici\u00f3n desde su fundaci\u00f3n en 1982 bajo la direcci\u00f3n del maestro Jos\u00e9 Miguel P\u00e9rez C\u00e1ceres.<\/p>\n<p>Victoria y Samuel recibieron el decreto en manos de la Reina del Carnaval de Barranquilla, Tatiana Angulo Fernandez de Castro y el Rey Momo Gabriel Marriaga Tejada, acompa\u00f1ados del Secretario de Cultura, Juan Carlos Ospina y la Primera Dama, Katia Nule. Junto a los semilleros, izaron la bandera en la esquina m\u00e1s carnavalera del Barrio Abajo, como acto simb\u00f3lico que afirma la participaci\u00f3n de los carnavaleritos en el Carnaval de Barranquilla 2025.<\/p>\n<div id='gallery-1' class='gallery galleryid-15632 gallery-columns-1 gallery-size-large'><figure class='gallery-item'>\n\t\t\t<div class='gallery-icon landscape'>\n\t\t\t\t<a href='https:\/\/contrastes.com.co\/digital\/victoria-y-samuel-reciben-decretos-e-izan-la-bandera-del-carnaval-de-los-ninos-2025\/whatsapp-image-2025-01-09-at-6-09-35-pm\/'><img loading=\"lazy\" decoding=\"async\" width=\"640\" height=\"426\" src=\"https:\/\/contrastes.com.co\/digital\/wp-content\/uploads\/2025\/01\/WhatsApp-Image-2025-01-09-at-6.09.35-PM-1024x682.jpeg\" class=\"attachment-large size-large\" alt=\"\" srcset=\"https:\/\/contrastes.com.co\/digital\/wp-content\/uploads\/2025\/01\/WhatsApp-Image-2025-01-09-at-6.09.35-PM-1024x682.jpeg 1024w, https:\/\/contrastes.com.co\/digital\/wp-content\/uploads\/2025\/01\/WhatsApp-Image-2025-01-09-at-6.09.35-PM-300x200.jpeg 300w, https:\/\/contrastes.com.co\/digital\/wp-content\/uploads\/2025\/01\/WhatsApp-Image-2025-01-09-at-6.09.35-PM-768x512.jpeg 768w, https:\/\/contrastes.com.co\/digital\/wp-content\/uploads\/2025\/01\/WhatsApp-Image-2025-01-09-at-6.09.35-PM-1536x1023.jpeg 1536w, https:\/\/contrastes.com.co\/digital\/wp-content\/uploads\/2025\/01\/WhatsApp-Image-2025-01-09-at-6.09.35-PM.jpeg 1600w\" sizes=\"auto, (max-width: 640px) 100vw, 640px\" \/><\/a>\n\t\t\t<\/div><\/figure>\n\t\t<\/div>\n\n<p>Durante la intervenci\u00f3n los Reyes del Carnaval de los Ni\u00f1os Victoria y Samuel, manifestaron su alegr\u00eda y compromiso con la fiesta de los ni\u00f1os: \u201cEstamos orgullosos de celebrar los 35 a\u00f1os del Carnaval de los Ni\u00f1os promoviendo la tradici\u00f3n, la buena convivencia y la alegr\u00eda de ser ni\u00f1os, sabemos que esta es una gran responsabilidad, por eso prometemos seguir trabajando como desde el primer d\u00eda para que todos los ni\u00f1os disfrutemos del Carnaval 2025 sanamente en familia, porque este ser\u00e1 un Carnaval pa so\u00f1arlo y bailarlo todos\u201d.<\/p>\n<p>Con este evento se da inicio a las actividades del Carnaval de los Ni\u00f1os 2025, que tendr\u00e1 una agenda que se vivir\u00e1 en diferentes escenarios de la ciudad, llevando la alegr\u00eda de los semilleros a Paco Pacos en parques y centros comerciales, su Coronaci\u00f3n el domingo 2 de febrero y el tradicional desfile el domingo 16 de febrero por la carrera 53 hasta el Barrio Abajo.<\/p>\n","protected":false},"excerpt":{"rendered":"<p>&nbsp; Con este evento se da inicio a las actividades del Carnaval de los Ni\u00f1os 2025, que tendr\u00e1 una agenda que se vivir\u00e1 en diferentes escenarios de la ciudad. &nbsp; En medio de una tarde llena de alegr\u00eda, m\u00fasica y tradici\u00f3n, Victoria Ceballos Cure y Samuel Bermudez Cepeda y Roca, recibieron sus decretos que los [&hellip;]<\/p>\n","protected":false},"author":5,"featured_media":15635,"comment_status":"open","ping_status":"open","sticky":false,"template":"","format":"standard","meta":{"footnotes":""},"categories":[10001,1769,64,7475,2071,1004,235,4],"tags":[],"class_list":["post-15632","post","type-post","status-publish","format-standard","has-post-thumbnail","hentry","category-alcaldia-de-soledad","category-carnaval","category-cultura","category-cultura-ciudadana","category-infancia","category-juventud","category-opinion","category-pais"],"_links":{"self":[{"href":"https:\/\/contrastes.com.co\/digital\/wp-json\/wp\/v2\/posts\/15632","targetHints":{"allow":["GET"]}}],"collection":[{"href":"https:\/\/contrastes.com.co\/digital\/wp-json\/wp\/v2\/posts"}],"about":[{"href":"https:\/\/contrastes.com.co\/digital\/wp-json\/wp\/v2\/types\/post"}],"author":[{"embeddable":true,"href":"https:\/\/contrastes.com.co\/digital\/wp-json\/wp\/v2\/users\/5"}],"replies":[{"embeddable":true,"href":"https:\/\/contrastes.com.co\/digital\/wp-json\/wp\/v2\/comments?post=15632"}],"version-history":[{"count":1,"href":"https:\/\/contrastes.com.co\/digital\/wp-json\/wp\/v2\/posts\/15632\/revisions"}],"predecessor-version":[{"id":15636,"href":"https:\/\/contrastes.com.co\/digital\/wp-json\/wp\/v2\/posts\/15632\/revisions\/15636"}],"wp:featuredmedia":[{"embeddable":true,"href":"https:\/\/contrastes.com.co\/digital\/wp-json\/wp\/v2\/media\/15635"}],"wp:attachment":[{"href":"https:\/\/contrastes.com.co\/digital\/wp-json\/wp\/v2\/media?parent=15632"}],"wp:term":[{"taxonomy":"category","embeddable":true,"href":"https:\/\/contrastes.com.co\/digital\/wp-json\/wp\/v2\/categories?post=15632"},{"taxonomy":"post_tag","embeddable":true,"href":"https:\/\/contrastes.com.co\/digital\/wp-json\/wp\/v2\/tags?post=15632"}],"curies":[{"name":"wp","href":"https:\/\/api.w.org\/{rel}","templated":true}]}}