{"id":15643,"date":"2025-01-12T19:34:40","date_gmt":"2025-01-13T00:34:40","guid":{"rendered":"https:\/\/contrastes.com.co\/digital\/?p=15643"},"modified":"2025-01-12T19:34:40","modified_gmt":"2025-01-13T00:34:40","slug":"en-la-casa-del-rey-momo-la-cumbia-empieza-a-hondear-sus-banderas","status":"publish","type":"post","link":"https:\/\/contrastes.com.co\/digital\/en-la-casa-del-rey-momo-la-cumbia-empieza-a-hondear-sus-banderas\/","title":{"rendered":"En la casa del Rey Momo, la cumbia empieza a hondear sus banderas"},"content":{"rendered":"<p>Barranquilla, 12 de enero de 2025.<\/p>\n<blockquote><p><em><strong>En una noche llena de tradici\u00f3n, el Rey Momo del Carnaval de Barranquilla, Gabriel Marriaga Tejada iz\u00f3 la bandera de la Cumbiamba el Cumbi\u00f3n de Oro en el emblem\u00e1tico sector cumbiambero de 7 Bocas, junto al Monumento a la Cumbia.<\/strong><\/em><\/p><\/blockquote>\n<p>Este evento que inaugura las izadas de cumbiambas, se realiz\u00f3 bajo la direcci\u00f3n y liderazgo de Marriaga, fundador de esta cumbiamba que, en este 2025, celebra 42 a\u00f1os de historia.<\/p>\n<p>A lo largo de esta celebraci\u00f3n, que cont\u00f3 con el respaldo de la Secretar\u00eda de Cultura y Patrimonio de Barranquilla y la Organizaci\u00f3n Carnaval de Barranquilla SAS, las 64 parejas del Cumbi\u00f3n de Oro, junto a m\u00fasicos y bailarines, se unieron para rendir homenaje a la cumbia, coreando y bailando al son de la flauta, el millo y las polleras.<\/p>\n<div id='gallery-1' class='gallery galleryid-15643 gallery-columns-1 gallery-size-large'><figure class='gallery-item'>\n\t\t\t<div class='gallery-icon landscape'>\n\t\t\t\t<a href='https:\/\/contrastes.com.co\/digital\/en-la-casa-del-rey-momo-la-cumbia-empieza-a-hondear-sus-banderas\/whatsapp-image-2025-01-11-at-7-18-23-am\/'><img loading=\"lazy\" decoding=\"async\" width=\"640\" height=\"426\" src=\"https:\/\/contrastes.com.co\/digital\/wp-content\/uploads\/2025\/01\/WhatsApp-Image-2025-01-11-at-7.18.23-AM-1024x682.jpeg\" class=\"attachment-large size-large\" alt=\"\" srcset=\"https:\/\/contrastes.com.co\/digital\/wp-content\/uploads\/2025\/01\/WhatsApp-Image-2025-01-11-at-7.18.23-AM-1024x682.jpeg 1024w, https:\/\/contrastes.com.co\/digital\/wp-content\/uploads\/2025\/01\/WhatsApp-Image-2025-01-11-at-7.18.23-AM-300x200.jpeg 300w, https:\/\/contrastes.com.co\/digital\/wp-content\/uploads\/2025\/01\/WhatsApp-Image-2025-01-11-at-7.18.23-AM-768x512.jpeg 768w, https:\/\/contrastes.com.co\/digital\/wp-content\/uploads\/2025\/01\/WhatsApp-Image-2025-01-11-at-7.18.23-AM-1536x1023.jpeg 1536w, https:\/\/contrastes.com.co\/digital\/wp-content\/uploads\/2025\/01\/WhatsApp-Image-2025-01-11-at-7.18.23-AM.jpeg 1600w\" sizes=\"auto, (max-width: 640px) 100vw, 640px\" \/><\/a>\n\t\t\t<\/div><\/figure><figure class='gallery-item'>\n\t\t\t<div class='gallery-icon landscape'>\n\t\t\t\t<a href='https:\/\/contrastes.com.co\/digital\/en-la-casa-del-rey-momo-la-cumbia-empieza-a-hondear-sus-banderas\/whatsapp-image-2025-01-11-at-7-18-29-am\/'><img loading=\"lazy\" decoding=\"async\" width=\"640\" height=\"426\" src=\"https:\/\/contrastes.com.co\/digital\/wp-content\/uploads\/2025\/01\/WhatsApp-Image-2025-01-11-at-7.18.29-AM-1024x682.jpeg\" class=\"attachment-large size-large\" alt=\"\" srcset=\"https:\/\/contrastes.com.co\/digital\/wp-content\/uploads\/2025\/01\/WhatsApp-Image-2025-01-11-at-7.18.29-AM-1024x682.jpeg 1024w, https:\/\/contrastes.com.co\/digital\/wp-content\/uploads\/2025\/01\/WhatsApp-Image-2025-01-11-at-7.18.29-AM-300x200.jpeg 300w, https:\/\/contrastes.com.co\/digital\/wp-content\/uploads\/2025\/01\/WhatsApp-Image-2025-01-11-at-7.18.29-AM-768x512.jpeg 768w, https:\/\/contrastes.com.co\/digital\/wp-content\/uploads\/2025\/01\/WhatsApp-Image-2025-01-11-at-7.18.29-AM-1536x1023.jpeg 1536w, https:\/\/contrastes.com.co\/digital\/wp-content\/uploads\/2025\/01\/WhatsApp-Image-2025-01-11-at-7.18.29-AM.jpeg 1600w\" sizes=\"auto, (max-width: 640px) 100vw, 640px\" \/><\/a>\n\t\t\t<\/div><\/figure><figure class='gallery-item'>\n\t\t\t<div class='gallery-icon landscape'>\n\t\t\t\t<a href='https:\/\/contrastes.com.co\/digital\/en-la-casa-del-rey-momo-la-cumbia-empieza-a-hondear-sus-banderas\/whatsapp-image-2025-01-11-at-7-18-08-am\/'><img loading=\"lazy\" decoding=\"async\" width=\"640\" height=\"426\" src=\"https:\/\/contrastes.com.co\/digital\/wp-content\/uploads\/2025\/01\/WhatsApp-Image-2025-01-11-at-7.18.08-AM-1024x682.jpeg\" class=\"attachment-large size-large\" alt=\"\" srcset=\"https:\/\/contrastes.com.co\/digital\/wp-content\/uploads\/2025\/01\/WhatsApp-Image-2025-01-11-at-7.18.08-AM-1024x682.jpeg 1024w, https:\/\/contrastes.com.co\/digital\/wp-content\/uploads\/2025\/01\/WhatsApp-Image-2025-01-11-at-7.18.08-AM-300x200.jpeg 300w, https:\/\/contrastes.com.co\/digital\/wp-content\/uploads\/2025\/01\/WhatsApp-Image-2025-01-11-at-7.18.08-AM-768x512.jpeg 768w, https:\/\/contrastes.com.co\/digital\/wp-content\/uploads\/2025\/01\/WhatsApp-Image-2025-01-11-at-7.18.08-AM-1536x1023.jpeg 1536w, https:\/\/contrastes.com.co\/digital\/wp-content\/uploads\/2025\/01\/WhatsApp-Image-2025-01-11-at-7.18.08-AM.jpeg 1600w\" sizes=\"auto, (max-width: 640px) 100vw, 640px\" \/><\/a>\n\t\t\t<\/div><\/figure><figure class='gallery-item'>\n\t\t\t<div class='gallery-icon landscape'>\n\t\t\t\t<a href='https:\/\/contrastes.com.co\/digital\/en-la-casa-del-rey-momo-la-cumbia-empieza-a-hondear-sus-banderas\/whatsapp-image-2025-01-11-at-7-18-03-am\/'><img loading=\"lazy\" decoding=\"async\" width=\"640\" height=\"426\" src=\"https:\/\/contrastes.com.co\/digital\/wp-content\/uploads\/2025\/01\/WhatsApp-Image-2025-01-11-at-7.18.03-AM-1024x682.jpeg\" class=\"attachment-large size-large\" alt=\"\" srcset=\"https:\/\/contrastes.com.co\/digital\/wp-content\/uploads\/2025\/01\/WhatsApp-Image-2025-01-11-at-7.18.03-AM-1024x682.jpeg 1024w, https:\/\/contrastes.com.co\/digital\/wp-content\/uploads\/2025\/01\/WhatsApp-Image-2025-01-11-at-7.18.03-AM-300x200.jpeg 300w, https:\/\/contrastes.com.co\/digital\/wp-content\/uploads\/2025\/01\/WhatsApp-Image-2025-01-11-at-7.18.03-AM-768x512.jpeg 768w, https:\/\/contrastes.com.co\/digital\/wp-content\/uploads\/2025\/01\/WhatsApp-Image-2025-01-11-at-7.18.03-AM-1536x1023.jpeg 1536w, https:\/\/contrastes.com.co\/digital\/wp-content\/uploads\/2025\/01\/WhatsApp-Image-2025-01-11-at-7.18.03-AM.jpeg 1600w\" sizes=\"auto, (max-width: 640px) 100vw, 640px\" \/><\/a>\n\t\t\t<\/div><\/figure>\n\t\t<\/div>\n\n<p>&nbsp;<\/p>\n<p><strong>HOMENAJE DE LAS CUMBIAMBAS , AL CUMBION DE ORO<\/strong><\/p>\n<p>Un momento destacado fue el sentido homenaje que hicieron los integrantes del Cumbion a este Cancaman de la tradici\u00f3n, quien agradeci\u00f3 a todos los presentes, entre ellos directores de cumbiambas por el apoyo que a\u00f1o tras a\u00f1o le han brindado a esta cultura carnavalera.<\/p>\n<p>\u201cEs un honor esta noche como cumbiamberos mostrar nuestras ra\u00edces. Hemos venido a compartir este momento tan significativo para mi Cumbi\u00f3n que cumple 42 a\u00f1os de estar participando activamente en el carnaval de Barranquilla\u201d, expres\u00f3 el rey.<\/p>\n<p>La noche cont\u00f3 con la presencia de invitados especiales, como Juan Carlos Ospino, Secretario de Cultura del Distrito; Ver\u00f3nica Cantillo, Secretaria de Cultura Departamental; la Reina del Carnaval de Barranquilla 2025, Tatiana \u00c1ngulo Fern\u00e1ndez de Castro, y los Reyes del Carnaval de los Ni\u00f1os 2025, Victoria Ceballos Cure y Samuel Berm\u00fadez Cepeda y Roca, quienes junto al Rey Momo Gabriel Marriaga y al Cumbi\u00f3n de Oro, izaron la bandera que da inicio oficial a la fiesta cumbiambera.<\/p>\n<div id='gallery-2' class='gallery galleryid-15643 gallery-columns-3 gallery-size-thumbnail'><figure class='gallery-item'>\n\t\t\t<div class='gallery-icon landscape'>\n\t\t\t\t<a href='https:\/\/contrastes.com.co\/digital\/en-la-casa-del-rey-momo-la-cumbia-empieza-a-hondear-sus-banderas\/whatsapp-image-2025-01-12-at-10-52-20-am\/'><img loading=\"lazy\" decoding=\"async\" width=\"150\" height=\"150\" src=\"https:\/\/contrastes.com.co\/digital\/wp-content\/uploads\/2025\/01\/WhatsApp-Image-2025-01-12-at-10.52.20-AM-150x150.jpeg\" class=\"attachment-thumbnail size-thumbnail\" alt=\"\" srcset=\"https:\/\/contrastes.com.co\/digital\/wp-content\/uploads\/2025\/01\/WhatsApp-Image-2025-01-12-at-10.52.20-AM-150x150.jpeg 150w, https:\/\/contrastes.com.co\/digital\/wp-content\/uploads\/2025\/01\/WhatsApp-Image-2025-01-12-at-10.52.20-AM-60x60.jpeg 60w, https:\/\/contrastes.com.co\/digital\/wp-content\/uploads\/2025\/01\/WhatsApp-Image-2025-01-12-at-10.52.20-AM-300x300.jpeg 300w, https:\/\/contrastes.com.co\/digital\/wp-content\/uploads\/2025\/01\/WhatsApp-Image-2025-01-12-at-10.52.20-AM-600x600.jpeg 600w, https:\/\/contrastes.com.co\/digital\/wp-content\/uploads\/2025\/01\/WhatsApp-Image-2025-01-12-at-10.52.20-AM-1024x1024.jpeg 1024w\" sizes=\"auto, (max-width: 150px) 100vw, 150px\" \/><\/a>\n\t\t\t<\/div><\/figure><figure class='gallery-item'>\n\t\t\t<div class='gallery-icon landscape'>\n\t\t\t\t<a href='https:\/\/contrastes.com.co\/digital\/en-la-casa-del-rey-momo-la-cumbia-empieza-a-hondear-sus-banderas\/whatsapp-image-2025-01-12-at-10-52-23-am\/'><img loading=\"lazy\" decoding=\"async\" width=\"150\" height=\"150\" src=\"https:\/\/contrastes.com.co\/digital\/wp-content\/uploads\/2025\/01\/WhatsApp-Image-2025-01-12-at-10.52.23-AM-150x150.jpeg\" class=\"attachment-thumbnail size-thumbnail\" alt=\"\" srcset=\"https:\/\/contrastes.com.co\/digital\/wp-content\/uploads\/2025\/01\/WhatsApp-Image-2025-01-12-at-10.52.23-AM-150x150.jpeg 150w, https:\/\/contrastes.com.co\/digital\/wp-content\/uploads\/2025\/01\/WhatsApp-Image-2025-01-12-at-10.52.23-AM-60x60.jpeg 60w, https:\/\/contrastes.com.co\/digital\/wp-content\/uploads\/2025\/01\/WhatsApp-Image-2025-01-12-at-10.52.23-AM-300x300.jpeg 300w, https:\/\/contrastes.com.co\/digital\/wp-content\/uploads\/2025\/01\/WhatsApp-Image-2025-01-12-at-10.52.23-AM-600x600.jpeg 600w, https:\/\/contrastes.com.co\/digital\/wp-content\/uploads\/2025\/01\/WhatsApp-Image-2025-01-12-at-10.52.23-AM-1024x1024.jpeg 1024w\" sizes=\"auto, (max-width: 150px) 100vw, 150px\" \/><\/a>\n\t\t\t<\/div><\/figure><figure class='gallery-item'>\n\t\t\t<div class='gallery-icon landscape'>\n\t\t\t\t<a href='https:\/\/contrastes.com.co\/digital\/en-la-casa-del-rey-momo-la-cumbia-empieza-a-hondear-sus-banderas\/whatsapp-image-2025-01-12-at-10-52-12-am\/'><img loading=\"lazy\" decoding=\"async\" width=\"150\" height=\"150\" src=\"https:\/\/contrastes.com.co\/digital\/wp-content\/uploads\/2025\/01\/WhatsApp-Image-2025-01-12-at-10.52.12-AM-150x150.jpeg\" class=\"attachment-thumbnail size-thumbnail\" alt=\"\" srcset=\"https:\/\/contrastes.com.co\/digital\/wp-content\/uploads\/2025\/01\/WhatsApp-Image-2025-01-12-at-10.52.12-AM-150x150.jpeg 150w, https:\/\/contrastes.com.co\/digital\/wp-content\/uploads\/2025\/01\/WhatsApp-Image-2025-01-12-at-10.52.12-AM-60x60.jpeg 60w, https:\/\/contrastes.com.co\/digital\/wp-content\/uploads\/2025\/01\/WhatsApp-Image-2025-01-12-at-10.52.12-AM-300x300.jpeg 300w, https:\/\/contrastes.com.co\/digital\/wp-content\/uploads\/2025\/01\/WhatsApp-Image-2025-01-12-at-10.52.12-AM-600x600.jpeg 600w, https:\/\/contrastes.com.co\/digital\/wp-content\/uploads\/2025\/01\/WhatsApp-Image-2025-01-12-at-10.52.12-AM-1024x1024.jpeg 1024w\" sizes=\"auto, (max-width: 150px) 100vw, 150px\" \/><\/a>\n\t\t\t<\/div><\/figure><figure class='gallery-item'>\n\t\t\t<div class='gallery-icon landscape'>\n\t\t\t\t<a href='https:\/\/contrastes.com.co\/digital\/en-la-casa-del-rey-momo-la-cumbia-empieza-a-hondear-sus-banderas\/whatsapp-image-2025-01-12-at-10-52-09-am\/'><img loading=\"lazy\" decoding=\"async\" width=\"150\" height=\"150\" src=\"https:\/\/contrastes.com.co\/digital\/wp-content\/uploads\/2025\/01\/WhatsApp-Image-2025-01-12-at-10.52.09-AM-150x150.jpeg\" class=\"attachment-thumbnail size-thumbnail\" alt=\"\" srcset=\"https:\/\/contrastes.com.co\/digital\/wp-content\/uploads\/2025\/01\/WhatsApp-Image-2025-01-12-at-10.52.09-AM-150x150.jpeg 150w, https:\/\/contrastes.com.co\/digital\/wp-content\/uploads\/2025\/01\/WhatsApp-Image-2025-01-12-at-10.52.09-AM-60x60.jpeg 60w, https:\/\/contrastes.com.co\/digital\/wp-content\/uploads\/2025\/01\/WhatsApp-Image-2025-01-12-at-10.52.09-AM-300x300.jpeg 300w, https:\/\/contrastes.com.co\/digital\/wp-content\/uploads\/2025\/01\/WhatsApp-Image-2025-01-12-at-10.52.09-AM-600x600.jpeg 600w, https:\/\/contrastes.com.co\/digital\/wp-content\/uploads\/2025\/01\/WhatsApp-Image-2025-01-12-at-10.52.09-AM-1024x1024.jpeg 1024w\" sizes=\"auto, (max-width: 150px) 100vw, 150px\" \/><\/a>\n\t\t\t<\/div><\/figure><figure class='gallery-item'>\n\t\t\t<div class='gallery-icon landscape'>\n\t\t\t\t<a href='https:\/\/contrastes.com.co\/digital\/en-la-casa-del-rey-momo-la-cumbia-empieza-a-hondear-sus-banderas\/whatsapp-image-2025-01-12-at-10-52-06-am\/'><img loading=\"lazy\" decoding=\"async\" width=\"150\" height=\"150\" src=\"https:\/\/contrastes.com.co\/digital\/wp-content\/uploads\/2025\/01\/WhatsApp-Image-2025-01-12-at-10.52.06-AM-150x150.jpeg\" class=\"attachment-thumbnail size-thumbnail\" alt=\"\" srcset=\"https:\/\/contrastes.com.co\/digital\/wp-content\/uploads\/2025\/01\/WhatsApp-Image-2025-01-12-at-10.52.06-AM-150x150.jpeg 150w, https:\/\/contrastes.com.co\/digital\/wp-content\/uploads\/2025\/01\/WhatsApp-Image-2025-01-12-at-10.52.06-AM-60x60.jpeg 60w, https:\/\/contrastes.com.co\/digital\/wp-content\/uploads\/2025\/01\/WhatsApp-Image-2025-01-12-at-10.52.06-AM-300x300.jpeg 300w, https:\/\/contrastes.com.co\/digital\/wp-content\/uploads\/2025\/01\/WhatsApp-Image-2025-01-12-at-10.52.06-AM-600x600.jpeg 600w, https:\/\/contrastes.com.co\/digital\/wp-content\/uploads\/2025\/01\/WhatsApp-Image-2025-01-12-at-10.52.06-AM-1024x1024.jpeg 1024w\" sizes=\"auto, (max-width: 150px) 100vw, 150px\" \/><\/a>\n\t\t\t<\/div><\/figure><figure class='gallery-item'>\n\t\t\t<div class='gallery-icon portrait'>\n\t\t\t\t<a href='https:\/\/contrastes.com.co\/digital\/en-la-casa-del-rey-momo-la-cumbia-empieza-a-hondear-sus-banderas\/whatsapp-image-2025-01-12-at-10-52-04-am\/'><img loading=\"lazy\" decoding=\"async\" width=\"150\" height=\"150\" src=\"https:\/\/contrastes.com.co\/digital\/wp-content\/uploads\/2025\/01\/WhatsApp-Image-2025-01-12-at-10.52.04-AM-150x150.jpeg\" class=\"attachment-thumbnail size-thumbnail\" alt=\"\" srcset=\"https:\/\/contrastes.com.co\/digital\/wp-content\/uploads\/2025\/01\/WhatsApp-Image-2025-01-12-at-10.52.04-AM-150x150.jpeg 150w, https:\/\/contrastes.com.co\/digital\/wp-content\/uploads\/2025\/01\/WhatsApp-Image-2025-01-12-at-10.52.04-AM-60x60.jpeg 60w, https:\/\/contrastes.com.co\/digital\/wp-content\/uploads\/2025\/01\/WhatsApp-Image-2025-01-12-at-10.52.04-AM-300x300.jpeg 300w, https:\/\/contrastes.com.co\/digital\/wp-content\/uploads\/2025\/01\/WhatsApp-Image-2025-01-12-at-10.52.04-AM-600x600.jpeg 600w, https:\/\/contrastes.com.co\/digital\/wp-content\/uploads\/2025\/01\/WhatsApp-Image-2025-01-12-at-10.52.04-AM-1024x1024.jpeg 1024w\" sizes=\"auto, (max-width: 150px) 100vw, 150px\" \/><\/a>\n\t\t\t<\/div><\/figure>\n\t\t<\/div>\n\n<p>La Cumbiamba \u2018La Gigantona\u2019 tambi\u00e9n estuvo presente en este evento, rindiendo homenaje al Rey Momo con una noche de baile, donde los cumbiamberos y los asistentes pudieron disfrutar de un ambiente iluminado por las luces de las velas. Adem\u00e1s, acompa\u00f1ados por los sones de la m\u00fasica de la cumbiamba \u2018La Misma Vaina\u2019 la cumbia vibr\u00f3 con fuerza en esta fiesta tradicional de Siete Bocas.<\/p>\n<p>El evento tambi\u00e9n cont\u00f3 con la participaci\u00f3n especial del grupo oficial del \u2018Cumbi\u00f3n de Oro\u2019, dirigido por el reconocido m\u00fasico Tom\u00e1s Teher\u00e1n, conocido como \u2018Batata\u2019.<\/p>\n<p>La Izada de Bandera del \u2018Cumbi\u00f3n de Oro\u2019 se convierte en el comienzo de un a\u00f1o lleno de celebraciones, donde la cumbia, el folclor y la cultura barranquillera seguir\u00e1n siendo los grandes protagonistas de la fiesta m\u00e1s esperada de Colombia. Al comp\u00e1s de la cumbia, Barranquilla da inicio a la temporada carnavalera que promete ser inolvidable<\/p>\n<p>&nbsp;<\/p>\n<p><strong>IZADAS DE BANDERAS EN SEDE DE LAS CUMBIAMBAS<\/strong><\/p>\n<p>Su majestad la cumbia fue la gran protagonista de este recorrido de izadas que se inici\u00f3 3:00 p. m., con la Cumbiamba La Vaina Ya Se Form\u00f3 en el barrio Por Fin. A continuaci\u00f3n, la Cumbiamba La Soberana, vibr\u00f3 con el palpitar de la cumbia y reuni\u00f3 a bailadores y seguidores de este ritmo en el barrio Chiquinquir\u00e1.<\/p>\n<p>En la noche, los velones se alzaron en el sector carnavalero de Barrio Abajo, donde la Cumbiamba El Ca\u00f1onazo brill\u00f3 con toda su majestuosidad, en un evento cargado de alegr\u00eda y colorido que cont\u00f3 con la presencia del director de la organizaci\u00f3n Carnaval de Barranquilla, Juan Jos\u00e9 Jaramillo.<\/p>\n<p>La jornada culmin\u00f3 en el barrio Las Nieves con la izada de bandera de El Gallo Giro en una explosi\u00f3n de cultura y tradici\u00f3n donde los reyes fueron recibidos con una calle de honor a la luz de las velas, al son del millo, la tambora, cerrando una noche llena de magia, folclor y mucha<\/p>\n<p>&nbsp;<\/p>\n","protected":false},"excerpt":{"rendered":"<p>Barranquilla, 12 de enero de 2025. En una noche llena de tradici\u00f3n, el Rey Momo del Carnaval de Barranquilla, Gabriel Marriaga Tejada iz\u00f3 la bandera de la Cumbiamba el Cumbi\u00f3n de Oro en el emblem\u00e1tico sector cumbiambero de 7 Bocas, junto al Monumento a la Cumbia. Este evento que inaugura las izadas de cumbiambas, se [&hellip;]<\/p>\n","protected":false},"author":5,"featured_media":15647,"comment_status":"open","ping_status":"open","sticky":false,"template":"","format":"standard","meta":{"footnotes":""},"categories":[6965,1769,8887,7611,64,9593,8850,235,4],"tags":[],"class_list":["post-15643","post","type-post","status-publish","format-standard","has-post-thumbnail","hentry","category-arte","category-carnaval","category-colombia-hoy","category-convivencia-y-cultura-ciudadana","category-cultura","category-folclor","category-lester-padilla","category-opinion","category-pais"],"_links":{"self":[{"href":"https:\/\/contrastes.com.co\/digital\/wp-json\/wp\/v2\/posts\/15643","targetHints":{"allow":["GET"]}}],"collection":[{"href":"https:\/\/contrastes.com.co\/digital\/wp-json\/wp\/v2\/posts"}],"about":[{"href":"https:\/\/contrastes.com.co\/digital\/wp-json\/wp\/v2\/types\/post"}],"author":[{"embeddable":true,"href":"https:\/\/contrastes.com.co\/digital\/wp-json\/wp\/v2\/users\/5"}],"replies":[{"embeddable":true,"href":"https:\/\/contrastes.com.co\/digital\/wp-json\/wp\/v2\/comments?post=15643"}],"version-history":[{"count":1,"href":"https:\/\/contrastes.com.co\/digital\/wp-json\/wp\/v2\/posts\/15643\/revisions"}],"predecessor-version":[{"id":15657,"href":"https:\/\/contrastes.com.co\/digital\/wp-json\/wp\/v2\/posts\/15643\/revisions\/15657"}],"wp:featuredmedia":[{"embeddable":true,"href":"https:\/\/contrastes.com.co\/digital\/wp-json\/wp\/v2\/media\/15647"}],"wp:attachment":[{"href":"https:\/\/contrastes.com.co\/digital\/wp-json\/wp\/v2\/media?parent=15643"}],"wp:term":[{"taxonomy":"category","embeddable":true,"href":"https:\/\/contrastes.com.co\/digital\/wp-json\/wp\/v2\/categories?post=15643"},{"taxonomy":"post_tag","embeddable":true,"href":"https:\/\/contrastes.com.co\/digital\/wp-json\/wp\/v2\/tags?post=15643"}],"curies":[{"name":"wp","href":"https:\/\/api.w.org\/{rel}","templated":true}]}}