{"id":15740,"date":"2025-01-28T17:27:36","date_gmt":"2025-01-28T22:27:36","guid":{"rendered":"https:\/\/contrastes.com.co\/digital\/?p=15740"},"modified":"2025-01-28T17:37:36","modified_gmt":"2025-01-28T22:37:36","slug":"opinion-la-revocatoria-no-es-como-la-pintan","status":"publish","type":"post","link":"https:\/\/contrastes.com.co\/digital\/opinion-la-revocatoria-no-es-como-la-pintan\/","title":{"rendered":"OPINI\u00d3N: La \u00abrevocatoria\u00bb no es como la pintan"},"content":{"rendered":"<p><strong>OPINI\u00d3N: La revocatoria no es como la pintan<\/strong><\/p>\n<blockquote><p><strong><em>Esto de las \u201crevocatorias\u201d se ha convertido en un recurso constante en Soledad, muy a pesar de las remotas posibilidades de \u00e9xito que las mismas tienen. De hecho, en Colombia solo dos procesos de revocatoria han tenido \u00e9xito; la primera fue en el a\u00f1o 2018 en el municipio de Tasco, una localidad de apenas 2.530 habitantes en el departamento de Boyac\u00e1; mientras que el segundo proceso que culmin\u00f3 revocando al alcalde electo fue en el a\u00f1o 2022 y ocurri\u00f3 en Susa &#8211; Cundinamarca, un municipio que cuenta con 6.079 almas.<\/em><\/strong><\/p><\/blockquote>\n<p><strong><img loading=\"lazy\" decoding=\"async\" class=\"alignleft wp-image-14337\" src=\"https:\/\/contrastes.com.co\/digital\/wp-content\/uploads\/2023\/06\/nuevaguillo.png\" alt=\"nuevaguillo2023\" width=\"118\" height=\"110\" \/><\/strong><\/p>\n<p>&nbsp;<\/p>\n<p>&nbsp;<\/p>\n<p>&nbsp;<\/p>\n<p>&nbsp;<\/p>\n<p><strong>Por Guillermo Le\u00f3n Pantoja<\/strong><\/p>\n<p><img loading=\"lazy\" decoding=\"async\" class=\"alignleft wp-image-8558\" src=\"https:\/\/contrastes.com.co\/digital\/wp-content\/uploads\/2022\/03\/n-capitular.png\" alt=\"n capitular\" width=\"60\" height=\"60\" srcset=\"https:\/\/contrastes.com.co\/digital\/wp-content\/uploads\/2022\/03\/n-capitular.png 150w, https:\/\/contrastes.com.co\/digital\/wp-content\/uploads\/2022\/03\/n-capitular-60x60.png 60w\" sizes=\"auto, (max-width: 60px) 100vw, 60px\" \/>uevamente se cierne sobre un alcalde de Soledad la amenaza de un \u201cproceso de revocatoria\u201d encaminado a deponerlo de su cargo, mediante este mecanismo de participaci\u00f3n ciudadana para derogar los mandatos de alcaldes y gobernadores fundamentado en los art\u00edculos 40, 103 y 259 de la Constituci\u00f3n Pol\u00edtica del 91 y reglamentado en la Ley 131 y 134 de 1994. Desde que esta instancia existe, cada gobernante ha tenido siempre esa amenaza sobre s\u00ed, pero en toda Colombia solo ha surtido efecto en un par de ocasiones bastante particulares, por cierto.<\/p>\n<h3><strong>Un recurso ciudadano y un derecho pol\u00edtico<\/strong><\/h3>\n<p><strong>\u00a0<\/strong>Debemos tener claro que este recurso se basa en la exigencia del cumplimiento del Plan de Gobierno o Plan de Desarrollo inscrito por el candidato, siempre y cuando este no lo haya efectuado. No es un tema de desavenencias pol\u00edticas o ideol\u00f3gicas, se trata de si est\u00e1 cumpliendo o no con los compromisos contra\u00eddos con el ente territorial dentro del programa de gobierno por el cual los electores votaron. Sin embargo, este procedimiento se ha convertido en una iniciativa que suelen esgrimir l\u00edderes o grupos pol\u00edticos que no resultaron vencedores en las urnas, durante las elecciones municipales de la v\u00edspera.<\/p>\n<h3><strong>Que se necesita para revocar<\/strong><\/h3>\n<p>Para adelantar un proceso de revocatoria se requieren ciertas circunstancias que parecen no estar dadas en el municipio de Soledad por varias razones, la principal de ellas son los factores pol\u00edticos y econ\u00f3micos, ya que el comit\u00e9 promotor de la revocatoria deber\u00e1 contar con un enorme capital pol\u00edtico y bastos recursos financieros para adelantarlo, al no estar claras las fuentes de financiamiento tampoco lo est\u00e1n las verdaderas razones que empujan esta iniciativa.<\/p>\n<p>Se viene especulando mucho con relaci\u00f3n a este proceso y algunos consideran que el mismo es tan f\u00e1cil como inscribir un comit\u00e9 de revocatoria ante el Consejo Nacional Electoral, realizar una audiencia p\u00fablica y listo. Pero observemos c\u00f3mo es en realidad esta din\u00e1mica, en primer lugar, se debe recoger un n\u00famero de firmas superior al 30% de los votos obtenidos por la alcaldesa, que en este caso representan 27 mil firmas, ya que la actual mandataria, Alcira Sandoval Ib\u00e1\u00f1ez, obtuvo un total de 84.357 votos. Una vez logrado esto y \u201csi finalmente se accede a la realizaci\u00f3n de una especie de consulta popular\u201d, m\u00e1s del 40% de los ciudadanos que votaron en octubre del 2023, un poco m\u00e1s de 190 mil electores, deber\u00e1 acudir nuevamente a las urnas para cumplir con el umbral que exige la norma, es decir m\u00e1s de 80 mil sufragantes que deber\u00e1n votar en su mayor\u00eda absoluta por revocarle el mandato a la burgomaestre. Eso, al menos en Soledad, es mucha gente para una elecci\u00f3n de esta naturaleza y no se observa un verdadero movimiento ciudadano, con cierta efervescencia popular, que respalde a priori esa acci\u00f3n.<\/p>\n<blockquote><p><strong><img loading=\"lazy\" decoding=\"async\" class=\" wp-image-5834 alignleft\" src=\"https:\/\/contrastes.com.co\/digital\/wp-content\/uploads\/2021\/05\/comillas.png\" alt=\"comillas\" width=\"102\" height=\"102\" srcset=\"https:\/\/contrastes.com.co\/digital\/wp-content\/uploads\/2021\/05\/comillas.png 150w, https:\/\/contrastes.com.co\/digital\/wp-content\/uploads\/2021\/05\/comillas-60x60.png 60w\" sizes=\"auto, (max-width: 102px) 100vw, 102px\" \/><\/strong><\/p>\n<p><strong>Por cierto, un dato no menor es que en Colombia, de 143 procesos de revocatoria de mandato adelantados hasta el a\u00f1o 2022 solo 3 lograron llegar a la etapa de votaci\u00f3n<\/strong><\/p><\/blockquote>\n<p>&nbsp;<\/p>\n<figure id=\"attachment_15742\" aria-describedby=\"caption-attachment-15742\" style=\"width: 1326px\" class=\"wp-caption aligncenter\"><img loading=\"lazy\" decoding=\"async\" class=\"wp-image-15742 size-full\" src=\"https:\/\/contrastes.com.co\/digital\/wp-content\/uploads\/2025\/01\/solo-3.jpg\" alt=\"Hasta el 2022 solo 3 de 143 procesos de revocatoria en Colombia llegaron a votarse\" width=\"1326\" height=\"277\" srcset=\"https:\/\/contrastes.com.co\/digital\/wp-content\/uploads\/2025\/01\/solo-3.jpg 1326w, https:\/\/contrastes.com.co\/digital\/wp-content\/uploads\/2025\/01\/solo-3-300x63.jpg 300w, https:\/\/contrastes.com.co\/digital\/wp-content\/uploads\/2025\/01\/solo-3-1024x214.jpg 1024w, https:\/\/contrastes.com.co\/digital\/wp-content\/uploads\/2025\/01\/solo-3-768x160.jpg 768w\" sizes=\"auto, (max-width: 1326px) 100vw, 1326px\" \/><figcaption id=\"caption-attachment-15742\" class=\"wp-caption-text\">Hasta el 2022 solo 3 de 143 procesos de revocatoria en Colombia llegaron a votarse<\/figcaption><\/figure>\n<p>&nbsp;<\/p>\n<h3><strong>Las 2 revocatorias exitosas en Colombia en m\u00e1s de 20 a\u00f1os<\/strong><\/h3>\n<p><strong>\u00a0<\/strong>Esto de las \u201crevocatorias\u201d se ha convertido en un recurso constante en Soledad, muy a pesar de las remotas posibilidades de \u00e9xito que las mismas tienen. De hecho, en Colombia solo dos procesos de revocatoria han tenido \u00e9xito en los m\u00e1s de 20 a\u00f1os que tiene la adopci\u00f3n de este recurso; la primera fue en el a\u00f1o 2018 en el municipio de Tasco, una localidad de apenas 2.530 habitantes en el departamento de Boyac\u00e1; mientras que el segundo proceso que culmin\u00f3 revocando al alcalde electo fue en el a\u00f1o 2022 y ocurri\u00f3 en Susa &#8211; Cundinamarca, poco despu\u00e9s de la pandemia.<\/p>\n<p>Lo curioso es que el municipio de Susa, conformado apenas por 6.079 almas, casi veinte a\u00f1os antes de producirse la revocator\u00eda, ya hab\u00eda adquirido fama a nivel nacional tras las elecciones a la alcald\u00eda del 26 de octubre de 2003, en donde por primera vez en el pa\u00eds el voto en blanco derrotaba a los tres candidatos para el cargo. Vaya l\u00edo pol\u00edtico el que enfrenta ese ente territorial.<\/p>\n<p>En todo caso, estos son dos antecedentes muy particulares que, adem\u00e1s de \u00fanicos, no guardan similitud alguna con Soledad; primordialmente por el n\u00famero de habitantes y por tanto de electores. Recordemos que Soledad es la tercera ciudad m\u00e1s poblada de la regi\u00f3n caribe y la s\u00e9ptima con m\u00e1s habitantes en toda Colombia. Lo cierto es que hay razones v\u00e1lidas para ser esc\u00e9pticos ya que, en cada oportunidad que se abre la ventanilla de los procesos de revocatoria en Colombia son decenas las iniciativas de ese orden que se conforman en todo el pa\u00eds con los mismos resultados: \u201cmuy poco o ning\u00fan \u00e9xito\u201d.<\/p>\n<h3><strong>Qui\u00e9nes promueven la revocatoria en Soledad<\/strong><\/h3>\n<p>Quienes en esta oportunidad est\u00e1n promoviendo la revocatoria en Soledad obviamente deben tener claro que las probabilidades de prosperar que tiene esa aspiraci\u00f3n son extraordinariamente improbables. La misma diversidad pol\u00edtica que tiene el municipio, las disimilitudes entre liderazgos y las caracter\u00edsticas psicosociales de la ciudad lo hacen casi imposible; sin tomar en cuenta dos factores cruciales: el aspecto financiero y el caudal pol\u00edtico.<\/p>\n<p>El costo econ\u00f3mico que tendr\u00eda llevar a las urnas a casi 100 mil electores ser\u00eda extremadamente alto, mientras que el capital pol\u00edtico, representado en quienes conforman el comit\u00e9 promotor de ese proceso, gravita sobre un liderazgo poco atractivo. El mismo est\u00e1 integrado principalmente por comprobados enemigos pol\u00edticos del gobierno de turno y carece -a todas luces- de profundidad popular.<\/p>\n<p>Est\u00e1 claro que, a pesar de notarse cierta inconformidad en la poblaci\u00f3n, producto de los mismos fen\u00f3menos sociales, econ\u00f3micos y de inseguridad, que aquejan a todo el pa\u00eds; este no es un movimiento que emerja de las bases ciudadanas, no se vislumbra un fen\u00f3meno electoral. Se trata de un pu\u00f1ado de l\u00edderes pol\u00edticos acompa\u00f1ados del enorme ruido que originan desde las redes sociales y propiciado por lo que se viene denominando \u201cbodegas\u201d, un mont\u00f3n de cuentas en redes sociales -org\u00e1nicas e inorg\u00e1nicas- acompa\u00f1adas de medios de comunicaci\u00f3n subjetivos, no siempre comprometidos con la verdad, que promueven, con desquiciante obstinaci\u00f3n, una idea que no pasa de ser un tema, hasta ahora, meramente \u201cpropagand\u00edstico\u201d.<\/p>\n<p>&nbsp;<\/p>\n<figure id=\"attachment_15743\" aria-describedby=\"caption-attachment-15743\" style=\"width: 1200px\" class=\"wp-caption aligncenter\"><img loading=\"lazy\" decoding=\"async\" class=\"wp-image-15743 size-full\" src=\"https:\/\/contrastes.com.co\/digital\/wp-content\/uploads\/2025\/01\/lenguaje.jpg\" alt=\"lenguaje\" width=\"1200\" height=\"376\" srcset=\"https:\/\/contrastes.com.co\/digital\/wp-content\/uploads\/2025\/01\/lenguaje.jpg 1200w, https:\/\/contrastes.com.co\/digital\/wp-content\/uploads\/2025\/01\/lenguaje-300x94.jpg 300w, https:\/\/contrastes.com.co\/digital\/wp-content\/uploads\/2025\/01\/lenguaje-1024x321.jpg 1024w, https:\/\/contrastes.com.co\/digital\/wp-content\/uploads\/2025\/01\/lenguaje-768x241.jpg 768w\" sizes=\"auto, (max-width: 1200px) 100vw, 1200px\" \/><figcaption id=\"caption-attachment-15743\" class=\"wp-caption-text\">\u00abEl lenguaje confrontacional de la revocatoria puede terminar creando un cisma entre alcald\u00eda y grupos ciudadanos, que inevitablemente frenar\u00e1 muchas de las iniciativas de ciudad que el mismo alcalde impulsa y lidera\u00bb.: Santiago Ortega<\/figcaption><\/figure>\n<h3><\/h3>\n<h3><strong>La revocatoria no es como la pintan<\/strong><\/h3>\n<p>Lo triste es que, en Soledad como en muchas otras localidades de la naci\u00f3n, un mecanismo que deber\u00eda responder a las bondades que brinda un estado de derecho, como lo es un \u201cproceso de revocatoria\u201d, se ha convertido en una especie de caja de esc\u00e1ndalos como si se tratase de un estado de opini\u00f3n, en donde se tiende a creer que quien m\u00e1s grite tiene la raz\u00f3n, lo que ri\u00f1e con el esp\u00edritu de la democracia en Colombia.<\/p>\n<p>Existe, adem\u00e1s, un entramado pol\u00edtico alrededor de este proceso de revocatoria que comprende grandes intereses de partidos pol\u00edticos tradicionales apuntando a las pr\u00f3ximas elecciones legislativas. <strong>Pero de eso hablaremos ma\u00f1ana.<\/strong><\/p>\n","protected":false},"excerpt":{"rendered":"<p>OPINI\u00d3N: La revocatoria no es como la pintan Esto de las \u201crevocatorias\u201d se ha convertido en un recurso constante en Soledad, muy a pesar de las remotas posibilidades de \u00e9xito que las mismas tienen. De hecho, en Colombia solo dos procesos de revocatoria han tenido \u00e9xito; la primera fue en el a\u00f1o 2018 en el [&hellip;]<\/p>\n","protected":false},"author":1,"featured_media":15741,"comment_status":"open","ping_status":"open","sticky":false,"template":"","format":"standard","meta":{"footnotes":""},"categories":[85,2,235,4,5,6],"tags":[9323,8728,38,10335,10334],"class_list":["post-15740","post","type-post","status-publish","format-standard","has-post-thumbnail","hentry","category-analisis","category-locales","category-opinion","category-pais","category-politica","category-region","tag-alcira-sandoval-ibanez","tag-consejo-nacional-electoral","tag-municipio-de-soledad","tag-proceso-de-revocatoria","tag-revocatoria-de-mandato"],"_links":{"self":[{"href":"https:\/\/contrastes.com.co\/digital\/wp-json\/wp\/v2\/posts\/15740","targetHints":{"allow":["GET"]}}],"collection":[{"href":"https:\/\/contrastes.com.co\/digital\/wp-json\/wp\/v2\/posts"}],"about":[{"href":"https:\/\/contrastes.com.co\/digital\/wp-json\/wp\/v2\/types\/post"}],"author":[{"embeddable":true,"href":"https:\/\/contrastes.com.co\/digital\/wp-json\/wp\/v2\/users\/1"}],"replies":[{"embeddable":true,"href":"https:\/\/contrastes.com.co\/digital\/wp-json\/wp\/v2\/comments?post=15740"}],"version-history":[{"count":3,"href":"https:\/\/contrastes.com.co\/digital\/wp-json\/wp\/v2\/posts\/15740\/revisions"}],"predecessor-version":[{"id":15747,"href":"https:\/\/contrastes.com.co\/digital\/wp-json\/wp\/v2\/posts\/15740\/revisions\/15747"}],"wp:featuredmedia":[{"embeddable":true,"href":"https:\/\/contrastes.com.co\/digital\/wp-json\/wp\/v2\/media\/15741"}],"wp:attachment":[{"href":"https:\/\/contrastes.com.co\/digital\/wp-json\/wp\/v2\/media?parent=15740"}],"wp:term":[{"taxonomy":"category","embeddable":true,"href":"https:\/\/contrastes.com.co\/digital\/wp-json\/wp\/v2\/categories?post=15740"},{"taxonomy":"post_tag","embeddable":true,"href":"https:\/\/contrastes.com.co\/digital\/wp-json\/wp\/v2\/tags?post=15740"}],"curies":[{"name":"wp","href":"https:\/\/api.w.org\/{rel}","templated":true}]}}